{"id":149734,"date":"2026-08-31T10:27:40","date_gmt":"2026-08-31T15:27:40","guid":{"rendered":"https:\/\/elcuartopoder.com.mx\/nw\/?p=149734"},"modified":"2026-08-31T10:27:42","modified_gmt":"2026-08-31T15:27:42","slug":"el-garantismo","status":"publish","type":"post","link":"http:\/\/elcuartopoder.com.mx\/nw\/varios\/el-garantismo\/","title":{"rendered":"El garantismo"},"content":{"rendered":"\n<p class=\"wp-block-paragraph\">Luigi Ferrajoli es el creador de esta teor\u00eda y la formul\u00f3 a partir de sus estudios en el \u00e1mbito del derecho penal.<\/p>\n\n\n\n<p class=\"wp-block-paragraph\">El&nbsp;<strong>garantismo&nbsp;<\/strong>es una corriente doctrinaria que busca incidir en las pr\u00e1cticas relativas a la promoci\u00f3n y protecci\u00f3n de los derechos fundamentales de la persona.<\/p>\n\n\n\n<p class=\"wp-block-paragraph\"><strong>Luigi Ferrajoli<\/strong>&nbsp;es el creador de esta teor\u00eda y la formul\u00f3 a partir de sus estudios en el \u00e1mbito del derecho penal.<\/p>\n\n\n\n<p class=\"wp-block-paragraph\">En su libro Derecho y raz\u00f3n explica c\u00f3mo el&nbsp;<strong>Estado italiano<\/strong>, para hacer frente al crimen organizado, modific\u00f3 el orden jur\u00eddico y flexibiliz\u00f3 ciertas medidas para&nbsp;<strong>combatir el crimen<\/strong>&nbsp;en detrimento de los derechos humanos.<\/p>\n\n\n\n<p class=\"wp-block-paragraph\">Como resultado de estos ajustes normativos, el poder punitivo de Italia comenz\u00f3 a transgredir los derechos de las personas con el pretexto de perseguir a los integrantes de la delincuencia organizada.<\/p>\n\n\n\n<p class=\"wp-block-paragraph\">Ante esto, Ferrajoli esboza su teor\u00eda del garantismo penal para salvaguardar la dignidad de las personas.<\/p>\n\n\n\n<p class=\"wp-block-paragraph\">Posteriormente, el&nbsp;<strong>jurista Fiorentino&nbsp;<\/strong>extendi\u00f3 sus planteamientos a otras \u00e1reas del derecho.<\/p>\n\n\n\n<p class=\"wp-block-paragraph\">En su obra Derechos y garant\u00edas. La ley del m\u00e1s d\u00e9bil desarrolla de manera integral su teor\u00eda del&nbsp;<strong>garantismo<\/strong>.<\/p>\n\n\n\n<p class=\"wp-block-paragraph\">En primer lugar, destaca la importancia de que existan mecanismos o medios para hacer eficaces los derechos. No bastan las declaraciones de los derechos humanos para que estos se concreten en realidad. Es menester contar con instrumentos jurisdiccionales o no jurisdiccionales para hacerlos valer.<\/p>\n\n\n\n<p class=\"wp-block-paragraph\">Adem\u00e1s, los ejes centrales de su doctrina se centran en el cumplimiento de todos los derechos, para todas las personas, en cualquier lugar del mundo y frente a cualquier tipo de poder, sea p\u00fablico o privado.<\/p>\n\n\n\n<p class=\"wp-block-paragraph\">El garantismo pareciera una utop\u00eda; sin embargo, es una ideolog\u00eda que pone como aspecto fundamental a la dignidad humana.<\/p>\n\n\n\n<p class=\"wp-block-paragraph\">Por ejemplo, hay pa\u00edses como los Estados Unidos de Am\u00e9rica que han figurado en algunos momentos como un modelo de democracia; empero, mayormente no se ha vinculado a trav\u00e9s de los tratados internacionales en materia de derechos humanos y \u00faltimamente ha tenido cuestionadas intervenciones militares en ciertos pa\u00edses.<\/p>\n\n\n\n<p class=\"wp-block-paragraph\">En el caso de M\u00e9xico, el garantismo empez\u00f3 a conocerse a ra\u00edz de las alternancias partidistas en las distintas sedes de los distintos \u00f3rdenes de gobierno.<\/p>\n\n\n\n<p class=\"wp-block-paragraph\">A finales del siglo pasado, se difundieron esta y otras teor\u00edas que propiciaron tambi\u00e9n el pluralismo en el conocimiento jur\u00eddico.<\/p>\n\n\n\n<p class=\"wp-block-paragraph\">Fue tal su impacto que en los espacios del poder p\u00fablico se comenz\u00f3 a debatir sobre la pertinencia del cambio de modelo constitucional en materia de derechos humanos.<\/p>\n\n\n\n<p class=\"wp-block-paragraph\">Y, finalmente, en junio de 2011 se hizo una gran reforma jur\u00eddica para establecer el sistema constitucional de los derechos humanos.<\/p>\n\n\n\n<p class=\"wp-block-paragraph\">Dentro de las ideas que se incluyeron, fue reconocer, como parte del orden jur\u00eddico mexicano, los tratados internacionales celebrados por el Estado nacional, el principio pro persona, la obligaci\u00f3n de todas las autoridades de promover, respetar, proteger y garantizar los derechos humanos, entre otras trascendentes previsiones.<\/p>\n\n\n\n<p class=\"wp-block-paragraph\">A poco m\u00e1s de 15 a\u00f1os de la entrada en vigor de esta importante reforma, el nuevo paradigma avanza; se ha creado una nueva cultura por la dignidad personal, pero todav\u00eda es mucho lo que falta por hacer.<\/p>\n\n\n\n<p class=\"wp-block-paragraph\">POR ARMANDO ALFONZO JIM\u00c9NEZ \/ HERALDO DE MEXICO<\/p>\n","protected":false},"excerpt":{"rendered":"<p>Luigi Ferrajoli es el creador de esta teor\u00eda y la formul\u00f3 a partir de sus estudios en el \u00e1mbito del derecho penal. El&nbsp;garantismo&nbsp;es una corriente doctrinaria que busca incidir en las pr\u00e1cticas relativas a la promoci\u00f3n y protecci\u00f3n de los derechos fundamentales de la persona. Luigi Ferrajoli&nbsp;es el creador de esta teor\u00eda y la formul\u00f3 [&hellip;]<\/p>\n","protected":false},"author":2,"featured_media":149735,"comment_status":"open","ping_status":"open","sticky":false,"template":"","format":"standard","meta":{"footnotes":""},"categories":[64],"tags":[],"class_list":["post-149734","post","type-post","status-publish","format-standard","has-post-thumbnail","hentry","category-varios"],"_links":{"self":[{"href":"http:\/\/elcuartopoder.com.mx\/nw\/wp-json\/wp\/v2\/posts\/149734","targetHints":{"allow":["GET"]}}],"collection":[{"href":"http:\/\/elcuartopoder.com.mx\/nw\/wp-json\/wp\/v2\/posts"}],"about":[{"href":"http:\/\/elcuartopoder.com.mx\/nw\/wp-json\/wp\/v2\/types\/post"}],"author":[{"embeddable":true,"href":"http:\/\/elcuartopoder.com.mx\/nw\/wp-json\/wp\/v2\/users\/2"}],"replies":[{"embeddable":true,"href":"http:\/\/elcuartopoder.com.mx\/nw\/wp-json\/wp\/v2\/comments?post=149734"}],"version-history":[{"count":1,"href":"http:\/\/elcuartopoder.com.mx\/nw\/wp-json\/wp\/v2\/posts\/149734\/revisions"}],"predecessor-version":[{"id":149736,"href":"http:\/\/elcuartopoder.com.mx\/nw\/wp-json\/wp\/v2\/posts\/149734\/revisions\/149736"}],"wp:featuredmedia":[{"embeddable":true,"href":"http:\/\/elcuartopoder.com.mx\/nw\/wp-json\/wp\/v2\/media\/149735"}],"wp:attachment":[{"href":"http:\/\/elcuartopoder.com.mx\/nw\/wp-json\/wp\/v2\/media?parent=149734"}],"wp:term":[{"taxonomy":"category","embeddable":true,"href":"http:\/\/elcuartopoder.com.mx\/nw\/wp-json\/wp\/v2\/categories?post=149734"},{"taxonomy":"post_tag","embeddable":true,"href":"http:\/\/elcuartopoder.com.mx\/nw\/wp-json\/wp\/v2\/tags?post=149734"}],"curies":[{"name":"wp","href":"https:\/\/api.w.org\/{rel}","templated":true}]}}