{"id":149737,"date":"2026-08-31T10:33:48","date_gmt":"2026-08-31T15:33:48","guid":{"rendered":"https:\/\/elcuartopoder.com.mx\/nw\/?p=149737"},"modified":"2026-08-31T10:33:50","modified_gmt":"2026-08-31T15:33:50","slug":"javier-bardem-57-anos-desde-hace-anos-hago-pesas-y-me-encanta-ya-no-soy-tan-joven-y-necesito-desarrollar-musculo-para-tener-una-vejez-mas-saludable","status":"publish","type":"post","link":"http:\/\/elcuartopoder.com.mx\/nw\/entretenimiento\/espectaculos\/javier-bardem-57-anos-desde-hace-anos-hago-pesas-y-me-encanta-ya-no-soy-tan-joven-y-necesito-desarrollar-musculo-para-tener-una-vejez-mas-saludable\/","title":{"rendered":"Javier Bardem, 57 a\u00f1os: \u00abDesde hace a\u00f1os hago pesas y me encanta. Ya no soy tan joven y necesito desarrollar m\u00fasculo para tener una vejez m\u00e1s saludable\u00bb"},"content":{"rendered":"\n<p class=\"wp-block-paragraph\">El actor espa\u00f1ol considera muy importante ese entrenamiento de fuerza y reconoce que disfruta haci\u00e9ndolo.<\/p>\n\n\n\n<p class=\"wp-block-paragraph\">Javier Bardem\u00a0<strong>est\u00e1 de regreso esta semana al cine espa\u00f1ol<\/strong>\u00a0con\u00a0&#8216;El ser querido&#8217;, el nuevo drama de Rodrigo Sorogoyen que se estren\u00f3 en la gran pantalla en nuestro pa\u00eds el pasado mi\u00e9rcoles 26 de agosto.<\/p>\n\n\n\n<p class=\"wp-block-paragraph\">A sus 57 a\u00f1os, la pel\u00edcula que protagoniza el actor canario junto a Victoria Luengo es uno de los platos fuertes de la cartelera en este final del mes de agosto, lo que demuestra que Bardem contin\u00faa con una intensa actividad profesional.<\/p>\n\n\n\n<p class=\"wp-block-paragraph\">Pero siempre se necesita un respiro. Y aunque a veces no se pueda por una agenda muy cargada, en la medida de lo posible\u00a0<strong>conviene sacar tiempo para dedicarlo a uno mismo<\/strong>\u00a0y a actividades que ayuden a una mejor longevidad.<\/p>\n\n\n\n<p class=\"wp-block-paragraph\">El actor es conocedor de la tendencia de los \u00faltimos a\u00f1os a cuidar nuestra salud y el entrenamiento de fuerza es fundamental para ello, como ha reconocido en una entrevista a &#8216;Men&#8217;s Health US&#8217;.<\/p>\n\n\n\n<h3 class=\"wp-block-heading\">La importancia del deporte para Bardem<\/h3>\n\n\n\n<p class=\"wp-block-paragraph\">Javier Bardem ha estado&nbsp;<strong>muy ligado al deporte durante toda su vida<\/strong>. El actor sali\u00f3 varias veces en la pantalla este verano, ya que fue un ferviente seguidor de la selecci\u00f3n espa\u00f1ola en el Mundial de f\u00fatbol. Incluso, pis\u00f3 el terreno de juego al final del partido para posar con Borja Iglesias.<\/p>\n\n\n\n<p class=\"wp-block-paragraph\">No obstante, Bardem&nbsp;<strong>siempre ha sido m\u00e1s de rugby<\/strong>&nbsp;que de f\u00fatbol. Practic\u00f3 el deporte del oval desde su infancia hasta ya alcanzada la mayor\u00eda de edad. Ahora &#8216;mata el gusanillo&#8217; con el entrenamiento de fuerza.<\/p>\n\n\n\n<p class=\"wp-block-paragraph\">\u00abDesde hace dos a\u00f1os hago algo de pesas y me encanta.&nbsp;<strong>Ya no soy ning\u00fan chaval<\/strong>. Tenemos que ganar m\u00fasculo para tener una vejez m\u00e1s saludable, como dicen los expertos\u00bb, afirma a &#8216;Men&#8217;s Health US&#8217;.<\/p>\n\n\n\n<p class=\"wp-block-paragraph\">\u00abMe parece muy motivador y tambi\u00e9n divertido\u00bb<\/p>\n\n\n\n<p class=\"wp-block-paragraph\">Adem\u00e1s, reconoce Bardem, \u00ablo disfruto\u00bb. \u00abMe parece muy motivador y tambi\u00e9n divertido. De hecho, lo disfruto. Me gusta hacerlo\u00bb.<\/p>\n\n\n\n<p class=\"wp-block-paragraph\">Fuente: ABC<\/p>\n","protected":false},"excerpt":{"rendered":"<p>El actor espa\u00f1ol considera muy importante ese entrenamiento de fuerza y reconoce que disfruta haci\u00e9ndolo. Javier Bardem\u00a0est\u00e1 de regreso esta semana al cine espa\u00f1ol\u00a0con\u00a0&#8216;El ser querido&#8217;, el nuevo drama de Rodrigo Sorogoyen que se estren\u00f3 en la gran pantalla en nuestro pa\u00eds el pasado mi\u00e9rcoles 26 de agosto. A sus 57 a\u00f1os, la pel\u00edcula que [&hellip;]<\/p>\n","protected":false},"author":2,"featured_media":149738,"comment_status":"open","ping_status":"open","sticky":false,"template":"","format":"standard","meta":{"footnotes":""},"categories":[11],"tags":[],"class_list":["post-149737","post","type-post","status-publish","format-standard","has-post-thumbnail","hentry","category-espectaculos"],"_links":{"self":[{"href":"http:\/\/elcuartopoder.com.mx\/nw\/wp-json\/wp\/v2\/posts\/149737","targetHints":{"allow":["GET"]}}],"collection":[{"href":"http:\/\/elcuartopoder.com.mx\/nw\/wp-json\/wp\/v2\/posts"}],"about":[{"href":"http:\/\/elcuartopoder.com.mx\/nw\/wp-json\/wp\/v2\/types\/post"}],"author":[{"embeddable":true,"href":"http:\/\/elcuartopoder.com.mx\/nw\/wp-json\/wp\/v2\/users\/2"}],"replies":[{"embeddable":true,"href":"http:\/\/elcuartopoder.com.mx\/nw\/wp-json\/wp\/v2\/comments?post=149737"}],"version-history":[{"count":1,"href":"http:\/\/elcuartopoder.com.mx\/nw\/wp-json\/wp\/v2\/posts\/149737\/revisions"}],"predecessor-version":[{"id":149739,"href":"http:\/\/elcuartopoder.com.mx\/nw\/wp-json\/wp\/v2\/posts\/149737\/revisions\/149739"}],"wp:featuredmedia":[{"embeddable":true,"href":"http:\/\/elcuartopoder.com.mx\/nw\/wp-json\/wp\/v2\/media\/149738"}],"wp:attachment":[{"href":"http:\/\/elcuartopoder.com.mx\/nw\/wp-json\/wp\/v2\/media?parent=149737"}],"wp:term":[{"taxonomy":"category","embeddable":true,"href":"http:\/\/elcuartopoder.com.mx\/nw\/wp-json\/wp\/v2\/categories?post=149737"},{"taxonomy":"post_tag","embeddable":true,"href":"http:\/\/elcuartopoder.com.mx\/nw\/wp-json\/wp\/v2\/tags?post=149737"}],"curies":[{"name":"wp","href":"https:\/\/api.w.org\/{rel}","templated":true}]}}