{"id":149753,"date":"2026-09-01T06:48:50","date_gmt":"2026-09-01T11:48:50","guid":{"rendered":"https:\/\/elcuartopoder.com.mx\/nw\/?p=149753"},"modified":"2026-09-01T06:48:51","modified_gmt":"2026-09-01T11:48:51","slug":"islandia-dice-no-a-reabrir-las-negociaciones-para-entrar-en-la-union-europea","status":"publish","type":"post","link":"http:\/\/elcuartopoder.com.mx\/nw\/economia\/islandia-dice-no-a-reabrir-las-negociaciones-para-entrar-en-la-union-europea\/","title":{"rendered":"Islandia dice \u00abno\u00bb a reabrir las negociaciones para entrar en la Uni\u00f3n Europea"},"content":{"rendered":"\n<p class=\"wp-block-paragraph\">Los islandeses han rechazado retomar las conversaciones de adhesi\u00f3n con Bruselas por un 52,8% frente al 47,2%. La consulta no decid\u00eda la entrada inmediata del pa\u00eds en la UE, sino si deb\u00eda volver a negociar las condiciones de una posible adhesi\u00f3n<\/p>\n\n\n\n<p class=\"wp-block-paragraph\">Islandia ha decidido&nbsp;<strong>no reabrir por ahora las negociaciones para incorporarse a la Uni\u00f3n Europea<\/strong>. El \u201cno\u201d se impuso en el refer\u00e9ndum celebrado este s\u00e1bado 29 de agosto con aproximadamente un&nbsp;<strong>52,8% de los votos frente al 47,2% obtenido por el \u201cs\u00ed\u201d<\/strong>, seg\u00fan el resultado del escrutinio.<\/p>\n\n\n\n<p class=\"wp-block-paragraph\">La votaci\u00f3n ha vuelto a mostrar hasta qu\u00e9 punto la relaci\u00f3n con la UE contin\u00faa dividiendo al pa\u00eds. El margen entre ambas opciones fue relativamente estrecho y el apoyo a retomar las conversaciones fue considerablemente mayor en Reikiavik que en buena parte de las zonas rurales.&nbsp;La&nbsp;<a href=\"https:\/\/www.thjodaratkvaedi.is\/\">consulta<\/a>, sin embargo,&nbsp;<strong>no preguntaba a los islandeses si quer\u00edan entrar directamente en la Uni\u00f3n Europea<\/strong>. Lo que estaba en juego era si Islandia deb\u00eda reanudar unas negociaciones de adhesi\u00f3n que llevan m\u00e1s de una d\u00e9cada paralizadas.<\/p>\n\n\n\n<h2 class=\"wp-block-heading\">\u00bfQu\u00e9 votaba exactamente Islandia?<\/h2>\n\n\n\n<p class=\"wp-block-paragraph\">La pregunta planteada a los ciudadanos era si el pa\u00eds deb\u00eda&nbsp;<strong>reanudar las negociaciones de adhesi\u00f3n con la Uni\u00f3n Europea<\/strong>.&nbsp;Una victoria del \u201cs\u00ed\u201d, por tanto, no habr\u00eda convertido autom\u00e1ticamente a Islandia en un nuevo Estado miembro. Habr\u00eda permitido volver a sentarse con Bruselas para negociar las condiciones de una eventual incorporaci\u00f3n.<\/p>\n\n\n\n<p class=\"wp-block-paragraph\">Solo despu\u00e9s de conocer esas condiciones habr\u00eda podido abrirse una nueva fase pol\u00edtica sobre la conveniencia o no de completar la adhesi\u00f3n.&nbsp;Adem\u00e1s, el refer\u00e9ndum celebrado este s\u00e1bado ten\u00eda&nbsp;<strong>car\u00e1cter consultivo desde el punto de vista jur\u00eddico<\/strong>. Aun as\u00ed, la primera ministra islandesa,&nbsp;<strong>Kristr\u00fan Frostad\u00f3ttir<\/strong>, hab\u00eda manifestado antes de la consulta su intenci\u00f3n de respetar el resultado de las urnas.<\/p>\n\n\n\n<p class=\"wp-block-paragraph\">La victoria del \u201cno\u201d supone as\u00ed un importante freno pol\u00edtico para cualquier intento de reactivar a corto plazo las conversaciones con la Uni\u00f3n Europea.<\/p>\n\n\n\n<h2 class=\"wp-block-heading\">La pesca y la soberan\u00eda vuelven al centro del debate<\/h2>\n\n\n\n<p class=\"wp-block-paragraph\">La pertenencia a la Uni\u00f3n Europea lleva a\u00f1os generando un intenso debate en Islandia, especialmente por cuestiones relacionadas con&nbsp;<strong>la pesca y el control de los recursos naturales<\/strong>.<\/p>\n\n\n\n<p class=\"wp-block-paragraph\">El sector pesquero tiene un peso econ\u00f3mico y pol\u00edtico especialmente importante en el pa\u00eds. Entre los argumentos de quienes se oponen a la adhesi\u00f3n figura el temor a perder capacidad de decisi\u00f3n sobre los caladeros y tener que adaptar la gesti\u00f3n pesquera islandesa a las reglas comunitarias.&nbsp;Los defensores del \u201cno\u201d tambi\u00e9n han incidido durante la campa\u00f1a en la&nbsp;<strong>soberan\u00eda nacional<\/strong>&nbsp;y en la posibilidad de mantener la actual relaci\u00f3n con Europa sin necesidad de convertirse en miembro de pleno derecho de la Uni\u00f3n.<\/p>\n\n\n\n<p class=\"wp-block-paragraph\">Islandia forma parte del&nbsp;<strong>Espacio Econ\u00f3mico Europeo (EEE)<\/strong>&nbsp;junto con Noruega y Liechtenstein, lo que le permite participar en gran parte del mercado interior europeo.&nbsp;El pa\u00eds tambi\u00e9n pertenece al&nbsp;<strong>espacio Schengen<\/strong>, de manera que mantiene ya una estrecha integraci\u00f3n econ\u00f3mica y pol\u00edtica con los pa\u00edses comunitarios pese a permanecer fuera de la UE.<\/p>\n\n\n\n<h2 class=\"wp-block-heading\">Los partidarios del \u201cs\u00ed\u201d quer\u00edan conocer las condiciones de Bruselas<\/h2>\n\n\n\n<p class=\"wp-block-paragraph\">Los defensores de reabrir las negociaciones sosten\u00edan que sentarse de nuevo con la Uni\u00f3n Europea no implicaba aceptar necesariamente la adhesi\u00f3n.&nbsp;Su principal argumento era que Islandia deb\u00eda conocer&nbsp;<strong>qu\u00e9 condiciones podr\u00eda obtener de Bruselas<\/strong>&nbsp;antes de decidir definitivamente si le conviene o no convertirse en miembro.<\/p>\n\n\n\n<p class=\"wp-block-paragraph\">Tambi\u00e9n defend\u00edan una integraci\u00f3n m\u00e1s estrecha con Europa y consideraban que las conversaciones permitir\u00edan discutir asuntos econ\u00f3micos, comerciales y pol\u00edticos que afectan directamente al futuro del pa\u00eds.&nbsp;La cuesti\u00f3n europea hab\u00eda regresado al primer plano despu\u00e9s de que el Gobierno de coalici\u00f3n formado a finales de 2024 se comprometiera a celebrar un refer\u00e9ndum sobre la reapertura de las conversaciones&nbsp;<strong>antes de que terminara 2027<\/strong>.<\/p>\n\n\n\n<h2 class=\"wp-block-heading\">Islandia solicit\u00f3 entrar en la UE en 2009<\/h2>\n\n\n\n<p class=\"wp-block-paragraph\">El debate sobre la adhesi\u00f3n no es nuevo. Islandia present\u00f3 formalmente su&nbsp;<strong>solicitud para ingresar en la Uni\u00f3n Europea en julio de 2009<\/strong>, despu\u00e9s de que la crisis financiera internacional golpeara con especial dureza al pa\u00eds.<\/p>\n\n\n\n<p class=\"wp-block-paragraph\">Las negociaciones de adhesi\u00f3n comenzaron en 2010 y avanzaron durante los a\u00f1os siguientes. Islandia lleg\u00f3 a abrir&nbsp;<strong>27 cap\u00edtulos negociadores y cerrar provisionalmente 11<\/strong>, aunque algunas de las \u00e1reas m\u00e1s sensibles, entre ellas las relacionadas con la pesca y la agricultura, quedaron pendientes.&nbsp;El proceso qued\u00f3 paralizado tras las elecciones de 2013 y el posterior cambio de Gobierno.<\/p>\n\n\n\n<p class=\"wp-block-paragraph\">En 2015, el Ejecutivo island\u00e9s comunic\u00f3 a las instituciones europeas que&nbsp;<strong>Islandia no deb\u00eda seguir siendo considerada un pa\u00eds candidato en proceso activo de adhesi\u00f3n<\/strong>.&nbsp;Existe, sin embargo, un matiz jur\u00eddico relevante:&nbsp;<strong>la solicitud presentada en 2009 nunca fue retirada formalmente<\/strong>. Las autoridades islandesas han reconocido que aquella petici\u00f3n contin\u00faa teniendo validez jur\u00eddica, aunque las negociaciones permanezcan suspendidas.<\/p>\n\n\n\n<h2 class=\"wp-block-heading\">Reikiavik vota diferente al resto del pa\u00eds<\/h2>\n\n\n\n<p class=\"wp-block-paragraph\">El resultado del refer\u00e9ndum ha dejado tambi\u00e9n una clara diferencia territorial.&nbsp;El apoyo a reabrir las negociaciones fue especialmente elevado en&nbsp;<strong>Reikiavik<\/strong>. En la circunscripci\u00f3n norte de la capital, el \u201cs\u00ed\u201d obtuvo alrededor del 57,5%, mientras que en Reikiavik Sur alcanz\u00f3 aproximadamente el 54,5%.<\/p>\n\n\n\n<p class=\"wp-block-paragraph\">Fuera de la capital, en cambio, el rechazo a volver a negociar con Bruselas fue mayor y termin\u00f3 inclinando el resultado nacional hacia el \u201cno\u201d.&nbsp;La diferencia refleja una divisi\u00f3n que ya se ha observado en anteriores debates sobre la integraci\u00f3n europea:&nbsp;<strong>las zonas urbanas tienden a mostrar una posici\u00f3n m\u00e1s favorable a la UE que buena parte del territorio rural<\/strong>.<\/p>\n\n\n\n<h2 class=\"wp-block-heading\">Islandia seguir\u00e1 fuera de la Uni\u00f3n Europea<\/h2>\n\n\n\n<p class=\"wp-block-paragraph\">El resultado del refer\u00e9ndum no supone jur\u00eddicamente la retirada de una solicitud de adhesi\u00f3n que, de hecho, contin\u00faa formalmente vigente. S\u00ed deja claro, sin embargo, que&nbsp;<strong>no existe ahora una mayor\u00eda social favorable a reabrir las negociaciones con Bruselas<\/strong>.<\/p>\n\n\n\n<p class=\"wp-block-paragraph\">Islandia seguir\u00e1 manteniendo su actual relaci\u00f3n con la Uni\u00f3n Europea mediante el Espacio Econ\u00f3mico Europeo, Schengen y otros acuerdos de cooperaci\u00f3n.&nbsp;M\u00e1s de una d\u00e9cada despu\u00e9s de que las negociaciones quedaran paralizadas, los islandeses han vuelto a pronunciarse sobre su futuro europeo. Y esta vez, por un margen estrecho pero suficiente,&nbsp;<strong>han decidido que el pa\u00eds no vuelva por ahora a la mesa de negociaci\u00f3n para entrar en la Uni\u00f3n Europea<\/strong>.<\/p>\n\n\n\n<p class=\"wp-block-paragraph\">Fuente: estrelladigital<\/p>\n","protected":false},"excerpt":{"rendered":"<p>Los islandeses han rechazado retomar las conversaciones de adhesi\u00f3n con Bruselas por un 52,8% frente al 47,2%. La consulta no decid\u00eda la entrada inmediata del pa\u00eds en la UE, sino si deb\u00eda volver a negociar las condiciones de una posible adhesi\u00f3n Islandia ha decidido&nbsp;no reabrir por ahora las negociaciones para incorporarse a la Uni\u00f3n Europea. [&hellip;]<\/p>\n","protected":false},"author":2,"featured_media":0,"comment_status":"open","ping_status":"open","sticky":false,"template":"","format":"standard","meta":{"footnotes":""},"categories":[1],"tags":[],"class_list":["post-149753","post","type-post","status-publish","format-standard","hentry","category-economia"],"_links":{"self":[{"href":"http:\/\/elcuartopoder.com.mx\/nw\/wp-json\/wp\/v2\/posts\/149753","targetHints":{"allow":["GET"]}}],"collection":[{"href":"http:\/\/elcuartopoder.com.mx\/nw\/wp-json\/wp\/v2\/posts"}],"about":[{"href":"http:\/\/elcuartopoder.com.mx\/nw\/wp-json\/wp\/v2\/types\/post"}],"author":[{"embeddable":true,"href":"http:\/\/elcuartopoder.com.mx\/nw\/wp-json\/wp\/v2\/users\/2"}],"replies":[{"embeddable":true,"href":"http:\/\/elcuartopoder.com.mx\/nw\/wp-json\/wp\/v2\/comments?post=149753"}],"version-history":[{"count":1,"href":"http:\/\/elcuartopoder.com.mx\/nw\/wp-json\/wp\/v2\/posts\/149753\/revisions"}],"predecessor-version":[{"id":149754,"href":"http:\/\/elcuartopoder.com.mx\/nw\/wp-json\/wp\/v2\/posts\/149753\/revisions\/149754"}],"wp:attachment":[{"href":"http:\/\/elcuartopoder.com.mx\/nw\/wp-json\/wp\/v2\/media?parent=149753"}],"wp:term":[{"taxonomy":"category","embeddable":true,"href":"http:\/\/elcuartopoder.com.mx\/nw\/wp-json\/wp\/v2\/categories?post=149753"},{"taxonomy":"post_tag","embeddable":true,"href":"http:\/\/elcuartopoder.com.mx\/nw\/wp-json\/wp\/v2\/tags?post=149753"}],"curies":[{"name":"wp","href":"https:\/\/api.w.org\/{rel}","templated":true}]}}