{"id":149759,"date":"2026-09-01T07:03:10","date_gmt":"2026-09-01T12:03:10","guid":{"rendered":"https:\/\/elcuartopoder.com.mx\/nw\/?p=149759"},"modified":"2026-09-01T08:35:28","modified_gmt":"2026-09-01T13:35:28","slug":"uff-que-chinga-la-de-anoche-y-con-este-calor","status":"publish","type":"post","link":"http:\/\/elcuartopoder.com.mx\/nw\/nacionales\/uff-que-chinga-la-de-anoche-y-con-este-calor\/","title":{"rendered":"Apag\u00f3n masivo en el sureste de M\u00e9xico: Yucat\u00e1n, Quintana Roo y Chiapas reportan falta de energ\u00eda el\u00e9ctrica."},"content":{"rendered":"\n<p class=\"wp-block-paragraph\">El caos del regreso a clases este lunes no solo se vio reflejado en el incremento de la carga vehicular en M\u00e9rida, sino tambi\u00e9n con los cortes de energ\u00eda el\u00e9ctrica que se extendi\u00f3 de la capital yucateca a vacios municipios de Yucat\u00e1n.<\/p>\n\n\n\n<p class=\"wp-block-paragraph\">Al caer la noche, las quejas en redes sociales por la falta de suministro el\u00e9ctrico fueron m\u00e1s evidentes, pues las lluvias de d\u00edas pasados han dejado una estela de moscos y bochorno, que los yucatecos no pueden combatir con sus ventiladores y aires acondicionados ante la falta de energ\u00eda el\u00e9ctrica.<\/p>\n\n\n\n<p class=\"wp-block-paragraph\">De acuerdo con una breve encuesta en redes sociales, algunos puntos de M\u00e9rida que reportan falta de energ\u00eda el\u00e9ctrica son: Juan Pablo, gran parte del fraccionamiento Francisco de Montejo, la colonia Maria Luisa, Jardines del Norte, Altabrisa, Santa Fe, entre otros.<\/p>\n\n\n\n<p class=\"wp-block-paragraph\">Usuarios reportan que tampoco hay energ\u00eda el\u00e9ctrica en Caucel, varios fraccionamientos de Tzucacab, Izamal y Progreso. Incluso hubo algunos internautas de Canc\u00fan que se sumaron a las quejas por la falta de luz.<\/p>\n\n\n\n<p class=\"wp-block-paragraph\">Apag\u00f3n en el Sureste de M\u00e9xico: CFE reporta<\/p>\n\n\n\n<p class=\"wp-block-paragraph\">Seg\u00fan se pudo constatar, el apag\u00f3n afect\u00f3 tambi\u00e9n varias zonas de Quintana Roo y Chiapas debido a la desconexi\u00f3n simult\u00e1nea de dos l\u00edneas de transmisi\u00f3n de la Comisi\u00f3n Federal de Electricidad (CFE).<\/p>\n\n\n\n<p class=\"wp-block-paragraph\">Seg\u00fan el reporte, el corte de energ\u00eda alcanz\u00f3 a la capital yucateca aproximadamente a las 7:21 de la noche y poco m\u00e1s de media hora despu\u00e9s de registrarse continuaba.<\/p>\n\n\n\n<p class=\"wp-block-paragraph\">Fuente: diario de yucatan<\/p>\n","protected":false},"excerpt":{"rendered":"<p>El caos del regreso a clases este lunes no solo se vio reflejado en el incremento de la carga vehicular en M\u00e9rida, sino tambi\u00e9n con los cortes de energ\u00eda el\u00e9ctrica que se extendi\u00f3 de la capital yucateca a vacios municipios de Yucat\u00e1n. Al caer la noche, las quejas en redes sociales por la falta de [&hellip;]<\/p>\n","protected":false},"author":2,"featured_media":149760,"comment_status":"open","ping_status":"open","sticky":false,"template":"","format":"standard","meta":{"footnotes":""},"categories":[55],"tags":[],"class_list":["post-149759","post","type-post","status-publish","format-standard","has-post-thumbnail","hentry","category-nacionales"],"_links":{"self":[{"href":"http:\/\/elcuartopoder.com.mx\/nw\/wp-json\/wp\/v2\/posts\/149759","targetHints":{"allow":["GET"]}}],"collection":[{"href":"http:\/\/elcuartopoder.com.mx\/nw\/wp-json\/wp\/v2\/posts"}],"about":[{"href":"http:\/\/elcuartopoder.com.mx\/nw\/wp-json\/wp\/v2\/types\/post"}],"author":[{"embeddable":true,"href":"http:\/\/elcuartopoder.com.mx\/nw\/wp-json\/wp\/v2\/users\/2"}],"replies":[{"embeddable":true,"href":"http:\/\/elcuartopoder.com.mx\/nw\/wp-json\/wp\/v2\/comments?post=149759"}],"version-history":[{"count":2,"href":"http:\/\/elcuartopoder.com.mx\/nw\/wp-json\/wp\/v2\/posts\/149759\/revisions"}],"predecessor-version":[{"id":149762,"href":"http:\/\/elcuartopoder.com.mx\/nw\/wp-json\/wp\/v2\/posts\/149759\/revisions\/149762"}],"wp:featuredmedia":[{"embeddable":true,"href":"http:\/\/elcuartopoder.com.mx\/nw\/wp-json\/wp\/v2\/media\/149760"}],"wp:attachment":[{"href":"http:\/\/elcuartopoder.com.mx\/nw\/wp-json\/wp\/v2\/media?parent=149759"}],"wp:term":[{"taxonomy":"category","embeddable":true,"href":"http:\/\/elcuartopoder.com.mx\/nw\/wp-json\/wp\/v2\/categories?post=149759"},{"taxonomy":"post_tag","embeddable":true,"href":"http:\/\/elcuartopoder.com.mx\/nw\/wp-json\/wp\/v2\/tags?post=149759"}],"curies":[{"name":"wp","href":"https:\/\/api.w.org\/{rel}","templated":true}]}}