{"id":149763,"date":"2026-09-01T10:24:45","date_gmt":"2026-09-01T15:24:45","guid":{"rendered":"https:\/\/elcuartopoder.com.mx\/nw\/?p=149763"},"modified":"2026-09-01T10:24:47","modified_gmt":"2026-09-01T15:24:47","slug":"se-descarrila-otra-vez-tren-maya-en-campeche","status":"publish","type":"post","link":"http:\/\/elcuartopoder.com.mx\/nw\/nacionales\/se-descarrila-otra-vez-tren-maya-en-campeche\/","title":{"rendered":"Se descarrila, otra vez, Tren Maya en Campeche"},"content":{"rendered":"\n<p class=\"wp-block-paragraph\">El\u00a0<strong>Tren Maya<\/strong>\u00a0registr\u00f3 este lunes otro percance, apenas 50 metros despu\u00e9s de salir de la estaci\u00f3n\u00a0<strong>San Francisco<\/strong>\u00a0de\u00a0<strong>Campeche<\/strong>, en un viaje con destino a\u00a0<strong>M\u00e9rida, Yucat\u00e1n<\/strong>. Ninguno de los 123 pasajeros result\u00f3 lesionado.<\/p>\n\n\n\n<p class=\"wp-block-paragraph\"><em>Campeche, Camp<\/em>. Sin personas lesionadas, un vag\u00f3n del Tren Maya sufri\u00f3 un percance la tarde de este lunes cerca de la estaci\u00f3n San Francisco de Campeche. Los pasajeros, que se dirig\u00edan a M\u00e9rida, Yucat\u00e1n, fueron trasladados en autobuses a la estaci\u00f3n de Tenabo para abordar otro ferrocarril y continuar su viaje.<\/p>\n\n\n\n<p class=\"wp-block-paragraph\">Desde su perfil de Facebook, la pasajera Dora Valenzuela difundi\u00f3 un video del incidente y expres\u00f3: \u201cGracias a Dios todos bien, solo el susto\u201d.<\/p>\n\n\n\n<p class=\"wp-block-paragraph\">Elementos de la Guardia Nacional acudieron a la zona para atender cualquier contingencia y brindar auxilio a posibles lesionados; sin embargo, no fue necesaria la atenci\u00f3n m\u00e9dica.<\/p>\n\n\n\n<p class=\"wp-block-paragraph\">De acuerdo con la informaci\u00f3n disponible, el tren parti\u00f3 de Tenosique, Tabasco, y, tras pasar por las estaciones de Candelaria y Esc\u00e1rcega, present\u00f3 una aver\u00eda mec\u00e1nica cuando se encontraba pr\u00f3ximo a ingresar a la estaci\u00f3n San Francisco de Campeche.<\/p>\n\n\n\n<p class=\"wp-block-paragraph\">La situaci\u00f3n moviliz\u00f3 a personal t\u00e9cnico y efectivos federales encargados de la seguridad del sistema ferroviario.<\/p>\n\n\n\n<p class=\"wp-block-paragraph\">La anomal\u00eda oblig\u00f3 a revisar la unidad antes de completar el trayecto, mientras elementos de la Guardia Nacional y de la Secretar\u00eda de la Defensa Nacional permanecieron en apoyo de los pasajeros.<\/p>\n\n\n\n<p class=\"wp-block-paragraph\">Los elementos de la Guardia Nacional se mantendr\u00e1n en la estaci\u00f3n San Francisco de Campeche hasta que el desperfecto sea atendido por completo.<\/p>\n\n\n\n<p class=\"wp-block-paragraph\">Este es el segundo percance de este tipo registrado en el estado de Campeche. En junio de 2025 se report\u00f3 un descarrilamiento cerca de Esc\u00e1rcega, tambi\u00e9n sin personas lesionadas.<\/p>\n\n\n\n<p class=\"wp-block-paragraph\">En aquella ocasi\u00f3n, los pasajeros fueron trasladados en autobuses a estaciones cercanas para que pudieran continuar con su viaje.<\/p>\n\n\n\n<h2 class=\"wp-block-heading\">Informa tren atenci\u00f3n a percance de v\u00eda sin lesionados<\/h2>\n\n\n\n<p class=\"wp-block-paragraph\"><br>El Tren Maya inform\u00f3 que alrededor de las 15:30 horas, el tren 303 que cubr\u00eda la ruta Canc\u00fan-Palenque, 50 metros despu\u00e9s de salir de la estaci\u00f3n San Francisco de Campeche, ubicada en la capital del estado, registr\u00f3 un percance de v\u00eda en el \u00faltimo de sus vagones, por lo que a los prodecimientos t\u00e9cnicos establecidos, el maquinista detuvo la marcha de la unidad sin que hubiera lesionados entre los 123 pasajeros.<\/p>\n\n\n\n<p class=\"wp-block-paragraph\">En un comunicado, ese medio de transporte explic\u00f3 que se proporcion\u00f3 hidrataci\u00f3n y alimentaci\u00f3n a los usuarios y a partir de las 16 horas se realiz\u00f3 el descenso ordenado a la estaci\u00f3n San Francisco de Campeche, con el acompa\u00f1amiento de personal del Tren Maya.<\/p>\n\n\n\n<p class=\"wp-block-paragraph\">Luego fueron trasladadas v\u00eda terrestre a la pr\u00f3xima estaci\u00f3n Edzn\u00e1 para continuar su recorrido original a bordo de otro tren.<\/p>\n\n\n\n<p class=\"wp-block-paragraph\">Indic\u00f3 que se integr\u00f3 la comisi\u00f3n dictaminadora de accidentes ferroviarios, la cual ya realiza la investigaci\u00f3n t\u00e9cnica del hecho. Agreg\u00f3 que los dem\u00e1s servicios operan con normalidad.<\/p>\n\n\n\n<p class=\"wp-block-paragraph\">Lament\u00f3 los inconvenientes ocasionados por esta eventualidad y refrend\u00f3 su compromiso con la seguridad y el cuidado de los usuarios.&nbsp;&nbsp;<\/p>\n\n\n\n<p class=\"wp-block-paragraph\">Fuente: lajornada<\/p>\n","protected":false},"excerpt":{"rendered":"<p>El\u00a0Tren Maya\u00a0registr\u00f3 este lunes otro percance, apenas 50 metros despu\u00e9s de salir de la estaci\u00f3n\u00a0San Francisco\u00a0de\u00a0Campeche, en un viaje con destino a\u00a0M\u00e9rida, Yucat\u00e1n. Ninguno de los 123 pasajeros result\u00f3 lesionado. Campeche, Camp. Sin personas lesionadas, un vag\u00f3n del Tren Maya sufri\u00f3 un percance la tarde de este lunes cerca de la estaci\u00f3n San Francisco de [&hellip;]<\/p>\n","protected":false},"author":2,"featured_media":149764,"comment_status":"open","ping_status":"open","sticky":false,"template":"","format":"standard","meta":{"footnotes":""},"categories":[55],"tags":[],"class_list":["post-149763","post","type-post","status-publish","format-standard","has-post-thumbnail","hentry","category-nacionales"],"_links":{"self":[{"href":"http:\/\/elcuartopoder.com.mx\/nw\/wp-json\/wp\/v2\/posts\/149763","targetHints":{"allow":["GET"]}}],"collection":[{"href":"http:\/\/elcuartopoder.com.mx\/nw\/wp-json\/wp\/v2\/posts"}],"about":[{"href":"http:\/\/elcuartopoder.com.mx\/nw\/wp-json\/wp\/v2\/types\/post"}],"author":[{"embeddable":true,"href":"http:\/\/elcuartopoder.com.mx\/nw\/wp-json\/wp\/v2\/users\/2"}],"replies":[{"embeddable":true,"href":"http:\/\/elcuartopoder.com.mx\/nw\/wp-json\/wp\/v2\/comments?post=149763"}],"version-history":[{"count":1,"href":"http:\/\/elcuartopoder.com.mx\/nw\/wp-json\/wp\/v2\/posts\/149763\/revisions"}],"predecessor-version":[{"id":149765,"href":"http:\/\/elcuartopoder.com.mx\/nw\/wp-json\/wp\/v2\/posts\/149763\/revisions\/149765"}],"wp:featuredmedia":[{"embeddable":true,"href":"http:\/\/elcuartopoder.com.mx\/nw\/wp-json\/wp\/v2\/media\/149764"}],"wp:attachment":[{"href":"http:\/\/elcuartopoder.com.mx\/nw\/wp-json\/wp\/v2\/media?parent=149763"}],"wp:term":[{"taxonomy":"category","embeddable":true,"href":"http:\/\/elcuartopoder.com.mx\/nw\/wp-json\/wp\/v2\/categories?post=149763"},{"taxonomy":"post_tag","embeddable":true,"href":"http:\/\/elcuartopoder.com.mx\/nw\/wp-json\/wp\/v2\/tags?post=149763"}],"curies":[{"name":"wp","href":"https:\/\/api.w.org\/{rel}","templated":true}]}}