{"id":149769,"date":"2026-09-01T10:34:41","date_gmt":"2026-09-01T15:34:41","guid":{"rendered":"https:\/\/elcuartopoder.com.mx\/nw\/?p=149769"},"modified":"2026-09-01T10:34:43","modified_gmt":"2026-09-01T15:34:43","slug":"delitos-ciberneticos-golpean-a-infantes-en-quintana-roo","status":"publish","type":"post","link":"http:\/\/elcuartopoder.com.mx\/nw\/estatales\/delitos-ciberneticos-golpean-a-infantes-en-quintana-roo\/","title":{"rendered":"Delitos cibern\u00e9ticos golpean a infantes en Quintana Roo"},"content":{"rendered":"\n<p class=\"wp-block-paragraph\">En los \u00faltimos 12 meses, el 20.3% de ni\u00f1os de 12 a\u00f1os y m\u00e1s fue v\u00edctima del il\u00edcito en M\u00e9xico.<\/p>\n\n\n\n<p class=\"wp-block-paragraph\">Por lo menos el 20.4% de la&nbsp;<strong>poblaci\u00f3n de 12 a\u00f1os y m\u00e1s en M\u00e9xico<\/strong>, que ha usado internet, fue v\u00edctima de fraude o ciberacoso en los \u00faltimos&nbsp;<strong>12 meses<\/strong>.<\/p>\n\n\n\n<p class=\"wp-block-paragraph\">Jos\u00e9 Interi\u00e1n Parra, director de la&nbsp;<strong>Polic\u00eda Cibern\u00e9tica de Quintana Roo<\/strong>, detall\u00f3, en el marco del foro \u201cRobo de Identidad\u201d, los delitos cibern\u00e9ticos que est\u00e1n en auge y que tienen identificado desde el a\u00f1o anterior.<\/p>\n\n\n\n<p class=\"wp-block-paragraph\"><strong>\u201cLa identidad digital vale m\u00e1s de lo que creemos, pues para los usuarios es parte de la vida cotidiana, pero para los cibercriminales es la materia prima para que realicen sus fechor\u00edas\u00bb<\/strong>, advirti\u00f3.<\/p>\n\n\n\n<p class=\"wp-block-paragraph\">Record\u00f3 que actualmente la gran mayor\u00eda de la poblaci\u00f3n cuenta con un perfil en redes sociales, y aunque las mismas ya dan la oportunidad de privatizar la informaci\u00f3n, muchas\u00a0<strong>personas a\u00fan tienen sus perfiles como p\u00fablicos, lo cual es bastante peligroso<\/strong>.<\/p>\n\n\n\n<p class=\"wp-block-paragraph\">Puso como ejemplo: Una persona busca empleo, se le hace f\u00e1cil publicar en grupos de Facebook su curr\u00edculum, que contiene datos como nombre completo, correo electr\u00f3nico o tel\u00e9fono.&nbsp;<em>\u201cIncluso, en el curr\u00edculum aparece su profesi\u00f3n, n\u00famero de oficial de documentos de su licenciatura, datos del INE, para que el supuesto reclutador lo contacte\u201d<\/em>, agreg\u00f3.<\/p>\n\n\n\n<blockquote class=\"wp-block-quote is-layout-flow wp-block-quote-is-layout-flow\"><\/blockquote>\n\n\n\n<p class=\"wp-block-paragraph\">Dijo que, de acuerdo con datos de autoridades federales, durante 2025, el 20.4% de la poblaci\u00f3n de 12 a\u00f1os y m\u00e1s en M\u00e9xico que utiliz\u00f3 internet fue v\u00edctima de mensajes de<em>&nbsp;<strong>\u201csupuestos empleos\u201d<\/strong><\/em>, con grandes sueldos y pocas horas de trabajo, que llegan durante la madrugada.<\/p>\n\n\n\n<p class=\"wp-block-paragraph\">Pero adem\u00e1s tambi\u00e9n fueron contactados por ciber acosadores.&nbsp;<em>\u201cMucha gente piensa que al ser internet no pasa nada porque no es de forma f\u00edsica y se sienten seguros, pero la identidad digital p\u00fablica puede ser el inicio de diversos tipos de delitos\u201d<\/em>, advirti\u00f3.<\/p>\n\n\n\n<blockquote class=\"wp-block-quote is-layout-flow wp-block-quote-is-layout-flow\"><\/blockquote>\n\n\n\n<p class=\"wp-block-paragraph\">Reconoci\u00f3 que con la&nbsp;<strong>evoluci\u00f3n de la Inteligencia Artificial&nbsp;<\/strong>cualquier archivo de imagen o audio se pue de convertir en una&nbsp;<strong><em>\u201cDeep Fake Voice o video\u201d<\/em><\/strong>, que pueden ser utilizados para citas de amistad o rom\u00e1n ticas, fraudes econ\u00f3micos, trata de personas o promo ci\u00f3n de empleos falsos.&nbsp;<\/p>\n\n\n\n<p class=\"wp-block-paragraph\">Fuente: sipse<\/p>\n","protected":false},"excerpt":{"rendered":"<p>En los \u00faltimos 12 meses, el 20.3% de ni\u00f1os de 12 a\u00f1os y m\u00e1s fue v\u00edctima del il\u00edcito en M\u00e9xico. Por lo menos el 20.4% de la&nbsp;poblaci\u00f3n de 12 a\u00f1os y m\u00e1s en M\u00e9xico, que ha usado internet, fue v\u00edctima de fraude o ciberacoso en los \u00faltimos&nbsp;12 meses. Jos\u00e9 Interi\u00e1n Parra, director de la&nbsp;Polic\u00eda Cibern\u00e9tica [&hellip;]<\/p>\n","protected":false},"author":2,"featured_media":149770,"comment_status":"open","ping_status":"open","sticky":false,"template":"","format":"standard","meta":{"footnotes":""},"categories":[60],"tags":[],"class_list":["post-149769","post","type-post","status-publish","format-standard","has-post-thumbnail","hentry","category-estatales"],"_links":{"self":[{"href":"http:\/\/elcuartopoder.com.mx\/nw\/wp-json\/wp\/v2\/posts\/149769","targetHints":{"allow":["GET"]}}],"collection":[{"href":"http:\/\/elcuartopoder.com.mx\/nw\/wp-json\/wp\/v2\/posts"}],"about":[{"href":"http:\/\/elcuartopoder.com.mx\/nw\/wp-json\/wp\/v2\/types\/post"}],"author":[{"embeddable":true,"href":"http:\/\/elcuartopoder.com.mx\/nw\/wp-json\/wp\/v2\/users\/2"}],"replies":[{"embeddable":true,"href":"http:\/\/elcuartopoder.com.mx\/nw\/wp-json\/wp\/v2\/comments?post=149769"}],"version-history":[{"count":1,"href":"http:\/\/elcuartopoder.com.mx\/nw\/wp-json\/wp\/v2\/posts\/149769\/revisions"}],"predecessor-version":[{"id":149771,"href":"http:\/\/elcuartopoder.com.mx\/nw\/wp-json\/wp\/v2\/posts\/149769\/revisions\/149771"}],"wp:featuredmedia":[{"embeddable":true,"href":"http:\/\/elcuartopoder.com.mx\/nw\/wp-json\/wp\/v2\/media\/149770"}],"wp:attachment":[{"href":"http:\/\/elcuartopoder.com.mx\/nw\/wp-json\/wp\/v2\/media?parent=149769"}],"wp:term":[{"taxonomy":"category","embeddable":true,"href":"http:\/\/elcuartopoder.com.mx\/nw\/wp-json\/wp\/v2\/categories?post=149769"},{"taxonomy":"post_tag","embeddable":true,"href":"http:\/\/elcuartopoder.com.mx\/nw\/wp-json\/wp\/v2\/tags?post=149769"}],"curies":[{"name":"wp","href":"https:\/\/api.w.org\/{rel}","templated":true}]}}