{"id":149772,"date":"2026-09-01T10:38:23","date_gmt":"2026-09-01T15:38:23","guid":{"rendered":"https:\/\/elcuartopoder.com.mx\/nw\/?p=149772"},"modified":"2026-09-01T10:38:25","modified_gmt":"2026-09-01T15:38:25","slug":"morena-designa-a-higinio-martinez-para-presidir-el-senado-norona-rompe-el-consenso","status":"publish","type":"post","link":"http:\/\/elcuartopoder.com.mx\/nw\/nacionales\/morena-designa-a-higinio-martinez-para-presidir-el-senado-norona-rompe-el-consenso\/","title":{"rendered":"Morena designa a Higinio Mart\u00ednez para presidir el Senado; Noro\u00f1a \u2018rompe el consenso\u2019"},"content":{"rendered":"\n<p class=\"wp-block-paragraph\">Con la presencia de todos los senadores de Morena, excepto Fern\u00e1ndez Noro\u00f1a, el partido dominante propuso que Higinio Mart\u00ednez Miranda presida la Mesa Directiva en el tercer a\u00f1o de la 66 Legislatura.<\/p>\n\n\n\n<p class=\"wp-block-paragraph\">El pr\u00f3ximo presidente de la Mesa Directiva del Senado de la Rep\u00fablica, para el tercer a\u00f1o de la legislatura, ser\u00e1\u00a0el mexiquense Higinio Mart\u00ednez Miranda, quien fue electo por unanimidad dentro de Morena, confirm\u00f3 el l\u00edder de la bancada, Ignacio Mier.<\/p>\n\n\n\n<p class=\"wp-block-paragraph\">La propuesta completa, que deber\u00e1 ser votada este lunes 31 de agosto, contempla a Mart\u00ednez Miranda en la Presidencia, en\u00a0sustituci\u00f3n de Laura Itzel Castillo, quien ser\u00e1 la nueva secretaria de las Mujeres del Gobierno federal, incluye a\u00a0<strong>Ver\u00f3nica Camino Farjat<\/strong>\u00a0de nueva cuenta como primera vicepresidenta.<\/p>\n\n\n\n<p class=\"wp-block-paragraph\">Adem\u00e1s, las senadoras&nbsp;<strong>Martina Kant\u00fan Can y Alejandra Arias&nbsp;<\/strong>fueron propuestas como secretarias de la Mesa Directiva.<\/p>\n\n\n\n<p class=\"wp-block-paragraph\">\u201cEn unidad y por votaci\u00f3n un\u00e1nime hemos elegido a @higinio_mtz como nuestra propuesta para presidir la Mesa Directiva del @senadomexicano #Unidadytransformaci\u00f3n\u201d, comparti\u00f3\u00a0Ignacio Mier\u00a0en su cuenta de X.<\/p>\n\n\n\n<p class=\"wp-block-paragraph\">Con la ausencia del senador Gerardo Fern\u00e1ndez Noro\u00f1a, los 65 morenistas presentes votaron por unanimidad para que Higinio Mart\u00ednez sea el pr\u00f3ximo presidente de la C\u00e1mara Alta.<\/p>\n\n\n\n<h2 class=\"wp-block-heading\">\u00bfA qu\u00e9 se comprometi\u00f3 Higinio Mart\u00ednez?<\/h2>\n\n\n\n<p class=\"wp-block-paragraph\">\u201c\u00bfQu\u00e9 es lo que tiene que hacer esta Presidencia, lo he dicho, respetar la Constituci\u00f3n. La Constituci\u00f3n nos dice que es lo que tiene que hacer el presidente del Senado\u201d, afirm\u00f3 el fundador de<strong>&nbsp;Grupo Texcoco.<\/strong><\/p>\n\n\n\n<p class=\"wp-block-paragraph\">El morenista mexiquense confi\u00f3 en que este lunes sea ratificada con sus partidos aliados, PVEM y PT, la propuesta de la mayor\u00eda legislativa para que presida la C\u00e1mara de Senadores en el \u00faltimo a\u00f1o de la 66 Legislatura.<\/p>\n\n\n\n<p class=\"wp-block-paragraph\">Mart\u00ednez Miranda adelant\u00f3 que buscar\u00e1 tambi\u00e9n el apoyo de los partidos de oposici\u00f3n&nbsp;<strong>PAN, PRI y Movimiento Ciudadano.<\/strong><\/p>\n\n\n\n<h2 class=\"wp-block-heading\">Sa\u00fal Monreal apoya a Higinio Mart\u00ednez<\/h2>\n\n\n\n<p class=\"wp-block-paragraph\">\u201cLa mejor conveniencia es Higinio\u201d para presidir la Mesa Directiva, asegur\u00f3 el\u00a0senador de Morena, Sa\u00fal Monreal, al reiterar que el prop\u00f3sito es la candidatura de unidad de la bancada mayoritaria.<\/p>\n\n\n\n<p class=\"wp-block-paragraph\">En entrevista en el marco de la quinta&nbsp;<strong>Reuni\u00f3n Plenaria de los senadores de Morena<\/strong>, Monreal \u00c1vila dijo que su deseo es que todos los integrantes de la bancada apoyen la propuesta de que sea el morenista mexiquense.<\/p>\n\n\n\n<p class=\"wp-block-paragraph\">\u201cTengo entendido que nuestro amigo, compa\u00f1ero, respetable Noro\u00f1a, hab\u00eda la intenci\u00f3n de participar\u201d, refiri\u00f3 sobre el senador Gerardo Fern\u00e1ndez Noro\u00f1a, quien no acudi\u00f3 a la Plenaria de Morena.<\/p>\n\n\n\n<h2 class=\"wp-block-heading\">La queja de Fern\u00e1ndez Noro\u00f1a<\/h2>\n\n\n\n<p class=\"wp-block-paragraph\">Atrav\u00e9s de una carta redactada desde el 28 de agosto pasado, el senador\u00a0Gerardo Fern\u00e1ndez Noro\u00f1a, se\u00f1al\u00f3 que bien podr\u00eda justificar su ausencia a la Reuni\u00f3n Plenaria porque le quitaron el yeso que ten\u00eda por la fractura de la mu\u00f1eca izquierda que sufri\u00f3.<\/p>\n\n\n\n<p class=\"wp-block-paragraph\">Sin embargo, en realidad se debi\u00f3 a que su aspiraci\u00f3n para&nbsp;<strong>presidir de nuevo la Mesa Directiva<\/strong>&nbsp;no fue apoyada y con ello no existir\u00e1 el consenso ni la unanimidad.<\/p>\n\n\n\n<p class=\"wp-block-paragraph\">\u201cNo solo porque el consenso tiene una exigencia alt\u00edsima: la unanimidad; sino porque lejos estamos de construir un consenso. Termino planteando lo obvio, mi ausencia es la ruptura del consenso. No soy parte de ese acuerdo y conscientemente rechazo serlo\u201d, recalc\u00f3.<\/p>\n\n\n\n<p class=\"wp-block-paragraph\">Con informaci\u00f3n de Quadratin.<\/p>\n","protected":false},"excerpt":{"rendered":"<p>Con la presencia de todos los senadores de Morena, excepto Fern\u00e1ndez Noro\u00f1a, el partido dominante propuso que Higinio Mart\u00ednez Miranda presida la Mesa Directiva en el tercer a\u00f1o de la 66 Legislatura. El pr\u00f3ximo presidente de la Mesa Directiva del Senado de la Rep\u00fablica, para el tercer a\u00f1o de la legislatura, ser\u00e1\u00a0el mexiquense Higinio Mart\u00ednez [&hellip;]<\/p>\n","protected":false},"author":2,"featured_media":149773,"comment_status":"open","ping_status":"open","sticky":false,"template":"","format":"standard","meta":{"footnotes":""},"categories":[55],"tags":[],"class_list":["post-149772","post","type-post","status-publish","format-standard","has-post-thumbnail","hentry","category-nacionales"],"_links":{"self":[{"href":"http:\/\/elcuartopoder.com.mx\/nw\/wp-json\/wp\/v2\/posts\/149772","targetHints":{"allow":["GET"]}}],"collection":[{"href":"http:\/\/elcuartopoder.com.mx\/nw\/wp-json\/wp\/v2\/posts"}],"about":[{"href":"http:\/\/elcuartopoder.com.mx\/nw\/wp-json\/wp\/v2\/types\/post"}],"author":[{"embeddable":true,"href":"http:\/\/elcuartopoder.com.mx\/nw\/wp-json\/wp\/v2\/users\/2"}],"replies":[{"embeddable":true,"href":"http:\/\/elcuartopoder.com.mx\/nw\/wp-json\/wp\/v2\/comments?post=149772"}],"version-history":[{"count":1,"href":"http:\/\/elcuartopoder.com.mx\/nw\/wp-json\/wp\/v2\/posts\/149772\/revisions"}],"predecessor-version":[{"id":149774,"href":"http:\/\/elcuartopoder.com.mx\/nw\/wp-json\/wp\/v2\/posts\/149772\/revisions\/149774"}],"wp:featuredmedia":[{"embeddable":true,"href":"http:\/\/elcuartopoder.com.mx\/nw\/wp-json\/wp\/v2\/media\/149773"}],"wp:attachment":[{"href":"http:\/\/elcuartopoder.com.mx\/nw\/wp-json\/wp\/v2\/media?parent=149772"}],"wp:term":[{"taxonomy":"category","embeddable":true,"href":"http:\/\/elcuartopoder.com.mx\/nw\/wp-json\/wp\/v2\/categories?post=149772"},{"taxonomy":"post_tag","embeddable":true,"href":"http:\/\/elcuartopoder.com.mx\/nw\/wp-json\/wp\/v2\/tags?post=149772"}],"curies":[{"name":"wp","href":"https:\/\/api.w.org\/{rel}","templated":true}]}}