{"id":149778,"date":"2026-09-01T10:57:05","date_gmt":"2026-09-01T15:57:05","guid":{"rendered":"https:\/\/elcuartopoder.com.mx\/nw\/?p=149778"},"modified":"2026-09-01T10:57:07","modified_gmt":"2026-09-01T15:57:07","slug":"marc-marquez-pone-a-motorland-a-sus-pies-y-se-lleva-la-sprint-de-aragon","status":"publish","type":"post","link":"http:\/\/elcuartopoder.com.mx\/nw\/entretenimiento\/deportes\/marc-marquez-pone-a-motorland-a-sus-pies-y-se-lleva-la-sprint-de-aragon\/","title":{"rendered":"Marc M\u00e1rquez pone a MotorLand a sus pies y se lleva la Sprint de Arag\u00f3n"},"content":{"rendered":"\n<p class=\"wp-block-paragraph\">El piloto de Ducati se impone con autoridad tras adelantar a Bezzecchi en la primera curva y firma su vig\u00e9sima victoria en una carrera al sprint. \u00c1lex M\u00e1rquez completa el doblete familiar y Bezzecchi termina tercero<\/p>\n\n\n\n<p class=\"wp-block-paragraph\">Marc M\u00e1rquez ha vuelto a demostrar por qu\u00e9 MotorLand Arag\u00f3n es uno de sus territorios favoritos.<\/p>\n\n\n\n<p class=\"wp-block-paragraph\">El piloto de Ducati&nbsp;<strong>se ha llevado este s\u00e1bado la carrera al sprint del Gran Premio de Arag\u00f3n&nbsp;<\/strong>despu\u00e9s de una salida fulgurante que le permiti\u00f3 arrebatarle el liderato a Marco Bezzecchi desde la primera curva y controlar la prueba hasta la bandera a cuadros.&nbsp;<\/p>\n\n\n\n<p class=\"wp-block-paragraph\">El italiano hab\u00eda llegado al s\u00e1bado lanzado. Por la ma\u00f1ana hab\u00eda conseguido una pole de r\u00e9cord con un espectacular 1:44.962,&nbsp;<strong>convirti\u00e9ndose en el primer piloto en bajar de 1:45 en MotorLand.<\/strong><\/p>\n\n\n\n<p class=\"wp-block-paragraph\"><strong>Marc se qued\u00f3 a apenas 89 mil\u00e9simas<\/strong>&nbsp;y tuvo que conformarse con salir segundo.&nbsp;<\/p>\n\n\n\n<p class=\"wp-block-paragraph\">Pero una cosa es ser el m\u00e1s r\u00e1pido a una vuelta y otra muy diferente mantener el ritmo durante toda una carrera.<\/p>\n\n\n\n<p class=\"wp-block-paragraph\">M\u00e1rquez lo dej\u00f3 claro nada m\u00e1s apagarse los sem\u00e1foros.&nbsp;<strong>Sali\u00f3 mejor que Bezzecchi, se coloc\u00f3 primero y empez\u00f3 a imponer su ritmo<\/strong>&nbsp;mientras el italiano perd\u00eda progresivamente contacto con el l\u00edder.<\/p>\n\n\n\n<h2 class=\"wp-block-heading\">Marc golpea primero en MotorLand<\/h2>\n\n\n\n<p class=\"wp-block-paragraph\">La victoria tuvo adem\u00e1s un valor especial para el campeonato. M\u00e1rquez llegaba a Arag\u00f3n tercero de la general, todav\u00eda en plena persecuci\u00f3n del l\u00edder Jorge Mart\u00edn, y necesitaba empezar el fin de semana recortando puntos.<\/p>\n\n\n\n<p class=\"wp-block-paragraph\">El de Cervera no dio opciones a sus rivales durante la Sprint y&nbsp;<strong>cruz\u00f3 la meta con 1,1 segundos de ventaja,<\/strong>&nbsp;en una carrera en la que volvi\u00f3 a sentirse especialmente c\u00f3modo sobre su Ducati.<\/p>\n\n\n\n<p class=\"wp-block-paragraph\">Con este triunfo, Marc\u00a0<strong>alcanza las 20 victorias en carreras al sprint,<\/strong>\u00a0m\u00e1s que cualquier otro piloto de la historia de\u00a0MotoGP.\u00a0<\/p>\n\n\n\n<p class=\"wp-block-paragraph\"><strong>El segundo puesto fue para su hermano \u00c1lex M\u00e1rquez<\/strong>, que complet\u00f3 una jornada espectacular para la familia.<\/p>\n\n\n\n<p class=\"wp-block-paragraph\">El piloto del Gresini Racing aguant\u00f3 en las posiciones delanteras y&nbsp;<strong>permiti\u00f3 que Ducati celebrara un doblete en uno de los circuitos que mejor se le dan a Marc.&nbsp;<\/strong><\/p>\n\n\n\n<p class=\"wp-block-paragraph\">Bezzecchi, que hab\u00eda dominado la jornada hasta la clasificaci\u00f3n,<strong>&nbsp;tuvo que conformarse finalmente con la tercera posici\u00f3n<\/strong>.<\/p>\n\n\n\n<p class=\"wp-block-paragraph\">El piloto de Aprilia no pudo repetir en carrera el ritmo exhibido durante la ma\u00f1ana, aunque volvi\u00f3 a sumar puntos importantes para el Mundial.<\/p>\n\n\n\n<h2 class=\"wp-block-heading\">Mart\u00edn termina quinto<\/h2>\n\n\n\n<p class=\"wp-block-paragraph\">Por detr\u00e1s, la batalla por el campeonato tambi\u00e9n dej\u00f3 movimientos interesantes.&nbsp;<strong>Jorge Mart\u00edn termin\u00f3 quinto, por detr\u00e1s de Pedro Acosta, y cedi\u00f3 terreno ante sus dos principales perseguidores.<\/strong><\/p>\n\n\n\n<p class=\"wp-block-paragraph\">El resultado permite a Bezzecchi&nbsp;<strong>recuperar la segunda posici\u00f3n del Mundial y situarse a 29 puntos del l\u00edder,&nbsp;<\/strong>mientras que Marc M\u00e1rquez queda tercero a 33.<\/p>\n\n\n\n<p class=\"wp-block-paragraph\">La diferencia entre los tres vuelve a estrecharse y convierte la carrera del domingo en una nueva oportunidad para cambiar el escenario de la clasificaci\u00f3n.&nbsp;<\/p>\n\n\n\n<p class=\"wp-block-paragraph\">Ahora queda la carrera larga. Y ah\u00ed el guion cambia.&nbsp;<strong>El italiano volver\u00e1 a salir desde la primera posici\u00f3n, con Marc segundo y \u00c1lex tercero,&nbsp;<\/strong>en una primera fila completamente dominada por ellos.&nbsp;<\/p>\n\n\n\n<p class=\"wp-block-paragraph\">Marc ya ha dado el primer golpe del fin de semana.&nbsp;<strong>El domingo buscar\u00e1 el segundo, uno que puede tener todav\u00eda m\u00e1s peso en la pelea por el Mundial.<\/strong><\/p>\n\n\n\n<p class=\"wp-block-paragraph\">Fuente: estrelladigital<\/p>\n","protected":false},"excerpt":{"rendered":"<p>El piloto de Ducati se impone con autoridad tras adelantar a Bezzecchi en la primera curva y firma su vig\u00e9sima victoria en una carrera al sprint. \u00c1lex M\u00e1rquez completa el doblete familiar y Bezzecchi termina tercero Marc M\u00e1rquez ha vuelto a demostrar por qu\u00e9 MotorLand Arag\u00f3n es uno de sus territorios favoritos. El piloto de [&hellip;]<\/p>\n","protected":false},"author":2,"featured_media":149779,"comment_status":"open","ping_status":"open","sticky":false,"template":"","format":"standard","meta":{"footnotes":""},"categories":[7],"tags":[],"class_list":["post-149778","post","type-post","status-publish","format-standard","has-post-thumbnail","hentry","category-deportes"],"_links":{"self":[{"href":"http:\/\/elcuartopoder.com.mx\/nw\/wp-json\/wp\/v2\/posts\/149778","targetHints":{"allow":["GET"]}}],"collection":[{"href":"http:\/\/elcuartopoder.com.mx\/nw\/wp-json\/wp\/v2\/posts"}],"about":[{"href":"http:\/\/elcuartopoder.com.mx\/nw\/wp-json\/wp\/v2\/types\/post"}],"author":[{"embeddable":true,"href":"http:\/\/elcuartopoder.com.mx\/nw\/wp-json\/wp\/v2\/users\/2"}],"replies":[{"embeddable":true,"href":"http:\/\/elcuartopoder.com.mx\/nw\/wp-json\/wp\/v2\/comments?post=149778"}],"version-history":[{"count":1,"href":"http:\/\/elcuartopoder.com.mx\/nw\/wp-json\/wp\/v2\/posts\/149778\/revisions"}],"predecessor-version":[{"id":149780,"href":"http:\/\/elcuartopoder.com.mx\/nw\/wp-json\/wp\/v2\/posts\/149778\/revisions\/149780"}],"wp:featuredmedia":[{"embeddable":true,"href":"http:\/\/elcuartopoder.com.mx\/nw\/wp-json\/wp\/v2\/media\/149779"}],"wp:attachment":[{"href":"http:\/\/elcuartopoder.com.mx\/nw\/wp-json\/wp\/v2\/media?parent=149778"}],"wp:term":[{"taxonomy":"category","embeddable":true,"href":"http:\/\/elcuartopoder.com.mx\/nw\/wp-json\/wp\/v2\/categories?post=149778"},{"taxonomy":"post_tag","embeddable":true,"href":"http:\/\/elcuartopoder.com.mx\/nw\/wp-json\/wp\/v2\/tags?post=149778"}],"curies":[{"name":"wp","href":"https:\/\/api.w.org\/{rel}","templated":true}]}}