{"id":149781,"date":"2026-09-01T11:05:55","date_gmt":"2026-09-01T16:05:55","guid":{"rendered":"https:\/\/elcuartopoder.com.mx\/nw\/?p=149781"},"modified":"2026-09-01T11:05:57","modified_gmt":"2026-09-01T16:05:57","slug":"el-pt-por-la-libre-tambien-en-nl","status":"publish","type":"post","link":"http:\/\/elcuartopoder.com.mx\/nw\/politica\/el-pt-por-la-libre-tambien-en-nl\/","title":{"rendered":"El PT, por la libre tambi\u00e9n en NL"},"content":{"rendered":"\n<p class=\"wp-block-paragraph\">Al igual que en Zacatecas, el PT ya se fue por la libre y nombr\u00f3 al diputado federal Jes\u00fas Elizondo como su futuro candidato a la gubernatura de Nuevo Le\u00f3n.<\/p>\n\n\n\n<p class=\"wp-block-paragraph\">Al igual que en Zacatecas, el PT ya se fue por la libre y nombr\u00f3 al diputado federal Jes\u00fas Elizondo como su futuro candidato a la gubernatura de Nuevo Le\u00f3n. Alberto Anaya, sempiterno dirigente del partido, hizo el anuncio y lanz\u00f3 la advertencia de que si no hay candidaturas de unidad con Morena, ellos ir\u00e1n solos en la elecci\u00f3n de 2027. \u201cSomos aliados, no empleados\u201d, acot\u00f3 El profe.<\/p>\n\n\n\n<h2 class=\"wp-block-heading\">Eficaz y leal a la presidenta, \u201cno cualquiera\u201d<\/h2>\n\n\n\n<p class=\"wp-block-paragraph\">Por sus elogios a la titular de Gobernaci\u00f3n, Rosa Icela Rodr\u00edguez, el l\u00edder de los diputados de Morena, Ricardo Monreal, \u201cpis\u00f3 algunos callos\u201d. En la plenaria de los guindas expres\u00f3 que la funcionaria es \u201cexperta en procesar diferencias, en atender y resolver conflictos, en encontrar cauces de soluci\u00f3n y es una mujer respetable y honorable\u201d. Pero agreg\u00f3: \u201cEs una mujer eficaz y leal a nuestra presidenta Claudia Sheinbaum, no cualquiera\u201d&#8230; \u201cSe mordi\u00f3 la lengua\u201d, coment\u00f3 un legislador chiapaneco morenista.<\/p>\n\n\n\n<h2 class=\"wp-block-heading\">Zuckerberg, el que sabe m\u00e1s de ti que tu familia<\/h2>\n\n\n\n<p class=\"wp-block-paragraph\">Bien que Marcelo Ebrard puso a pensar ayer a los diputados de Morena. En su plenaria les pregunt\u00f3: \u201c\u00bfQui\u00e9n sabe m\u00e1s de ti: tu hija, tu hijo, tu esposo, tu esposa, tu pareja o Mark Zuckerberg? Zuckerberg sabe m\u00e1s. \u00bfS\u00ed o no? Meta tiene todo\u201d. Y es que, en la plenaria de los legisladores, les expon\u00eda que \u201cla econom\u00eda de datos va a concentrar como nunca la riqueza\u201d. Puso como ejemplo a EU, \u201ces la mayor concentraci\u00f3n de riqueza de la historia\u201d. A ver c\u00f3mo le va en la pr\u00f3xima reuni\u00f3n sobre el T-MEC en Washington.<\/p>\n\n\n\n<h2 class=\"wp-block-heading\">Alito no quita el dedo del rengl\u00f3n<\/h2>\n\n\n\n<p class=\"wp-block-paragraph\">De visita en Chihuahua, el l\u00edder nacional de lo que queda del PRI, Alejandro Moreno, insisti\u00f3 una vez m\u00e1s al PAN en la necesidad de ir en alianza en 2027. El campechano asegur\u00f3 que hoy, por s\u00ed solo, Acci\u00f3n Nacional no gana la gubernatura de ese estado norte\u00f1o, y reiter\u00f3 que la coalici\u00f3n es la \u00fanica v\u00eda para ser competitivos. Se dijo dispuesto a abanderar a un panista como candidato, siempre que sea el mejor evaluado por la gente.<\/p>\n\n\n\n<h2 class=\"wp-block-heading\">Deudores alimentarios, \u00bfse quedar\u00e1n sin pasaporte?<\/h2>\n\n\n\n<p class=\"wp-block-paragraph\">La Secretar\u00eda de Relaciones Exteriores someti\u00f3 a consulta una reforma al Reglamento de Pasaportes para negar el documento a quien se encuentre registrado como persona deudora en el Registro Nacional de Obligaciones Alimentarias. El veto a los deudores alimentarios para obtener el pasaporte no es nuevo, fue incluido en 2023 en una reforma a Ley General de los Derechos de Ni\u00f1as, Ni\u00f1os y Adolescentes; no obstante, no se hab\u00eda aplicado por la falta de reglamento. En caso de concretarse, los deudores alimentarios sumar\u00edan una nueva presi\u00f3n para hacer frente a sus obligaciones si es que quieren salir del pa\u00eds. A ver si as\u00ed cumplen.<\/p>\n\n\n\n<h2 class=\"wp-block-heading\">Atentado en plena conmemoraci\u00f3n<\/h2>\n\n\n\n<p class=\"wp-block-paragraph\">En plena v\u00edspera de la conmemoraci\u00f3n del D\u00eda Internacional de las V\u00edctimas de Desapariciones Forzadas, Alma Rosa Rojo Medina, fundadora del colectivo Voces Unidas por la Vida, que congrega a m\u00e1s de 200 familias con personas desaparecidas en Sinaloa, fue atacada el s\u00e1bado en Culiac\u00e1n, Sinaloa. La mujer fue agredida a balazos cuando viajaba a bordo de un veh\u00edculo por calles de la colonia Estela Ortiz de Toledo. Aunque la madre buscadora salv\u00f3 la vida, tuvo que ser internada en un hospital junto con su hija Yesenia, quien tambi\u00e9n result\u00f3 herida.<\/p>\n\n\n\n<p class=\"wp-block-paragraph\">Fuente: EF<\/p>\n","protected":false},"excerpt":{"rendered":"<p>Al igual que en Zacatecas, el PT ya se fue por la libre y nombr\u00f3 al diputado federal Jes\u00fas Elizondo como su futuro candidato a la gubernatura de Nuevo Le\u00f3n. Al igual que en Zacatecas, el PT ya se fue por la libre y nombr\u00f3 al diputado federal Jes\u00fas Elizondo como su futuro candidato a [&hellip;]<\/p>\n","protected":false},"author":2,"featured_media":149782,"comment_status":"open","ping_status":"open","sticky":false,"template":"","format":"standard","meta":{"footnotes":""},"categories":[61],"tags":[],"class_list":["post-149781","post","type-post","status-publish","format-standard","has-post-thumbnail","hentry","category-politica"],"_links":{"self":[{"href":"http:\/\/elcuartopoder.com.mx\/nw\/wp-json\/wp\/v2\/posts\/149781","targetHints":{"allow":["GET"]}}],"collection":[{"href":"http:\/\/elcuartopoder.com.mx\/nw\/wp-json\/wp\/v2\/posts"}],"about":[{"href":"http:\/\/elcuartopoder.com.mx\/nw\/wp-json\/wp\/v2\/types\/post"}],"author":[{"embeddable":true,"href":"http:\/\/elcuartopoder.com.mx\/nw\/wp-json\/wp\/v2\/users\/2"}],"replies":[{"embeddable":true,"href":"http:\/\/elcuartopoder.com.mx\/nw\/wp-json\/wp\/v2\/comments?post=149781"}],"version-history":[{"count":1,"href":"http:\/\/elcuartopoder.com.mx\/nw\/wp-json\/wp\/v2\/posts\/149781\/revisions"}],"predecessor-version":[{"id":149783,"href":"http:\/\/elcuartopoder.com.mx\/nw\/wp-json\/wp\/v2\/posts\/149781\/revisions\/149783"}],"wp:featuredmedia":[{"embeddable":true,"href":"http:\/\/elcuartopoder.com.mx\/nw\/wp-json\/wp\/v2\/media\/149782"}],"wp:attachment":[{"href":"http:\/\/elcuartopoder.com.mx\/nw\/wp-json\/wp\/v2\/media?parent=149781"}],"wp:term":[{"taxonomy":"category","embeddable":true,"href":"http:\/\/elcuartopoder.com.mx\/nw\/wp-json\/wp\/v2\/categories?post=149781"},{"taxonomy":"post_tag","embeddable":true,"href":"http:\/\/elcuartopoder.com.mx\/nw\/wp-json\/wp\/v2\/tags?post=149781"}],"curies":[{"name":"wp","href":"https:\/\/api.w.org\/{rel}","templated":true}]}}