{"id":149785,"date":"2026-09-01T13:37:18","date_gmt":"2026-09-01T18:37:18","guid":{"rendered":"https:\/\/elcuartopoder.com.mx\/nw\/?p=149785"},"modified":"2026-09-01T13:37:20","modified_gmt":"2026-09-01T18:37:20","slug":"la-venganza-de-la-tierra","status":"publish","type":"post","link":"http:\/\/elcuartopoder.com.mx\/nw\/destacadas\/la-venganza-de-la-tierra\/","title":{"rendered":"La venganza de la Tierra"},"content":{"rendered":"\n<p class=\"wp-block-paragraph\">En 2025 ardieron alrededor de 1.08 millones de hect\u00e1reas dentro de la Uni\u00f3n Europea. Este a\u00f1o la superficie es menor, pero no tranquiliza: las 632 mil hect\u00e1reas quemadas hasta el 26 de agosto representan m\u00e1s del doble del promedio de los \u00faltimos 20 a\u00f1os para estas mismas fechas.<\/p>\n\n\n\n<p class=\"wp-block-paragraph\">Arde la Tierra. Los bosques desaparecen. La flora y la fauna est\u00e1n en peligro. Los oc\u00e9anos se calientan y suben de nivel. El mundo se est\u00e1 desvaneciendo y llevamos m\u00e1s de cincuenta a\u00f1os hablando de ello. Cincuenta a\u00f1os sin hacer lo suficiente al respecto.<\/p>\n\n\n\n<p class=\"wp-block-paragraph\">Durante d\u00e9cadas no hab\u00eda buena causa, rico, pobre ni nadie que quisiera considerarse civilizado, desarrollado, guapo y educado que no incorporara a su lenguaje una obligaci\u00f3n aparentemente elemental: cuidar la Tierra o combatir el cambio clim\u00e1tico, aunque muchos ni siquiera supieran exactamente qu\u00e9 significaba.<\/p>\n\n\n\n<p class=\"wp-block-paragraph\">Desde la Conferencia de Estocolmo de 1972, la primera gran conferencia mundial que coloc\u00f3 el medio ambiente en el centro de la agenda internacional, hasta el Acuerdo de Par\u00eds de 2015, nos hemos dedicado a discutir c\u00f3mo salvar el planeta sin terminar de tomarnos en serio de d\u00f3nde venimos y a d\u00f3nde inevitablemente regresaremos todos: a la tierra, bien sea en forma de ceniza o convertidos en materia que vuelva a alimentarla.<\/p>\n\n\n\n<p class=\"wp-block-paragraph\">Incluso hoy seguimos retrocediendo. Ejemplo de ello es Donald Trump, quien al comenzar su segundo mandato como presidente de Estados Unidos orden\u00f3 nuevamente la retirada de su pa\u00eds del Acuerdo de Par\u00eds. Pero esa es apenas una decisi\u00f3n entre tantas. Una muestra m\u00e1s de nuestra extraordinaria capacidad para reconocer el problema y, al mismo tiempo, seguir aplazando sus soluciones.<\/p>\n\n\n\n<p class=\"wp-block-paragraph\">Ahora s\u00ed estamos en peligro. Tanto tiempo teorizando, asust\u00e1ndonos y complic\u00e1ndonos con la posibilidad de que una guerra nuclear nos exterminara y, mire usted por d\u00f3nde, hemos encontrado otra manera de ponernos contra las cuerdas: hacerlo nosotros solos, lentamente, deteriorando las condiciones que sostienen nuestra propia vida.<\/p>\n\n\n\n<p class=\"wp-block-paragraph\">El drama ya es palpable y visible. Basta mirar los incendios de este a\u00f1o. Estados Unidos ha registrado m\u00e1s de 51 mil incendios forestales y casi 7.93 millones de acres quemados, aproximadamente 3.2 millones de hect\u00e1reas. La superficie arrasada equivale al 164% del promedio de los \u00faltimos diez a\u00f1os para estas fechas. Canad\u00e1 acumula, por su parte, m\u00e1s de 4.43 millones de hect\u00e1reas quemadas y la Uni\u00f3n Europea otras 632 mil. Entre los tres, el fuego ha recorrido ya m\u00e1s de 8.27 millones de hect\u00e1reas durante 2026.<\/p>\n\n\n\n<p class=\"wp-block-paragraph\">Europa, adem\u00e1s, viene de su peor temporada desde que existen registros comparables. En 2025 ardieron alrededor de 1.08 millones de hect\u00e1reas dentro de la Uni\u00f3n Europea. Este a\u00f1o la superficie es menor, pero no tranquiliza: las 632 mil hect\u00e1reas quemadas hasta el 26 de agosto representan m\u00e1s del doble del promedio de los \u00faltimos 20 a\u00f1os para estas mismas fechas. Tierra arrasada, ecosistemas destruidos y millones de \u00e1rboles convertidos en ceniza. Es suficiente para hacer llorar a las nubes.<\/p>\n\n\n\n<p class=\"wp-block-paragraph\">Las causas tampoco son iguales en todas partes. En Canad\u00e1, los rayos originan alrededor del 45% de los incendios forestales, pero esos fuegos explican cerca del 81% de toda la superficie quemada, en buena medida porque suelen comenzar en lugares remotos y crecer durante m\u00e1s tiempo. En Estados Unidos ocurre pr\u00e1cticamente lo contrario: cerca del 85% de los incendios forestales tienen origen humano.<\/p>\n\n\n\n<p class=\"wp-block-paragraph\">Una cosa, sin embargo, es qui\u00e9n enciende la primera chispa y otra las condiciones que permiten que el fuego encuentre todo dispuesto para arrasar. Calor persistente, falta de humedad, suelos secos y vegetaci\u00f3n convertida en combustible.<\/p>\n\n\n\n<p class=\"wp-block-paragraph\">Ya no basta tampoco con decir que fue El Ni\u00f1o, La Ni\u00f1a o el ciclo que tocaba. Son fen\u00f3menos naturales que siempre han existido, pero ahora act\u00faan sobre un planeta m\u00e1s caliente. La Organizaci\u00f3n Meteorol\u00f3gica Mundial advierte que un fuerte episodio de El Ni\u00f1o sigue intensific\u00e1ndose y dominar\u00e1 buena parte de los patrones clim\u00e1ticos mundiales entre agosto y octubre de este a\u00f1o. Sus modelos proyectan anomal\u00edas cercanas a 2.9 grados cent\u00edgrados en zonas clave del Pac\u00edfico ecuatorial. El Ni\u00f1o no invent\u00f3 el calentamiento del planeta. Se suma a \u00e9l.<\/p>\n\n\n\n<p class=\"wp-block-paragraph\">All\u00ed donde uno mira hay razones para echarse a temblar. Primero, calor persistente y falta de lluvia, que secan los suelos y la vegetaci\u00f3n y elevan el riesgo de incendios. Despu\u00e9s, en otros lugares y momentos, lluvias torrenciales, tormentas e inundaciones capaces de destruir en unas horas lo que llev\u00f3 d\u00e9cadas construir.<\/p>\n\n\n\n<p class=\"wp-block-paragraph\">Y mientras escribo estas l\u00edneas, Nepal acaba de record\u00e1rnoslo de la forma m\u00e1s brutal.<\/p>\n\n\n\n<p class=\"wp-block-paragraph\">La ma\u00f1ana del 26 de agosto, una inundaci\u00f3n repentina del r\u00edo Bhote Koshi golpe\u00f3 especialmente los distritos de Rasuwa, Nuwakot y Dhading y afect\u00f3 tambi\u00e9n otras zonas del pa\u00eds. Al 27 de agosto, UNICEF estimaba al menos 332 muertos \u2013entre ellos 14 ni\u00f1os\u2013 y cientos de personas continuaban desaparecidas. M\u00e1s de 17 mil ni\u00f1os necesitan asistencia humanitaria urgente. Carreteras y puentes colapsaron; comunidades quedaron incomunicadas y resultaron da\u00f1adas viviendas, escuelas, instalaciones m\u00e9dicas y redes de agua, energ\u00eda y telecomunicaciones. El gobierno nepal\u00ed mantiene las operaciones de b\u00fasqueda, rescate y asistencia mientras contin\u00faa evaluando la magnitud del desastre.<\/p>\n\n\n\n<p class=\"wp-block-paragraph\">No hace falta convertir cada cat\u00e1strofe en una consigna ni atribuir autom\u00e1ticamente al cambio clim\u00e1tico aquello que todav\u00eda est\u00e1 siendo investigado. Basta mirar la vulnerabilidad. En unas cuantas horas, el agua puede llevarse carreteras, casas, hospitales y vidas. Eso tambi\u00e9n forma parte del mundo que estamos construyendo.<\/p>\n\n\n\n<p class=\"wp-block-paragraph\">La Tierra, la del eclipse, la de los atardeceres y los amaneceres, empieza a dar miedo porque hemos conseguido herirla de verdad. Y ella, naturalmente, no se venga. La naturaleza no necesita vengarse. Simplemente responde a las condiciones que hemos contribuido a alterar.<\/p>\n\n\n\n<p class=\"wp-block-paragraph\">Hemos convertido el bienestar en una especie de recetario: no hay que estresarse, hay que dormir ocho horas al d\u00eda, hacer ejercicio, comer sano y, adem\u00e1s, no contaminar. Como si cuidar el planeta fuera un consejo m\u00e1s para vivir mejor y no una condici\u00f3n para seguir viviendo en \u00e9l.<\/p>\n\n\n\n<p class=\"wp-block-paragraph\">Cada vez que se quema un \u00e1rbol, se quema algo de usted y de m\u00ed. Cada vez que asesinamos un \u00e1rbol, matamos una esperanza de vida para nosotros y para los que nos siguen.<\/p>\n\n\n\n<p class=\"wp-block-paragraph\">Mire lo que est\u00e1 ocurriendo en Burdeos. El cambio ya lleg\u00f3 hasta el vino. Las temperaturas m\u00e1s elevadas est\u00e1n modificando los ciclos de maduraci\u00f3n de la uva y obligando a los productores a cambiar pr\u00e1cticas que durante generaciones parec\u00edan inamovibles. Burdeos ha adelantado cosechas, modificado m\u00e9todos de cultivo y autorizado nuevas variedades de uva mejor adaptadas a condiciones clim\u00e1ticas distintas.<\/p>\n\n\n\n<p class=\"wp-block-paragraph\">Parece poco. No lo es. Cuando cambia la uva, cambia el vino. Y cuando cambia el vino de Burdeos, cambia un negocio, una tradici\u00f3n y una forma de entender una tierra que durante siglos crey\u00f3 conocerse perfectamente.<\/p>\n\n\n\n<p class=\"wp-block-paragraph\">Y los mares, \u00bfpara qu\u00e9 mirarlos? El Mediterr\u00e1neo se est\u00e1 calentando m\u00e1s r\u00e1pido que el promedio de los oc\u00e9anos. Su temperatura superficial aument\u00f3 aproximadamente 0.41 grados cent\u00edgrados por d\u00e9cada entre 1982 y 2024. En 2025 tuvo su segundo a\u00f1o m\u00e1s c\u00e1lido desde que existen estos registros, con una temperatura media superficial 1.03 grados por encima del promedio. Durante cada uno de los \u00faltimos tres a\u00f1os, todo el Mediterr\u00e1neo experiment\u00f3 al menos condiciones de ola de calor marina fuerte.<\/p>\n\n\n\n<p class=\"wp-block-paragraph\">Este juego de las temperaturas, este suicidio colectivo al que llevamos d\u00e9cadas contribuyendo, est\u00e1 cambiando incluso el mapa de los animales que cre\u00edamos conocer.<\/p>\n\n\n\n<p class=\"wp-block-paragraph\">El tibur\u00f3n blanco es un ejemplo. En el Pac\u00edfico nororiental, los investigadores documentaron c\u00f3mo una gran ola de calor marina desplaz\u00f3 hacia el norte el \u00e1rea de distribuci\u00f3n de tiburones blancos juveniles. El calentamiento est\u00e1 cambiando tambi\u00e9n los lugares donde viven y se desplazan las especies.<\/p>\n\n\n\n<p class=\"wp-block-paragraph\">Y luego est\u00e1 el Caribe. El sargazo siempre existi\u00f3. Lo nuevo es la dimensi\u00f3n. En junio de 2026, el Gran Cintur\u00f3n de Sargazo del Atl\u00e1ntico alcanz\u00f3 niveles cercanos al r\u00e9cord y convirti\u00f3 a este a\u00f1o en el segundo con mayor abundancia de sargazo de todo el registro satelital, apenas detr\u00e1s de 2025. En el Caribe oriental se estimaron nueve millones de toneladas m\u00e9tricas; en el occidental, 3.6 millones; y en el Golfo de M\u00e9xico, cinco millones, casi el doble de su r\u00e9cord anterior.<\/p>\n\n\n\n<p class=\"wp-block-paragraph\">Cuando semejante cantidad termina frente a las playas, la explicaci\u00f3n deja de ser exclusivamente cient\u00edfica. El sargazo afecta ecosistemas, puede asfixiar corales y pastos marinos, genera malos olores, golpea a los destinos tur\u00edsticos y obliga a gastar enormes recursos para retirarlo.<\/p>\n\n\n\n<p class=\"wp-block-paragraph\">La gallina de los huevos de oro del Caribe tampoco es invulnerable.<\/p>\n\n\n\n<p class=\"wp-block-paragraph\">Tuvimos oportunidad de rectificar. Pudimos haber entendido que acabar con las condiciones que hacen habitable el planeta significa, tarde o temprano, acabar tambi\u00e9n con nuestra forma de vida.<\/p>\n\n\n\n<p class=\"wp-block-paragraph\">Pero nos envolvimos en un mont\u00f3n de teor\u00edas. Los sin coraz\u00f3n insisten una y otra vez en que siempre ha habido pobres \u2013como dijo Jesucristo\u2013 y que tambi\u00e9n siempre hubo sequ\u00edas, inundaciones, tormentas e incendios. Y tienen raz\u00f3n en una cosa: siempre existieron.<\/p>\n\n\n\n<p class=\"wp-block-paragraph\">Lo que cambia es el mundo en el que ocurren. Su intensidad en determinados lugares, su frecuencia y, sobre todo, el planeta m\u00e1s caliente sobre el que ahora se desarrollan.<\/p>\n\n\n\n<p class=\"wp-block-paragraph\">Demasiados conservacionistas se quedaron tambi\u00e9n en la est\u00e9tica. En c\u00f3mo ser\u00edamos m\u00e1s bonitos, m\u00e1s verdes y correctos. En c\u00f3mo quedar\u00edamos mejor. Pero sin ponerse realmente a hacer la chamba y sin asumir el costo pol\u00edtico, econ\u00f3mico y personal que supone modificar comportamientos y prioridades.<\/p>\n\n\n\n<p class=\"wp-block-paragraph\">Porque salvar al planeta queda muy bien en un discurso. Lo dif\u00edcil comienza cuando hay que cambiar la manera en que vivimos.<\/p>\n\n\n\n<p class=\"wp-block-paragraph\">Ahora, hoy, tome nota. Lleve cuidado d\u00f3nde va y c\u00f3mo va. El deterioro clim\u00e1tico alcanza incluso algo tan cotidiano como volar. Las tormentas severas, los rayos, el granizo, los vientos fuertes y la turbulencia son riesgos reales para la aviaci\u00f3n y obligan a modificar rutas, retrasar operaciones o evitar determinadas zonas.<\/p>\n\n\n\n<p class=\"wp-block-paragraph\">Cuando uno viaja a cinco, siete o diez mil metros de altura, de un sue\u00f1o a otro, de un continente a otro, de un amor a otro, la atm\u00f3sfera no desaparece porque cerremos la ventanilla.<\/p>\n\n\n\n<p class=\"wp-block-paragraph\">Tenemos aviones mejores, radares mejores y sistemas de predicci\u00f3n extraordinariamente avanzados. Volar sigue siendo extraordinariamente seguro. Pero ninguna tecnolog\u00eda permite comportarnos como si el clima fuera a permanecer exactamente igual mientras todo lo dem\u00e1s cambia.<\/p>\n\n\n\n<p class=\"wp-block-paragraph\">\u00bfA cu\u00e1nto estamos de comprenderlo?<\/p>\n\n\n\n<p class=\"wp-block-paragraph\">No se consuele pensando que todo es culpa de El Ni\u00f1o grande, del peque\u00f1o o de La Ni\u00f1a. Ni que despu\u00e9s llegar\u00e1 otro ciclo y todo volver\u00e1 a ser como antes.<\/p>\n\n\n\n<p class=\"wp-block-paragraph\">El destrozo ecol\u00f3gico, este ecocidio del planeta que hemos ido construyendo entre todos, no tiene a corto plazo una vuelta atr\u00e1s completa. Algunos de los cambios que ya pusimos en marcha continuar\u00e1n durante generaciones.<\/p>\n\n\n\n<p class=\"wp-block-paragraph\">Eso no significa que actuar hoy sea in\u00fatil. Significa exactamente lo contrario: cuanto m\u00e1s dejemos avanzar el problema, m\u00e1s dif\u00edcil, m\u00e1s caro y doloroso ser\u00e1 limitar sus consecuencias.<\/p>\n\n\n\n<p class=\"wp-block-paragraph\">Tal vez, si empezamos a trabajar de verdad hoy, nuestros nietos todav\u00eda puedan tener alguna oportunidad. Mientras tanto, prep\u00e1rese para aguantar la reclamaci\u00f3n de sus hijos, igual que yo la de los m\u00edos. Porque tendr\u00e1n toda la raz\u00f3n cuando nos pregunten c\u00f3mo pudimos ser tan irresponsables.<\/p>\n\n\n\n<p class=\"wp-block-paragraph\">Fuente: EF<\/p>\n","protected":false},"excerpt":{"rendered":"<p>En 2025 ardieron alrededor de 1.08 millones de hect\u00e1reas dentro de la Uni\u00f3n Europea. Este a\u00f1o la superficie es menor, pero no tranquiliza: las 632 mil hect\u00e1reas quemadas hasta el 26 de agosto representan m\u00e1s del doble del promedio de los \u00faltimos 20 a\u00f1os para estas mismas fechas. Arde la Tierra. Los bosques desaparecen. La [&hellip;]<\/p>\n","protected":false},"author":2,"featured_media":149786,"comment_status":"open","ping_status":"open","sticky":false,"template":"","format":"standard","meta":{"footnotes":""},"categories":[59],"tags":[],"class_list":["post-149785","post","type-post","status-publish","format-standard","has-post-thumbnail","hentry","category-destacadas"],"_links":{"self":[{"href":"http:\/\/elcuartopoder.com.mx\/nw\/wp-json\/wp\/v2\/posts\/149785","targetHints":{"allow":["GET"]}}],"collection":[{"href":"http:\/\/elcuartopoder.com.mx\/nw\/wp-json\/wp\/v2\/posts"}],"about":[{"href":"http:\/\/elcuartopoder.com.mx\/nw\/wp-json\/wp\/v2\/types\/post"}],"author":[{"embeddable":true,"href":"http:\/\/elcuartopoder.com.mx\/nw\/wp-json\/wp\/v2\/users\/2"}],"replies":[{"embeddable":true,"href":"http:\/\/elcuartopoder.com.mx\/nw\/wp-json\/wp\/v2\/comments?post=149785"}],"version-history":[{"count":1,"href":"http:\/\/elcuartopoder.com.mx\/nw\/wp-json\/wp\/v2\/posts\/149785\/revisions"}],"predecessor-version":[{"id":149787,"href":"http:\/\/elcuartopoder.com.mx\/nw\/wp-json\/wp\/v2\/posts\/149785\/revisions\/149787"}],"wp:featuredmedia":[{"embeddable":true,"href":"http:\/\/elcuartopoder.com.mx\/nw\/wp-json\/wp\/v2\/media\/149786"}],"wp:attachment":[{"href":"http:\/\/elcuartopoder.com.mx\/nw\/wp-json\/wp\/v2\/media?parent=149785"}],"wp:term":[{"taxonomy":"category","embeddable":true,"href":"http:\/\/elcuartopoder.com.mx\/nw\/wp-json\/wp\/v2\/categories?post=149785"},{"taxonomy":"post_tag","embeddable":true,"href":"http:\/\/elcuartopoder.com.mx\/nw\/wp-json\/wp\/v2\/tags?post=149785"}],"curies":[{"name":"wp","href":"https:\/\/api.w.org\/{rel}","templated":true}]}}