{"id":149788,"date":"2026-09-01T13:40:37","date_gmt":"2026-09-01T18:40:37","guid":{"rendered":"https:\/\/elcuartopoder.com.mx\/nw\/?p=149788"},"modified":"2026-09-01T13:40:40","modified_gmt":"2026-09-01T18:40:40","slug":"mas-de-17-mil-ninas-ninos-y-adolescentes-estan-desaparecidos-en-mexico-redim","status":"publish","type":"post","link":"http:\/\/elcuartopoder.com.mx\/nw\/destacadas\/mas-de-17-mil-ninas-ninos-y-adolescentes-estan-desaparecidos-en-mexico-redim\/","title":{"rendered":"M\u00e1s de 17 mil ni\u00f1as, ni\u00f1os y adolescentes est\u00e1n desaparecidos en M\u00e9xico: REDIM"},"content":{"rendered":"\n<p class=\"wp-block-paragraph\">Desde que hay registros, m\u00e1s de 128 mil ni\u00f1os, ni\u00f1as y adolescentes en M\u00e9xico han sido reportados como desaparecidos, de los cuales m\u00e1s de 17 mil a\u00fan permanecen sin ser localizados.<\/p>\n\n\n\n<p class=\"wp-block-paragraph\">Unos\u00a017 mil ni\u00f1as, ni\u00f1os y adolescentes est\u00e1n desaparecidos en M\u00e9xico, de acuerdo con datos de la Red por los Derechos de la Infancia en M\u00e9xico (Redim).<\/p>\n\n\n\n<p class=\"wp-block-paragraph\">Con corte al 29 de agosto de 2029 y con datos actualizados sobre la situaci\u00f3n de ni\u00f1as, ni\u00f1os y adolescentes desaparecidos en M\u00e9xico, relaborados por REDIM con informaci\u00f3n de la Secretar\u00eda de Gobernaci\u00f3n Segob) y el Registro Nacional de Personas Desaparecidas y No Localizadas (RNPDNO), se tiene registrada la ausencia de 17 mil 487 menores.<\/p>\n\n\n\n<p class=\"wp-block-paragraph\">Desde que se tiene registro, 128 mil 286\u00a0ni\u00f1os, ni\u00f1as y adolescentes han sido reportados como desaparecidos, no localizados o localizados tras su ausencia.<\/p>\n\n\n\n<p class=\"wp-block-paragraph\">De ese total, 17 mil 487 menores de edad contin\u00faan en calidad de desaparecidos o no localizados, es decir, una de cada siete personas.<\/p>\n\n\n\n<p class=\"wp-block-paragraph\">Dos de cada tres personas de cero a 17 a\u00f1os registradas en esta situaci\u00f3n son mujeres, es decir, 85 mil 210 de 128 mil 286 registros.<\/p>\n\n\n\n<p class=\"wp-block-paragraph\">Sin embargo, entre las personas menores de edad que contin\u00faan desaparecidas o no localizadas, se observa una ligera mayor\u00eda en hombres: 8 mil 814 hombres frente a un total de 8 mil 642 mujeres.<\/p>\n\n\n\n<p class=\"wp-block-paragraph\">Este dato marca un cambio relevante: por primera vez, el n\u00famero de ni\u00f1os y\u00a0adolescentes varones desaparecidos\u00a0supera ligeramente el total de ni\u00f1as desaparecidas.<\/p>\n\n\n\n<h2 class=\"wp-block-heading\">Familias de desaparecidos exigen a M\u00e9xico dejar de \u201cadministrar crisis\u201d y dar resultados<\/h2>\n\n\n\n<p class=\"wp-block-paragraph\">Familias de personas desaparecidas\u00a0exigieron este domingo al Estado mexicano pasar de \u201cadministrar la crisis a erradicarla\u201d y ofrecer resultados concretos en prevenci\u00f3n, b\u00fasqueda, identificaci\u00f3n y justicia, en un pa\u00eds que acumula m\u00e1s de 130.000 personas desaparecidas y no localizadas.<\/p>\n\n\n\n<p class=\"wp-block-paragraph\">\u201cNo basta con cifras, registros, folios y protocolos\u201d, advirti\u00f3 el Movimiento por Nuestros Desaparecidos en M\u00e9xico (MNDM) con motivo del D\u00eda Internacional de las V\u00edctimas de Desapariciones Forzadas, que se conmemora cada 30 de agosto.<\/p>\n\n\n\n<p class=\"wp-block-paragraph\">La organizaci\u00f3n, que agrupa a&nbsp;<strong>colectivos y familias de v\u00edctimas<\/strong>, reconoci\u00f3 que M\u00e9xico cuenta con un marco jur\u00eddico e institucional impulsado durante a\u00f1os por los propios familiares, pero reclam\u00f3 que las herramientas existentes se traduzcan en resultados.<\/p>\n\n\n\n<p class=\"wp-block-paragraph\">El pronunciamiento ocurre despu\u00e9s de que el Gobierno de Claudia Sheinbaum presentara el viernes diez acciones para reforzar su&nbsp;<strong>Estrategia Nacional de B\u00fasqueda<\/strong>, entre ellas garantizar que cada reporte de desaparici\u00f3n cuente con una carpeta de investigaci\u00f3n, ampliar las b\u00fasquedas en hospitales y c\u00e1rceles y poner en marcha un plan de identificaci\u00f3n humana para reducir el rezago forense.<\/p>\n\n\n\n<p class=\"wp-block-paragraph\">Fuente: EF<\/p>\n","protected":false},"excerpt":{"rendered":"<p>Desde que hay registros, m\u00e1s de 128 mil ni\u00f1os, ni\u00f1as y adolescentes en M\u00e9xico han sido reportados como desaparecidos, de los cuales m\u00e1s de 17 mil a\u00fan permanecen sin ser localizados. Unos\u00a017 mil ni\u00f1as, ni\u00f1os y adolescentes est\u00e1n desaparecidos en M\u00e9xico, de acuerdo con datos de la Red por los Derechos de la Infancia en [&hellip;]<\/p>\n","protected":false},"author":2,"featured_media":149789,"comment_status":"open","ping_status":"open","sticky":false,"template":"","format":"standard","meta":{"footnotes":""},"categories":[59],"tags":[],"class_list":["post-149788","post","type-post","status-publish","format-standard","has-post-thumbnail","hentry","category-destacadas"],"_links":{"self":[{"href":"http:\/\/elcuartopoder.com.mx\/nw\/wp-json\/wp\/v2\/posts\/149788","targetHints":{"allow":["GET"]}}],"collection":[{"href":"http:\/\/elcuartopoder.com.mx\/nw\/wp-json\/wp\/v2\/posts"}],"about":[{"href":"http:\/\/elcuartopoder.com.mx\/nw\/wp-json\/wp\/v2\/types\/post"}],"author":[{"embeddable":true,"href":"http:\/\/elcuartopoder.com.mx\/nw\/wp-json\/wp\/v2\/users\/2"}],"replies":[{"embeddable":true,"href":"http:\/\/elcuartopoder.com.mx\/nw\/wp-json\/wp\/v2\/comments?post=149788"}],"version-history":[{"count":1,"href":"http:\/\/elcuartopoder.com.mx\/nw\/wp-json\/wp\/v2\/posts\/149788\/revisions"}],"predecessor-version":[{"id":149790,"href":"http:\/\/elcuartopoder.com.mx\/nw\/wp-json\/wp\/v2\/posts\/149788\/revisions\/149790"}],"wp:featuredmedia":[{"embeddable":true,"href":"http:\/\/elcuartopoder.com.mx\/nw\/wp-json\/wp\/v2\/media\/149789"}],"wp:attachment":[{"href":"http:\/\/elcuartopoder.com.mx\/nw\/wp-json\/wp\/v2\/media?parent=149788"}],"wp:term":[{"taxonomy":"category","embeddable":true,"href":"http:\/\/elcuartopoder.com.mx\/nw\/wp-json\/wp\/v2\/categories?post=149788"},{"taxonomy":"post_tag","embeddable":true,"href":"http:\/\/elcuartopoder.com.mx\/nw\/wp-json\/wp\/v2\/tags?post=149788"}],"curies":[{"name":"wp","href":"https:\/\/api.w.org\/{rel}","templated":true}]}}