{"id":149794,"date":"2026-09-01T13:46:08","date_gmt":"2026-09-01T18:46:08","guid":{"rendered":"https:\/\/elcuartopoder.com.mx\/nw\/?p=149794"},"modified":"2026-09-01T13:46:10","modified_gmt":"2026-09-01T18:46:10","slug":"jose-maria-morelos-reune-a-criadores-de-gallitos-azteca-de-la-peninsula","status":"publish","type":"post","link":"http:\/\/elcuartopoder.com.mx\/nw\/municipales\/jose-maria-morelos-reune-a-criadores-de-gallitos-azteca-de-la-peninsula\/","title":{"rendered":"Jos\u00e9 Mar\u00eda Morelos re\u00fane a criadores de Gallitos Azteca de la Pen\u00ednsula"},"content":{"rendered":"\n<p class=\"wp-block-paragraph\"><strong>JOS\u00c9 MAR\u00cdA MORELOS.-<\/strong>&nbsp;Criadores de Gallitos Azteca procedentes de M\u00e9rida, Canc\u00fan, Playa del Carmen, Tulum, Chetumal y Jos\u00e9 Mar\u00eda Morelos se reunieron este s\u00e1bado en el municipio para participar en una muestra de esta especie, en un encuentro que reuni\u00f3 a alrededor de 30 clubes y criadores.<\/p>\n\n\n\n<p class=\"wp-block-paragraph\">Roberto Hern\u00e1ndez Tun, secretario del Club de Gallitos Azteca de Jos\u00e9 Mar\u00eda Morelos, explic\u00f3 que durante la actividad se presentaron ejemplares de diferentes categor\u00edas, mientras jueces evaluaron caracter\u00edsticas como fenotipo, morfolog\u00eda, cuidado, color y tonalidad.<\/p>\n\n\n\n<p class=\"wp-block-paragraph\">\u201cViene gente de Canc\u00fan, de Playa del Carmen, de Tulum, de Chetumal y, por supuesto, nosotros de Jos\u00e9 Mar\u00eda Morelos como anfitriones\u201d, se\u00f1al\u00f3.<\/p>\n\n\n\n<p class=\"wp-block-paragraph\">Jos\u00e9 Manuel Espinal, integrante de la Asociaci\u00f3n de Gallitos Azteca, delegaci\u00f3n Yucat\u00e1n, explic\u00f3 que la actividad consiste en una exposici\u00f3n de belleza, donde se valoran las caracter\u00edsticas de los ejemplares, tanto machos como hembras, as\u00ed como sus colores de l\u00ednea y fantas\u00eda.<\/p>\n\n\n\n<p class=\"wp-block-paragraph\">\u201cSe califica la raza, se califican caracter\u00edsticas, igual al gallito; es como una expo de perros\u201d, explic\u00f3.<\/p>\n\n\n\n<p class=\"wp-block-paragraph\">Se\u00f1al\u00f3 que esta afici\u00f3n tiene alrededor de 15 a\u00f1os en la Pen\u00ednsula y que en los \u00faltimos a\u00f1os ha cobrado mayor fuerza. Destac\u00f3 que Jos\u00e9 Mar\u00eda Morelos comenz\u00f3 a acercarse a este movimiento despu\u00e9s de una exhibici\u00f3n realizada durante la Expomor.<\/p>\n\n\n\n<p class=\"wp-block-paragraph\">Por su parte, Luis Ren\u00e9 Guti\u00e9rrez, criador radicado en Playa del Carmen, destac\u00f3 que las exposiciones tambi\u00e9n buscan contribuir a la conformaci\u00f3n del Gallito Miniatura Azteca Mexicano, adem\u00e1s de fortalecer las delegaciones existentes en el sureste.<\/p>\n\n\n\n<p class=\"wp-block-paragraph\">Los participantes remarcaron que se trata de una actividad familiar enfocada en la crianza, belleza y exhibici\u00f3n de los ejemplares, sin relaci\u00f3n con las peleas de gallos.&nbsp;<\/p>\n\n\n\n<p class=\"wp-block-paragraph\">Fuente: NC<\/p>\n","protected":false},"excerpt":{"rendered":"<p>JOS\u00c9 MAR\u00cdA MORELOS.-&nbsp;Criadores de Gallitos Azteca procedentes de M\u00e9rida, Canc\u00fan, Playa del Carmen, Tulum, Chetumal y Jos\u00e9 Mar\u00eda Morelos se reunieron este s\u00e1bado en el municipio para participar en una muestra de esta especie, en un encuentro que reuni\u00f3 a alrededor de 30 clubes y criadores. Roberto Hern\u00e1ndez Tun, secretario del Club de Gallitos Azteca [&hellip;]<\/p>\n","protected":false},"author":2,"featured_media":149795,"comment_status":"open","ping_status":"open","sticky":false,"template":"","format":"standard","meta":{"footnotes":""},"categories":[20,6],"tags":[],"class_list":["post-149794","post","type-post","status-publish","format-standard","has-post-thumbnail","hentry","category-jose-maria-morelos","category-municipales"],"_links":{"self":[{"href":"http:\/\/elcuartopoder.com.mx\/nw\/wp-json\/wp\/v2\/posts\/149794","targetHints":{"allow":["GET"]}}],"collection":[{"href":"http:\/\/elcuartopoder.com.mx\/nw\/wp-json\/wp\/v2\/posts"}],"about":[{"href":"http:\/\/elcuartopoder.com.mx\/nw\/wp-json\/wp\/v2\/types\/post"}],"author":[{"embeddable":true,"href":"http:\/\/elcuartopoder.com.mx\/nw\/wp-json\/wp\/v2\/users\/2"}],"replies":[{"embeddable":true,"href":"http:\/\/elcuartopoder.com.mx\/nw\/wp-json\/wp\/v2\/comments?post=149794"}],"version-history":[{"count":1,"href":"http:\/\/elcuartopoder.com.mx\/nw\/wp-json\/wp\/v2\/posts\/149794\/revisions"}],"predecessor-version":[{"id":149796,"href":"http:\/\/elcuartopoder.com.mx\/nw\/wp-json\/wp\/v2\/posts\/149794\/revisions\/149796"}],"wp:featuredmedia":[{"embeddable":true,"href":"http:\/\/elcuartopoder.com.mx\/nw\/wp-json\/wp\/v2\/media\/149795"}],"wp:attachment":[{"href":"http:\/\/elcuartopoder.com.mx\/nw\/wp-json\/wp\/v2\/media?parent=149794"}],"wp:term":[{"taxonomy":"category","embeddable":true,"href":"http:\/\/elcuartopoder.com.mx\/nw\/wp-json\/wp\/v2\/categories?post=149794"},{"taxonomy":"post_tag","embeddable":true,"href":"http:\/\/elcuartopoder.com.mx\/nw\/wp-json\/wp\/v2\/tags?post=149794"}],"curies":[{"name":"wp","href":"https:\/\/api.w.org\/{rel}","templated":true}]}}