{"id":149797,"date":"2026-09-01T13:48:24","date_gmt":"2026-09-01T18:48:24","guid":{"rendered":"https:\/\/elcuartopoder.com.mx\/nw\/?p=149797"},"modified":"2026-09-01T13:48:27","modified_gmt":"2026-09-01T18:48:27","slug":"fortalecimiento-fiscal-de-estados-y-municipios","status":"publish","type":"post","link":"http:\/\/elcuartopoder.com.mx\/nw\/economia\/fortalecimiento-fiscal-de-estados-y-municipios\/","title":{"rendered":"Fortalecimiento fiscal de estados y municipios"},"content":{"rendered":"\n<p class=\"wp-block-paragraph\">Fortalecer a los municipios no es solo transferirles m\u00e1s recursos, sino acompa\u00f1arlos con capacitaci\u00f3n, asesor\u00eda t\u00e9cnica y mecanismos de control interno que les permitan ejercer el gasto con eficiencia y transparencia, particularmente en aquellas regiones donde la estructura administrativa es m\u00e1s precaria.<\/p>\n\n\n\n<p class=\"wp-block-paragraph\">Es importante destacar que la fiscalizaci\u00f3n del gasto federalizado es fundamental para apoyar el esfuerzo que los estados y los municipios realizan para optimizar el manejo de las participaciones que reciben, como parte de ceder facultades al gobierno federal.<\/p>\n\n\n\n<p class=\"wp-block-paragraph\">Dadas las condiciones de pobreza y de rezago del Estado, se recib\u00edan recursos adicionales a las participaciones del gobierno federal, con el apoyo del Instituto para el Desarrollo T\u00e9cnico de las Haciendas P\u00fablicas (INDETEC), cuando Antonio Zarzosa Escobedo era su titular, lo que nos permiti\u00f3 modernizar y avanzar fundamentalmente en el apoyo a los ayuntamientos m\u00e1s pobres de algunas entidades.<\/p>\n\n\n\n<p class=\"wp-block-paragraph\">Oaxaca es un estado diferente debido a su orograf\u00eda y al rezago de sus 570 municipios. La gran mayor\u00eda de ellos se rige por Sistemas Normativos Internos (usos y costumbres), lo que implica que sus presidentes municipales o encargados suelen durar menos tiempo en el cargo y generalmente no reciben salario, solo el apoyo de sus colegas del pueblo.<\/p>\n\n\n\n<p class=\"wp-block-paragraph\">Por cierto, quiero reconocer la labor de Gustavo Esteva, destacado promotor del tema.<\/p>\n\n\n\n<p class=\"wp-block-paragraph\">Esta realidad municipal tan diversa es justamente lo que hace m\u00e1s complejo; por eso se requiere un sistema de fiscalizaci\u00f3n que sepa distinguir entre las capacidades administrativas de un ayuntamiento grande y las de uno peque\u00f1o, sin que ello signifique menor exigencia en la rendici\u00f3n de cuentas.<\/p>\n\n\n\n<p class=\"wp-block-paragraph\">Fortalecer a los municipios no es solo transferirles m\u00e1s recursos, sino acompa\u00f1arlos con capacitaci\u00f3n, asesor\u00eda t\u00e9cnica y mecanismos de control interno que les permitan ejercer el gasto con eficiencia y transparencia, particularmente en aquellas regiones donde la estructura administrativa es m\u00e1s precaria.<\/p>\n\n\n\n<p class=\"wp-block-paragraph\">Somos un pa\u00eds federal, de los pocos de este tipo en Am\u00e9rica Latina; M\u00e9xico es quiz\u00e1s, despu\u00e9s de Brasil, el pa\u00eds de mayor relevancia.<\/p>\n\n\n\n<p class=\"wp-block-paragraph\">Por eso, su importancia es a\u00fan mayor, porque una parte importante de c\u00f3mo funciona el gobierno depende de los recursos federales que se reciben a trav\u00e9s de participaciones, aportaciones, convenios, subsidios y otros m\u00e9todos de coordinaci\u00f3n financiera.<\/p>\n\n\n\n<p class=\"wp-block-paragraph\">Recientemente impart\u00ed una conferencia con el objetivo de reforzar el papel de los estados y municipios en este pa\u00eds federal y abordar el desaf\u00edo de consolidar un federalismo fiscal que funcione de verdad.<\/p>\n\n\n\n<p class=\"wp-block-paragraph\">La fiscalizaci\u00f3n no debe entenderse \u00fanicamente como una auditor\u00eda posterior, sino como una l\u00f3gica permanente de gesti\u00f3n p\u00fablica y de previsi\u00f3n.<\/p>\n\n\n\n<p class=\"wp-block-paragraph\">La fiscalizaci\u00f3n social, la que hacen los pueblos, la que hacen los ciudadanos, es muy relevante.<\/p>\n\n\n\n<p class=\"wp-block-paragraph\">Recuerdo que, en nuestros primeros d\u00edas de gobierno en Oaxaca, recorr\u00edamos los pueblos con cursos de capacitaci\u00f3n, no solo para los presidentes municipales, sino para los regidores y los administradores, de tal forma que los ciudadanos siempre estaban tomados en cuenta.<\/p>\n\n\n\n<p class=\"wp-block-paragraph\">En las localidades m\u00e1s modestas de los estados del sureste es com\u00fan que existan actividades de capacitaci\u00f3n tanto para los regidores como para las autoridades municipales, lo que permite un uso m\u00e1s consciente y responsable de los recursos que reciben.<\/p>\n\n\n\n<p class=\"wp-block-paragraph\">Lo anterior solamente para subrayar la importancia que tiene para el desarrollo de los estados la gesti\u00f3n municipal.<\/p>\n\n\n\n<p class=\"wp-block-paragraph\">Dada su diversidad, es necesario reconsiderar el fortalecimiento de las organizaciones de presidentes municipales.<\/p>\n\n\n\n<p class=\"wp-block-paragraph\">Estas organizaciones deben volver a operar con mayor eficacia y recibir m\u00e1s apoyo, especialmente en los estados con menor nivel de desarrollo.<\/p>\n\n\n\n<p class=\"wp-block-paragraph\">En el pasado hubo excelentes organizaciones de presidentes municipales.<\/p>\n\n\n\n<p class=\"wp-block-paragraph\">Fuente: EF<\/p>\n","protected":false},"excerpt":{"rendered":"<p>Fortalecer a los municipios no es solo transferirles m\u00e1s recursos, sino acompa\u00f1arlos con capacitaci\u00f3n, asesor\u00eda t\u00e9cnica y mecanismos de control interno que les permitan ejercer el gasto con eficiencia y transparencia, particularmente en aquellas regiones donde la estructura administrativa es m\u00e1s precaria. Es importante destacar que la fiscalizaci\u00f3n del gasto federalizado es fundamental para apoyar [&hellip;]<\/p>\n","protected":false},"author":2,"featured_media":149798,"comment_status":"open","ping_status":"open","sticky":false,"template":"","format":"standard","meta":{"footnotes":""},"categories":[1],"tags":[],"class_list":["post-149797","post","type-post","status-publish","format-standard","has-post-thumbnail","hentry","category-economia"],"_links":{"self":[{"href":"http:\/\/elcuartopoder.com.mx\/nw\/wp-json\/wp\/v2\/posts\/149797","targetHints":{"allow":["GET"]}}],"collection":[{"href":"http:\/\/elcuartopoder.com.mx\/nw\/wp-json\/wp\/v2\/posts"}],"about":[{"href":"http:\/\/elcuartopoder.com.mx\/nw\/wp-json\/wp\/v2\/types\/post"}],"author":[{"embeddable":true,"href":"http:\/\/elcuartopoder.com.mx\/nw\/wp-json\/wp\/v2\/users\/2"}],"replies":[{"embeddable":true,"href":"http:\/\/elcuartopoder.com.mx\/nw\/wp-json\/wp\/v2\/comments?post=149797"}],"version-history":[{"count":1,"href":"http:\/\/elcuartopoder.com.mx\/nw\/wp-json\/wp\/v2\/posts\/149797\/revisions"}],"predecessor-version":[{"id":149799,"href":"http:\/\/elcuartopoder.com.mx\/nw\/wp-json\/wp\/v2\/posts\/149797\/revisions\/149799"}],"wp:featuredmedia":[{"embeddable":true,"href":"http:\/\/elcuartopoder.com.mx\/nw\/wp-json\/wp\/v2\/media\/149798"}],"wp:attachment":[{"href":"http:\/\/elcuartopoder.com.mx\/nw\/wp-json\/wp\/v2\/media?parent=149797"}],"wp:term":[{"taxonomy":"category","embeddable":true,"href":"http:\/\/elcuartopoder.com.mx\/nw\/wp-json\/wp\/v2\/categories?post=149797"},{"taxonomy":"post_tag","embeddable":true,"href":"http:\/\/elcuartopoder.com.mx\/nw\/wp-json\/wp\/v2\/tags?post=149797"}],"curies":[{"name":"wp","href":"https:\/\/api.w.org\/{rel}","templated":true}]}}