{"id":149812,"date":"2026-09-02T06:07:19","date_gmt":"2026-09-02T11:07:19","guid":{"rendered":"https:\/\/elcuartopoder.com.mx\/nw\/?p=149812"},"modified":"2026-09-02T06:07:21","modified_gmt":"2026-09-02T11:07:21","slug":"puerto-rico-miles-hacen-fila-por-agua-recursos-naturales-en-riesgo","status":"publish","type":"post","link":"http:\/\/elcuartopoder.com.mx\/nw\/internacionales\/puerto-rico-miles-hacen-fila-por-agua-recursos-naturales-en-riesgo\/","title":{"rendered":"Puerto Rico: miles hacen fila por agua; recursos naturales, en riesgo"},"content":{"rendered":"\n<p class=\"wp-block-paragraph\"><em>San Juan.,&nbsp;<\/em>Es como un hilo invisible, pero perverso que ata a Puerto Rico. Une a la falta de agua en el norte, con una marcha multitudinaria en el sur y las luces en un estadio en San Juan. La semana pasada condens\u00f3 las contradicciones de una isla en fuga: la indignaci\u00f3n popular por el desmantelamiento ambiental se cruz\u00f3 con el fen\u00f3meno global de Bad Bunny cantando a la resistencia, todo bajo la sombra de un gobierno que privatiza a vapor y una naturaleza que pasa, sin tregua, de la sequ\u00eda a la amenaza de inundaci\u00f3n.<\/p>\n\n\n\n<p class=\"wp-block-paragraph\">Este fin de semana se esperaba que una tormenta ayudara un poco en dar alivio a la sequ\u00eda que atraviesa la isla y ha provocado un racionamiento en casi la mitad de la poblaci\u00f3n.<\/p>\n\n\n\n<p class=\"wp-block-paragraph\">Puerto Rico vivi\u00f3 la semana pasada tres pa\u00edses dentro de uno mismo. En el norte, miles de familias hac\u00edan fila junto a camiones cisterna para llenar baldes, luego de hasta dos meses de racionamiento por el deterioro de los sistemas pluviales, la mala gesti\u00f3n gubernamental y una sequ\u00eda prolongada. En Cabo Rojo, en el suroeste, m\u00e1s de 30 mil personas marchaban contra Esencia, el megaproyecto de lujo que el gobierno respalda para levantar una ciudad de ultrarricos \u2013con viviendas desde 3 millones de d\u00f3lares, hoteles y hospitales privados\u2013 en un territorio que el pueblo defiende por su agua, su costa y su biodiversidad. Y en San Juan, dos d\u00edas antes, Bad Bunny cerraba en un estadio su hist\u00f3rica gira&nbsp;<em>Deb\u00ed tirar m\u00e1s fotos<\/em>: 57 conciertos, m\u00e1s de 20 pa\u00edses y 467.5 millones de d\u00f3lares recaudados con 3 millones de boletos vendidos, seg\u00fan&nbsp;<em>Billboard<\/em>.<\/p>\n\n\n\n<p class=\"wp-block-paragraph\">En ese contexto, la gobernadora Jenniffer Gonz\u00e1lez viaj\u00f3 a Nueva York a tocar la campana de apertura de la Bolsa de Valores. Su mensaje: Puerto Rico est\u00e1&nbsp;<em>open for business<\/em>.<\/p>\n\n\n\n<p class=\"wp-block-paragraph\">\u201cEste caos, este desastre, es creado a prop\u00f3sito para tratar de jugar con nuestras emociones. Para tratar de que nos rindamos, de que nos vayamos, y puedan seguir vendiendo la isla parte por parte y cumplir su misi\u00f3n de un Puerto Rico sin puertorrique\u00f1os\u201d, dijo Bad Bunny ante decenas de miles de personas antes de arrancar con&nbsp;<em>De aqu\u00ed nadie me saca<\/em>. El mensaje resume una resistencia del pueblo puertorrique\u00f1o que atraviesa d\u00e9cadas de corrupci\u00f3n y privatizaci\u00f3n de bienes p\u00fablicos.<\/p>\n\n\n\n<blockquote class=\"wp-block-quote is-layout-flow wp-block-quote-is-layout-flow\"><\/blockquote>\n\n\n\n<h2 class=\"wp-block-heading\">La realidad de la resistencia<\/h2>\n\n\n\n<p class=\"wp-block-paragraph\">Puerto Rico exhibe una estabilidad macroecon\u00f3mica sostenida artificialmente por fondos federales de reconstrucci\u00f3n (HUD, FEMA, CDBG-DR), pero las grietas estructurales no han sanado. El desempleo ronda 6 por ciento, aunque s\u00f3lo entre 43 y 44 por ciento de la poblaci\u00f3n en edad de trabajar participa activamente en la fuerza laboral: m\u00e1s de la mitad depende del gobierno o de la econom\u00eda informal. Entre 41 y 43 por ciento viven bajo el nivel de pobreza, con un coeficiente de desigualdad superior a 0.54, el m\u00e1s alto bajo bandera estadunidense. La mediana de ingreso familiar apenas supera 24 mil d\u00f3lares anuales, mientras el costo de electricidad y agua duplica o triplica el de varias ciudades de Estados Unidos.<\/p>\n\n\n\n<p class=\"wp-block-paragraph\">La emigraci\u00f3n, acelerada tras el hurac\u00e1n&nbsp;<em>Mar\u00eda<\/em>&nbsp;(2017) y los terremotos de 2020, ha reducido la poblaci\u00f3n a 3.22 millones, una ca\u00edda de casi 17 por ciento desde 2004. La Ley 60, que exime de impuestos a inversionistas extranjeros, ha desplazado a residentes en zonas costeras como Rinc\u00f3n, Aguadilla, Luquillo y Vieques, encareciendo la vivienda. La violencia tambi\u00e9n golpea: dos muertes violentas diarias en promedio y 15 homicidios por cada 100 mil habitantes, la tasa m\u00e1s alta bajo jurisdicci\u00f3n estadunidense, m\u00e1s de 90 por ciento vinculados al narcotr\u00e1fico que usa el Caribe como corredor hacia el continente.<\/p>\n\n\n\n<h2 class=\"wp-block-heading\">El desmontaje legal de leyes ambientales<\/h2>\n\n\n\n<p class=\"wp-block-paragraph\">Mientras el pueblo hac\u00eda fila por agua, la Asociaci\u00f3n de Periodistas de Puerto Rico celebraba su Asamblea Anual en esta capital, donde el abogado ambientalista y profesor jubilado de derecho Pedro Saad\u00e9 Llor\u00e9ns advirti\u00f3 que el pa\u00eds enfrenta una p\u00e9rdida hist\u00f3rica de sus protecciones ambientales. \u201cSi antes era importante el rol del periodismo, y en particular del periodismo ambiental, m\u00e1s importante es ahora\u201d, se\u00f1al\u00f3 al describir c\u00f3mo el gobierno usa el discurso de \u201cagilizar tr\u00e1mites\u201d para trasladar funciones de agencias protectoras \u2013como el Departamento de Recursos Naturales y Ambientales y el Instituto de Cultura Puertorrique\u00f1a\u2013 hacia el Departamento de Desarrollo Econ\u00f3mico y Comercio.<\/p>\n\n\n\n<p class=\"wp-block-paragraph\">Saad\u00e9 alert\u00f3 que dos proyectos legislativos delegar\u00edan en esa agencia comercial la \u00faltima palabra sobre si se conserva una especie protegida o se estudia un hallazgo arqueol\u00f3gico, amenazando con abrir la puerta a la privatizaci\u00f3n de playas. Como advertencia, cit\u00f3 el caso del megaproyecto Esencia, cuya consulta de ubicaci\u00f3n se aprob\u00f3 en apenas 10 d\u00edas laborables bajo la figura de \u201cproyecto estrat\u00e9gico\u201d, evadiendo vistas p\u00fablicas.<\/p>\n\n\n\n<p class=\"wp-block-paragraph\">Esa l\u00f3gica alcanza al acu\u00edfero que sostiene al pa\u00eds. El ingeniero Abel Vale Nieves, presidente de Ciudadanos del Karso, denunci\u00f3 que el Proyecto de la C\u00e1mara 1079 elimina el reconocimiento legal del carso \u2013zona geol\u00f3gica formada principalmente por roca caliza que cubre 27 por ciento del territorio de la isla\u2013 como recurso \u201cirremplazable\u201d para reclasificarlo como materia prima. Esa zona alberga la mayor reserva de agua subterr\u00e1nea de la isla, de la que dependen la agricultura, la farmac\u00e9utica y comunidades enteras del norte.<\/p>\n\n\n\n<p class=\"wp-block-paragraph\">\u201cCada sumidero que se sella y cada zona de recarga que se pavimenta son aguas que este pa\u00eds no va a tener en la pr\u00f3xima sequ\u00eda, y ya sabemos lo que eso significa\u201d, advirti\u00f3 Vale Nieves, quien record\u00f3 que 40 cient\u00edficos y 8 mil 774 ciudadanos han pedido vistas p\u00fablicas sin respuesta legislativa. \u201cYa no se trata s\u00f3lo de un reclamo ciudadano: los cient\u00edficos que llevan d\u00e9cadas estudiando estos sistemas lo pusieron por escrito y lo firmaron&#8230; Si los proyectos son tan buenos como sostienen sus autores, que resistan el escrutinio p\u00fablico\u201d.<\/p>\n\n\n\n<p class=\"wp-block-paragraph\">Vale advirti\u00f3, adem\u00e1s, que esta reforma no puede leerse aparte de una general de permisos que dar\u00eda supremac\u00eda a la nueva ley sobre cualquier otra legislaci\u00f3n ambiental, lo que abrir\u00eda la puerta a proyectos como Esencia en otras zonas de la isla, incluyendo Naguabo y Lo\u00edza.<\/p>\n\n\n\n<p class=\"wp-block-paragraph\">Entre la sed, la resistencia cient\u00edfica y la fiesta multitudinaria de un \u00eddolo global que cant\u00f3&nbsp;<em>De aqu\u00ed nadie me saca,<\/em>&nbsp;Puerto Rico cierra agosto de 2026 como comenz\u00f3: disputando, litro a litro y firma a firma, el derecho a seguir siendo un pa\u00eds.<\/p>\n\n\n\n<p class=\"wp-block-paragraph\">Fuente: lajornada<\/p>\n","protected":false},"excerpt":{"rendered":"<p>San Juan.,&nbsp;Es como un hilo invisible, pero perverso que ata a Puerto Rico. Une a la falta de agua en el norte, con una marcha multitudinaria en el sur y las luces en un estadio en San Juan. La semana pasada condens\u00f3 las contradicciones de una isla en fuga: la indignaci\u00f3n popular por el desmantelamiento [&hellip;]<\/p>\n","protected":false},"author":2,"featured_media":149813,"comment_status":"open","ping_status":"open","sticky":false,"template":"","format":"standard","meta":{"footnotes":""},"categories":[8],"tags":[],"class_list":["post-149812","post","type-post","status-publish","format-standard","has-post-thumbnail","hentry","category-internacionales"],"_links":{"self":[{"href":"http:\/\/elcuartopoder.com.mx\/nw\/wp-json\/wp\/v2\/posts\/149812","targetHints":{"allow":["GET"]}}],"collection":[{"href":"http:\/\/elcuartopoder.com.mx\/nw\/wp-json\/wp\/v2\/posts"}],"about":[{"href":"http:\/\/elcuartopoder.com.mx\/nw\/wp-json\/wp\/v2\/types\/post"}],"author":[{"embeddable":true,"href":"http:\/\/elcuartopoder.com.mx\/nw\/wp-json\/wp\/v2\/users\/2"}],"replies":[{"embeddable":true,"href":"http:\/\/elcuartopoder.com.mx\/nw\/wp-json\/wp\/v2\/comments?post=149812"}],"version-history":[{"count":1,"href":"http:\/\/elcuartopoder.com.mx\/nw\/wp-json\/wp\/v2\/posts\/149812\/revisions"}],"predecessor-version":[{"id":149814,"href":"http:\/\/elcuartopoder.com.mx\/nw\/wp-json\/wp\/v2\/posts\/149812\/revisions\/149814"}],"wp:featuredmedia":[{"embeddable":true,"href":"http:\/\/elcuartopoder.com.mx\/nw\/wp-json\/wp\/v2\/media\/149813"}],"wp:attachment":[{"href":"http:\/\/elcuartopoder.com.mx\/nw\/wp-json\/wp\/v2\/media?parent=149812"}],"wp:term":[{"taxonomy":"category","embeddable":true,"href":"http:\/\/elcuartopoder.com.mx\/nw\/wp-json\/wp\/v2\/categories?post=149812"},{"taxonomy":"post_tag","embeddable":true,"href":"http:\/\/elcuartopoder.com.mx\/nw\/wp-json\/wp\/v2\/tags?post=149812"}],"curies":[{"name":"wp","href":"https:\/\/api.w.org\/{rel}","templated":true}]}}