{"id":149827,"date":"2026-09-02T06:18:06","date_gmt":"2026-09-02T11:18:06","guid":{"rendered":"https:\/\/elcuartopoder.com.mx\/nw\/?p=149827"},"modified":"2026-09-02T06:18:09","modified_gmt":"2026-09-02T11:18:09","slug":"un-jurado-declara-culpable-del-asesinato-del-rapero-tupac-shakur-a-duane-keffe-d-davis-casi-30-anos-despues","status":"publish","type":"post","link":"http:\/\/elcuartopoder.com.mx\/nw\/entretenimiento\/espectaculos\/un-jurado-declara-culpable-del-asesinato-del-rapero-tupac-shakur-a-duane-keffe-d-davis-casi-30-anos-despues\/","title":{"rendered":"Un jurado declara culpable del asesinato del rapero Tupac Shakur a Duane &#8216;Keffe D&#8217; Davis casi 30 a\u00f1os despu\u00e9s"},"content":{"rendered":"\n<p class=\"wp-block-paragraph\">El exl\u00edder de la pandilla California South Side Compton Crips era el \u00fanico imputado por el homicidio. Ser\u00e1 el juez el que tenga que determinar la pena definitiva<\/p>\n\n\n\n<p class=\"wp-block-paragraph\"><strong>Duane \u00abKeffe D\u00bb Davis<\/strong>, un exl\u00edder de una pandilla de Los \u00c1ngeles,&nbsp;<strong>fue declarado culpable el lunes por un tribunal de Las Vegas del asesinato en 1996 del famoso rapero Tupac Shakur.<\/strong><\/p>\n\n\n\n<p class=\"wp-block-paragraph\"><strong>Treinta a\u00f1os despu\u00e9s de la muerte de la leyenda del rap<\/strong>, el jurado declar\u00f3 culpable a Davis, de 63 a\u00f1os, de asesinato tras solo unas horas de deliberaci\u00f3n.<\/p>\n\n\n\n<p class=\"wp-block-paragraph\"><strong>\u00abCargo uno, asesinato con uso de arma mortal, culpable de asesinato en primer grado con uso de arma mortal\u00bb,&nbsp;<\/strong>anunci\u00f3 al tribunal la portavoz del jurado.<\/p>\n\n\n\n<figure class=\"wp-block-image\"><img decoding=\"async\" src=\"https:\/\/www.mitelefe.com\/images\/AFP__20260901__C6YA6CQ__v1__HighRes__UsJusticeTupacTrial.jpg-6a9738aba075b.jpg\" alt=\"\"\/><\/figure>\n\n\n\n<p class=\"wp-block-paragraph\">Davis, que se enfrenta a una posible cadena perpetua sin libertad condicional, se dirigi\u00f3 a la jueza Carli Kierny tras conocerse el veredicto y manifest\u00f3 su intenci\u00f3n de apelar.<\/p>\n\n\n\n<p class=\"wp-block-paragraph\">Al antiguo l\u00edder de la pandilla South Side Compton Crips, que&nbsp;<strong>controlaba partes de Los \u00c1ngeles en los 1990<\/strong>, se le acus\u00f3 de ordenar el asesinato del artista el 7 de septiembre de 1996, despu\u00e9s de que su sobrino fuera golpeado por miembros del s\u00e9quito de Shakur en un casino de Las Vegas.<\/p>\n\n\n\n<p class=\"wp-block-paragraph\"><em><strong>\u00abDuane Davis, en la cultura de las pandillas, no pod\u00eda dejar que eso pasara\u00bb,<\/strong><\/em>&nbsp;dijo el fiscal Binu Palal durante los alegatos finales.&nbsp;<em><strong>\u00ab\u00bfAs\u00ed que qu\u00e9 hizo? Consigui\u00f3 un arma de fuego, reuni\u00f3 a su grupo y sali\u00f3 de caza tras el se\u00f1or Shakur\u00bb,<\/strong><\/em>&nbsp;agreg\u00f3.<\/p>\n\n\n\n<figure class=\"wp-block-image\"><img decoding=\"async\" src=\"https:\/\/www.latercera.com\/resizer\/v2\/K3UKFYV3BRDFLMGQEGVDEKSBQI.png?auth=55f5b351447a38e28d074223cdbb843f6038a706bc604f1642c35aac78942d81&amp;smart=true&amp;width=800&amp;height=450&amp;quality=70\" alt=\"\"\/><\/figure>\n\n\n\n<p class=\"wp-block-paragraph\">Shakur estaba en Las Vegas para ver una pelea de Mike Tyson. Fue asesinado a tiros dos horas despu\u00e9s del enfrentamiento en el casino por un hombre que iba en un Cadillac blanco que se detuvo en un sem\u00e1foro en rojo junto al BMW en el que el rapero viajaba.<\/p>\n\n\n\n<p class=\"wp-block-paragraph\">Seg\u00fan los fiscales,<strong>&nbsp;Davis entreg\u00f3 el arma a alguien que estaba sentado en el asiento trasero del Cadillac y orden\u00f3 a esa persona que disparara contra Shakur<\/strong>, quien muri\u00f3 seis d\u00edas despu\u00e9s.<\/p>\n\n\n\n<p class=\"wp-block-paragraph\">El asesinato del artista, cuando ten\u00eda 25 a\u00f1os,&nbsp;<strong>ha sido uno de los casos sin resolver m\u00e1s c\u00e9lebres de Estados Unidos.&nbsp;<\/strong>Davis es la \u00fanica persona que ha sido acusada por este crimen. La lectura de la sentencia est\u00e1 programada para el 13 de octubre.<\/p>\n\n\n\n<h3 class=\"wp-block-heading\"><br>CONFESI\u00d3N CLAVE<\/h3>\n\n\n\n<p class=\"wp-block-paragraph\">La investigaci\u00f3n<strong>&nbsp;se estanc\u00f3 durante d\u00e9cadas por falta de pruebas<\/strong>, pero el caso se reactiv\u00f3 cuando<strong>&nbsp;se publicaron las memorias de Davis en 2019.<\/strong><\/p>\n\n\n\n<p class=\"wp-block-paragraph\">En ellas cuenta que<strong>&nbsp;iba en el asiento delantero del Cadillac blanco ese d\u00eda.&nbsp;<\/strong>Pero ahora niega esas confesiones y se declara no culpable.<\/p>\n\n\n\n<p class=\"wp-block-paragraph\"><strong>Michael Sanft<\/strong>, abogado defensor de Davis, calific\u00f3 las confesiones de su cliente de ficci\u00f3n y mentiras dise\u00f1adas para promocionar su libro.&nbsp;<em><strong>\u00abUstedes est\u00e1n leyendo un libro que es ficci\u00f3n y no hechos\u00bb,<\/strong><\/em>&nbsp;dijo Sanft al jurado.<\/p>\n\n\n\n<figure class=\"wp-block-image\"><img decoding=\"async\" src=\"https:\/\/www.latercera.com\/resizer\/v2\/UHNCH6W6JJH3ZAC7RJMGRJOBEA.jpeg?auth=4fdb8b087dd6084ce3ec6a41d149cfa4d4440163331f7f9e5c2917881e82e713&amp;smart=true&amp;width=800&amp;height=526&amp;quality=70\" alt=\"\"\/><\/figure>\n\n\n\n<p class=\"wp-block-paragraph\">Sanft afirm\u00f3 que&nbsp;<strong>no hab\u00eda ninguna prueba que implicara a Davis en el asesinato m\u00e1s que sus propias declaraciones.<\/strong><\/p>\n\n\n\n<p class=\"wp-block-paragraph\">En la fase previa al juicio, los abogados de Davis intentaron en vano impedir que el libro se presentara como prueba, junto con declaraciones que hizo en una entrevista con la polic\u00eda en 2008.<\/p>\n\n\n\n<p class=\"wp-block-paragraph\">Shakur, conocido por \u00e9xitos como<em><strong>&nbsp;\u00abCalifornia Love\u00bb&nbsp;<\/strong><\/em>y<em><strong>&nbsp;\u00abAll Eyez on Me\u00bb<\/strong><\/em>&nbsp;fue una figura clave en una rivalidad dentro del hip hop que enfrentaba a la costa este y oeste de Estados Unidos.<\/p>\n\n\n\n<p class=\"wp-block-paragraph\">Fuente: mitelefe<\/p>\n","protected":false},"excerpt":{"rendered":"<p>El exl\u00edder de la pandilla California South Side Compton Crips era el \u00fanico imputado por el homicidio. Ser\u00e1 el juez el que tenga que determinar la pena definitiva Duane \u00abKeffe D\u00bb Davis, un exl\u00edder de una pandilla de Los \u00c1ngeles,&nbsp;fue declarado culpable el lunes por un tribunal de Las Vegas del asesinato en 1996 del [&hellip;]<\/p>\n","protected":false},"author":2,"featured_media":149828,"comment_status":"open","ping_status":"open","sticky":false,"template":"","format":"standard","meta":{"footnotes":""},"categories":[11],"tags":[],"class_list":["post-149827","post","type-post","status-publish","format-standard","has-post-thumbnail","hentry","category-espectaculos"],"_links":{"self":[{"href":"http:\/\/elcuartopoder.com.mx\/nw\/wp-json\/wp\/v2\/posts\/149827","targetHints":{"allow":["GET"]}}],"collection":[{"href":"http:\/\/elcuartopoder.com.mx\/nw\/wp-json\/wp\/v2\/posts"}],"about":[{"href":"http:\/\/elcuartopoder.com.mx\/nw\/wp-json\/wp\/v2\/types\/post"}],"author":[{"embeddable":true,"href":"http:\/\/elcuartopoder.com.mx\/nw\/wp-json\/wp\/v2\/users\/2"}],"replies":[{"embeddable":true,"href":"http:\/\/elcuartopoder.com.mx\/nw\/wp-json\/wp\/v2\/comments?post=149827"}],"version-history":[{"count":1,"href":"http:\/\/elcuartopoder.com.mx\/nw\/wp-json\/wp\/v2\/posts\/149827\/revisions"}],"predecessor-version":[{"id":149829,"href":"http:\/\/elcuartopoder.com.mx\/nw\/wp-json\/wp\/v2\/posts\/149827\/revisions\/149829"}],"wp:featuredmedia":[{"embeddable":true,"href":"http:\/\/elcuartopoder.com.mx\/nw\/wp-json\/wp\/v2\/media\/149828"}],"wp:attachment":[{"href":"http:\/\/elcuartopoder.com.mx\/nw\/wp-json\/wp\/v2\/media?parent=149827"}],"wp:term":[{"taxonomy":"category","embeddable":true,"href":"http:\/\/elcuartopoder.com.mx\/nw\/wp-json\/wp\/v2\/categories?post=149827"},{"taxonomy":"post_tag","embeddable":true,"href":"http:\/\/elcuartopoder.com.mx\/nw\/wp-json\/wp\/v2\/tags?post=149827"}],"curies":[{"name":"wp","href":"https:\/\/api.w.org\/{rel}","templated":true}]}}