{"id":149830,"date":"2026-09-02T06:27:08","date_gmt":"2026-09-02T11:27:08","guid":{"rendered":"https:\/\/elcuartopoder.com.mx\/nw\/?p=149830"},"modified":"2026-09-02T06:27:11","modified_gmt":"2026-09-02T11:27:11","slug":"por-que-se-cayo-el-fichaje-de-erik-lira-con-monaco-el-desastre-que-provoco-folarin-balogun","status":"publish","type":"post","link":"http:\/\/elcuartopoder.com.mx\/nw\/entretenimiento\/deportes\/por-que-se-cayo-el-fichaje-de-erik-lira-con-monaco-el-desastre-que-provoco-folarin-balogun\/","title":{"rendered":"\u00bfPor qu\u00e9 se cay\u00f3 el fichaje de Erik Lira con M\u00f3naco? El desastre que provoc\u00f3 Folarin Balogun"},"content":{"rendered":"\n<h2 class=\"wp-block-heading\">Erik Lira estuvo cerca de llegar al M\u00f3naco, pero la fallida salida de Folarin Balogun al Everton impidi\u00f3 completar su fichaje.<\/h2>\n\n\n\n<p class=\"wp-block-paragraph\">El sue\u00f1o europeo de\u00a0Erik Lira\u00a0tendr\u00e1 que esperar. El mediocampista de la Selecci\u00f3n Mexicana estuvo cerca de convertirse en nuevo jugador del\u00a0<strong>AS M\u00f3naco<\/strong>, pero la operaci\u00f3n se cay\u00f3 durante las \u00faltimas horas del mercado de fichajes en Francia, pese a que\u00a0Cruz Azul\u00a0y el conjunto del Principado ya hab\u00edan alcanzado un acuerdo para su transferencia.<\/p>\n\n\n\n<p class=\"wp-block-paragraph\">El problema no estuvo en las condiciones econ\u00f3micas negociadas por la \u2018M\u00e1quina\u2019 ni en la disposici\u00f3n del futbolista para marcharse a Europa. El M\u00f3naco necesitaba liberar una plaza de jugador extracomunitario antes de registrar al centrocampista, por lo que depend\u00eda de concretar movimientos dentro de su plantilla.<\/p>\n\n\n\n<p class=\"wp-block-paragraph\">Uno de ellos era la salida de\u00a0Folarin Balogun,\u00a0<strong>delantero estadounidense<\/strong>\u00a0que negociaba su transferencia al\u00a0<strong>Everton<\/strong>. El movimiento parec\u00eda encaminado, pero no se concret\u00f3 a tiempo y provoc\u00f3 un efecto domin\u00f3: el estadounidense permaneci\u00f3 en el M\u00f3naco, el club franc\u00e9s no liber\u00f3 la plaza y Lira se qued\u00f3 sin posibilidad de completar su llegada.<\/p>\n\n\n\n<h2 class=\"wp-block-heading\">\u00bfQu\u00e9 pas\u00f3 con Folarin Balogun y c\u00f3mo afect\u00f3 el fichaje de Erik Lira?<\/h2>\n\n\n\n<p class=\"wp-block-paragraph\">El AS M\u00f3naco necesitaba desprenderse de uno de sus jugadores extracomunitarios para abrir el espacio que ocupar\u00eda Erik Lira. Una de las alternativas era Folarin Balogun, seleccionado estadounidense que estaba cerca de abandonar el conjunto monegasco para continuar su carrera en la\u00a0Premier League.<\/p>\n\n\n\n<p class=\"wp-block-paragraph\">Balogun se traslad\u00f3 a Merseyside para completar su posible incorporaci\u00f3n al Everton y realiz\u00f3 los&nbsp;<strong>ex\u00e1menes m\u00e9dicos<\/strong>. Sin embargo, surgieron diferentes versiones sobre los problemas que impidieron cerrar la transferencia.<\/p>\n\n\n\n<p class=\"wp-block-paragraph\">Desde Francia, RMC Sport inform\u00f3 que Folarin Balogun tuvo problemas durante el reconocimiento m\u00e9dico, por lo que su transferencia qued\u00f3 pr\u00e1cticamente descartada.<\/p>\n\n\n\n<p class=\"wp-block-paragraph\">Sin embargo, Sky Sports confirm\u00f3 que el delantero ya hab\u00eda realizado los ex\u00e1menes m\u00e9dicos, aunque matiz\u00f3 los reportes que daban por terminada la negociaci\u00f3n. El medio brit\u00e1nico inform\u00f3 que el Everton todav\u00eda trabajaba para solucionar \u201cuno o dos problemas\u201d antes de cerrar el acuerdo y que el propio club manten\u00eda la esperanza de completar el fichaje.<\/p>\n\n\n\n<p class=\"wp-block-paragraph\">La operaci\u00f3n entre el AS M\u00f3naco y el Everton estaba valorada en alrededor de 50 millones de d\u00f3lares. Sin embargo, aunque el fichaje de Balogun finalmente se concrete, la salida del estadounidense no se complet\u00f3 a tiempo, por lo que el M\u00f3naco no liber\u00f3 la&nbsp;<strong>plaza de jugador extracomunitario&nbsp;<\/strong>necesaria para registrar al mexicano.<\/p>\n\n\n\n<p class=\"wp-block-paragraph\">El mercado franc\u00e9s cerr\u00f3 este mi\u00e9rcoles 1 de septiembre a la 1 de la tarde, tiempo de la Ciudad de M\u00e9xico, por lo que el conjunto monegasco se qued\u00f3 sin margen para resolver la situaci\u00f3n y concretar la incorporaci\u00f3n del jugador de Cruz Azul.<\/p>\n\n\n\n<figure class=\"wp-block-image is-resized\"><img decoding=\"async\" src=\"https:\/\/www.elfinanciero.com.mx\/resizer\/v2\/Q3TH3VWS4ZFPPGFBYN4Q2JC7VU.jpg?auth=db74b3692b2e0d0b8bb584ebdb07977918453e7a3f3d77f9d2ba28badb92b372&amp;width=400&amp;height=224&amp;quality=85\" alt=\"alt default\" style=\"width:694px;height:auto\"\/><figcaption class=\"wp-element-caption\">Folarin Balogun jug\u00f3 el Mundial 2026 con Estados Unidos y su fallido fichaje con el Evert\u00f3n fren\u00f3 la llegada de Erik Lira al M\u00f3naco.<\/figcaption><\/figure>\n\n\n\n<h2 class=\"wp-block-heading\">\u00bfCu\u00e1nto iba a pagar el M\u00f3naco por fichar a Erik Lira?<\/h2>\n\n\n\n<p class=\"wp-block-paragraph\">La transferencia estaba avanzada despu\u00e9s de varias semanas de negociaciones entre Cruz Azul y el AS M\u00f3naco. La directiva cementera rechaz\u00f3 diferentes propuestas antes de acercarse a las&nbsp;<strong>condiciones econ\u00f3micas&nbsp;<\/strong>que buscaba para permitir la salida del centrocampista.<\/p>\n\n\n\n<p class=\"wp-block-paragraph\">De acuerdo con informaci\u00f3n compartida por&nbsp;<em>Claro Sports<\/em>, el conjunto franc\u00e9s estaba dispuesto a pagar 8 millones de euros, adem\u00e1s de 3 millones en variables, por Erik Lira.<\/p>\n\n\n\n<p class=\"wp-block-paragraph\">El \u2018Pitbull\u2019 tambi\u00e9n estaba dispuesto a realizar un esfuerzo econ\u00f3mico para cumplir su objetivo de jugar en Europa. Fuentes cercanas a la negociaci\u00f3n informaron a ESPN que aceptar\u00eda una&nbsp;<strong>reducci\u00f3n salarial<\/strong>&nbsp;del 40 por ciento respecto a lo que percibe con Cruz Azul como parte de las condiciones para incorporarse al conjunto monegasco.<\/p>\n\n\n\n<p class=\"wp-block-paragraph\">Las negociaciones incluso provocaron que Lira quedara fuera de las&nbsp;<strong>\u00faltimas convocatorias<\/strong>&nbsp;de Cruz Azul mientras esperaba la resoluci\u00f3n de su futuro. El mediocampista no particip\u00f3 en las dos \u00faltimas&nbsp;<a href=\"https:\/\/www.elfinanciero.com.mx\/deportes\/2026\/06\/09\/torneo-apertura-2026-de-la-liga-mx-fechas-clave-del-calendario-inicio-liguilla-y-clasicos\/\">jornadas de la Liga MX del Apertura 2026<\/a>&nbsp;con el conjunto cementero.<\/p>\n\n\n\n<figure class=\"wp-block-image is-resized\"><img decoding=\"async\" src=\"https:\/\/www.elfinanciero.com.mx\/resizer\/v2\/GX75ILSPAVDIJIREQQJQBJ5UZA.jpg?auth=ac85475b9ee8d35b5a36c9f4fa2601ffed846d682a7f10e7fab1ce9a06812f83&amp;width=400&amp;height=266&amp;quality=85\" alt=\"alt default\" style=\"width:620px;height:auto\"\/><figcaption class=\"wp-element-caption\"><strong>Erik Lira&nbsp;<\/strong>A menos que surja otra negociaci\u00f3n con otro equipo, Erik Lira deber\u00e1 permanecer en Cruz Azul. [Fotograf\u00eda. Cuartoscuro]&nbsp;(Edgar Negrete Lira)<\/figcaption><\/figure>\n\n\n\n<h2 class=\"wp-block-heading\">\u00bfQu\u00e9 dijo V\u00edctor Vel\u00e1zquez sobre el fichaje de Erik Lira?<\/h2>\n\n\n\n<p class=\"wp-block-paragraph\">Un d\u00eda antes del cierre del mercado en el futbol europeo,&nbsp;<strong>V\u00edctor Vel\u00e1zquez<\/strong>, presidente de Cruz Azul, dio por pr\u00e1cticamente concretada la transferencia. El directivo explic\u00f3 que las negociaciones tardaron debido a las propuestas y contrapropuestas entre ambas instituciones, pero consider\u00f3 que la \u2018M\u00e1quina\u2019 consigui\u00f3 mejorar las condiciones econ\u00f3micas.<\/p>\n\n\n\n<p class=\"wp-block-paragraph\">Adem\u00e1s, Vel\u00e1zquez asegur\u00f3 que recibi\u00f3 informaci\u00f3n de que el M\u00f3naco ya hab\u00eda liberado la&nbsp;<strong>plaza de extranjero<\/strong>&nbsp;necesaria para incorporar al mexicano, algo que finalmente no ocurri\u00f3.<\/p>\n\n\n\n<p class=\"wp-block-paragraph\">\u201cHasta hace un momento ya supe que el M\u00f3naco hab\u00eda liberado una plaza de extranjero y que ya se estaba pr\u00e1cticamente concretando todo lo que llevamos en el proceso de su contrataci\u00f3n. Nos tardamos algo precisamente por estar rebotando en una negociaci\u00f3n, pero s\u00ed, desde mi punto de vista mejoramos mucho las condiciones\u201d, declar\u00f3.<\/p>\n\n\n\n<p class=\"wp-block-paragraph\">A menos que se produzca otra negociaci\u00f3n en otra liga, Erik Lira permanecer\u00e1 en Cruz Azul despu\u00e9s de que el AS M\u00f3naco no completara su registro. El mediocampista deber\u00e1 reincorporarse al equipo dirigido por Joel Huiqui.<\/p>\n\n\n\n<p class=\"wp-block-paragraph\">El \u2018Pitbull\u2019 lleg\u00f3 a Cruz Azul en enero de 2022 y se consolid\u00f3 como uno de los elementos habituales del mediocampo. Tambi\u00e9n form\u00f3 parte del plantel que conquist\u00f3 el\u00a0Clausura 2026\u00a0y su rendimiento le permiti\u00f3 ganar terreno con la\u00a0Selecci\u00f3n Mexicana.<\/p>\n\n\n\n<p class=\"wp-block-paragraph\">Durante el\u00a0<strong>Mundial 2026<\/strong>, Lira disput\u00f3 346 minutos y fue titular en cuatro encuentros con M\u00e9xico, donde fue uno de los futbolistas m\u00e1s destacados junto a\u00a0Juli\u00e1n Qui\u00f1ones,\u00a0Gilberto Mora\u00a0y\u00a0Ra\u00fal Jim\u00e9nez\u00a0con el cuadro tricolor.<\/p>\n\n\n\n<p class=\"wp-block-paragraph\">Erik Lira buscaba dar el salto al futbol europeo tal y como lo hizo recientemente\u00a0Armando \u2018La Hormiga\u2019 Gonz\u00e1lez con el Olympiacos, donde incluso ya tuvo sus primeros minutos en la\u00a0Liga de Grecia.<\/p>\n\n\n\n<p class=\"wp-block-paragraph\">Fuente: EF<\/p>\n","protected":false},"excerpt":{"rendered":"<p>Erik Lira estuvo cerca de llegar al M\u00f3naco, pero la fallida salida de Folarin Balogun al Everton impidi\u00f3 completar su fichaje. El sue\u00f1o europeo de\u00a0Erik Lira\u00a0tendr\u00e1 que esperar. El mediocampista de la Selecci\u00f3n Mexicana estuvo cerca de convertirse en nuevo jugador del\u00a0AS M\u00f3naco, pero la operaci\u00f3n se cay\u00f3 durante las \u00faltimas horas del mercado de [&hellip;]<\/p>\n","protected":false},"author":2,"featured_media":149831,"comment_status":"open","ping_status":"open","sticky":false,"template":"","format":"standard","meta":{"footnotes":""},"categories":[7],"tags":[],"class_list":["post-149830","post","type-post","status-publish","format-standard","has-post-thumbnail","hentry","category-deportes"],"_links":{"self":[{"href":"http:\/\/elcuartopoder.com.mx\/nw\/wp-json\/wp\/v2\/posts\/149830","targetHints":{"allow":["GET"]}}],"collection":[{"href":"http:\/\/elcuartopoder.com.mx\/nw\/wp-json\/wp\/v2\/posts"}],"about":[{"href":"http:\/\/elcuartopoder.com.mx\/nw\/wp-json\/wp\/v2\/types\/post"}],"author":[{"embeddable":true,"href":"http:\/\/elcuartopoder.com.mx\/nw\/wp-json\/wp\/v2\/users\/2"}],"replies":[{"embeddable":true,"href":"http:\/\/elcuartopoder.com.mx\/nw\/wp-json\/wp\/v2\/comments?post=149830"}],"version-history":[{"count":1,"href":"http:\/\/elcuartopoder.com.mx\/nw\/wp-json\/wp\/v2\/posts\/149830\/revisions"}],"predecessor-version":[{"id":149832,"href":"http:\/\/elcuartopoder.com.mx\/nw\/wp-json\/wp\/v2\/posts\/149830\/revisions\/149832"}],"wp:featuredmedia":[{"embeddable":true,"href":"http:\/\/elcuartopoder.com.mx\/nw\/wp-json\/wp\/v2\/media\/149831"}],"wp:attachment":[{"href":"http:\/\/elcuartopoder.com.mx\/nw\/wp-json\/wp\/v2\/media?parent=149830"}],"wp:term":[{"taxonomy":"category","embeddable":true,"href":"http:\/\/elcuartopoder.com.mx\/nw\/wp-json\/wp\/v2\/categories?post=149830"},{"taxonomy":"post_tag","embeddable":true,"href":"http:\/\/elcuartopoder.com.mx\/nw\/wp-json\/wp\/v2\/tags?post=149830"}],"curies":[{"name":"wp","href":"https:\/\/api.w.org\/{rel}","templated":true}]}}