{"id":149833,"date":"2026-09-02T06:29:24","date_gmt":"2026-09-02T11:29:24","guid":{"rendered":"https:\/\/elcuartopoder.com.mx\/nw\/?p=149833"},"modified":"2026-09-02T06:29:26","modified_gmt":"2026-09-02T11:29:26","slug":"john-galliano-cancela-su-exposicion-en-el-met-por-sus-polemicas-del-pasado-sigo-siendo-responsable-del-dolor-causado-por-mis-palabras","status":"publish","type":"post","link":"http:\/\/elcuartopoder.com.mx\/nw\/qtp\/john-galliano-cancela-su-exposicion-en-el-met-por-sus-polemicas-del-pasado-sigo-siendo-responsable-del-dolor-causado-por-mis-palabras\/","title":{"rendered":"John Galliano cancela su exposici\u00f3n en el Met por sus pol\u00e9micas del pasado: \u00abSigo siendo responsable del dolor causado por mis palabras\u00bb"},"content":{"rendered":"\n<p class=\"wp-block-paragraph\">El MET no celebrar\u00e1 la exposici\u00f3n dedicada a John Galliano tras reavivarse la pol\u00e9mica por sus declaraciones de 2010 y 2011<\/p>\n\n\n\n<p class=\"wp-block-paragraph\">En marzo de este a\u00f1o,\u00a0Zara anunciaba una inesperada colaboraci\u00f3n\u00a0de dos a\u00f1os con el dise\u00f1ador gibraltare\u00f1o, que regresaba as\u00ed a primera l\u00ednea de la industria tras dejar la direcci\u00f3n creativa de\u00a0<strong>Maison Margiela<\/strong>\u00a0en diciembre de 2024. Cuatro meses despu\u00e9s, el Costume\u00a0Institute del Metropolitan Museum of Art de Nueva York anunciaba que su pr\u00f3xima exposici\u00f3n de primavera de 2027 estar\u00eda dedicada plenamente a su trabajo.<\/p>\n\n\n\n<p class=\"wp-block-paragraph\">Junto con la retrospectiva, el trabajo de Galliano tambi\u00e9n iba a servir como tema para la\u00a0pr\u00f3xima Met Gala, seg\u00fan anunci\u00f3 la directora editorial global de Vogue,<strong>\u00a0Anna Wintour.<\/strong>\u00a0Tras el anuncio de la exposici\u00f3n, Wintour afirm\u00f3 que \u00abnadie merece m\u00e1s una exposici\u00f3n de esta envergadura que John Galliano\u00bb. Desde que se anunci\u00f3 en julio, la retrospectiva ha sido criticada debido a la extensa lista de pol\u00e9micas de Galliano, que incluye comentarios antisemitas, racistas y antiasi\u00e1ticos.<\/p>\n\n\n\n<p class=\"wp-block-paragraph\"><strong>&#8216;John Galliano: Horizons&#8217;\u00a0<\/strong>iba a convertirse en la primera gran retrospectiva de un museo dedicada a toda su producci\u00f3n, pero los acontecimientos parecen haber dado un completo giro de gui\u00f3n con el comunicado que el propio Galliano compart\u00eda en sus redes anunciando que finalmente la exposici\u00f3n no se celebrar\u00e1. \u00abEstoy profundamente agradecido al Metropolitan Museum of Art, y en particular a Max Hollein, Andrew Bolton y Anna Wintour, por el extraordinario honor de proponer una exposici\u00f3n dedicada a mi trabajo\u00bb, comienza el comunicado.<\/p>\n\n\n\n<p class=\"wp-block-paragraph\">\u00abTras una profunda reflexi\u00f3n y conversaciones con todos los implicados, he decidido, con gran tristeza, que lo mejor es que la exposici\u00f3n no se celebre en este momento. Sigo siendo plenamente responsable del dolor causado por mis palabras en el pasado, especialmente el da\u00f1o que caus\u00e9 a las comunidades jud\u00eda y asi\u00e1tica, y sigo profundamente arrepentido\u00bb, explica el creativo. \u00abNo quiero que el debate que me rodea ponga al Met en una posici\u00f3n dif\u00edcil ni que desv\u00ede la atenci\u00f3n del extraordinario trabajo del Costume Institute\u00bb, sentencia Galliano.<\/p>\n\n\n\n<h3 class=\"wp-block-heading\">Una vida dedicada a la moda<\/h3>\n\n\n\n<p class=\"wp-block-paragraph\">De madre espa\u00f1ola y padre gibraltare\u00f1o<strong>, John Galliano naci\u00f3 en Gibraltar<\/strong>&nbsp;pero se educ\u00f3 en Londres. En 1984, el joven se gradu\u00f3 en dise\u00f1o de moda por St. Martin&#8217;s School of Arts, considerada una de las escuelas de moda m\u00e1s prestigiosas del mundo y tan solo un a\u00f1o despu\u00e9s cre\u00f3 su propia firma bajo su nombre. Su \u00e9xito fue tanto que en tan solo 10 a\u00f1os, consigui\u00f3 cuatro premios al Dise\u00f1ador Brit\u00e1nico del A\u00f1o. En el a\u00f1o 1990, Galliano se mud\u00f3 a Par\u00eds con el objetivo de seguir creciendo en el sector. Y as\u00ed fue. Poco despu\u00e9s, Bernard Arnault, propietario del grupo LVMH le contrat\u00f3 como dise\u00f1ador de la casa de moda&nbsp;<strong>Givenchy.<\/strong><\/p>\n\n\n\n<p class=\"wp-block-paragraph\">Esta fue la primera vez que John hizo historia. Se convirti\u00f3 en el primer hombre brit\u00e1nico al frente de una firma de moda francesa de alta costura, aunque su etapa en la casa no dur\u00f3 mucho. Un a\u00f1o despu\u00e9s, Alexander McQueen, otro de los dise\u00f1adores m\u00e1s emblem\u00e1ticos de todos los tiempos, ocup\u00f3 su lugar y \u00e9l fue contratado como director creativo de Dior. En 2011, tras 15 a\u00f1os al frente de Dior,<strong>&nbsp;John Galliano<\/strong>&nbsp;fue despedido tras salir a la luz una grabaci\u00f3n suya con declaraciones antisemitas en las que dec\u00eda \u00abamo a Hitler\u00bb. Despu\u00e9s de un proceso judicial, el dise\u00f1ador, que hab\u00eda denunciado a la marca francesa por despido improcedente, fue condenado a pagar una indemnizaci\u00f3n a la firma.<\/p>\n\n\n\n<p class=\"wp-block-paragraph\">A partir de ah\u00ed, la buena fama del brit\u00e1nico se vio afectada y su historia cambi\u00f3n poro completo. Hasta que en 2014,&nbsp;<strong>Maison Margiela<\/strong>&nbsp;confi\u00f3 en \u00e9l. La casa belga, que trabaj\u00f3 sin cabeza visible hasta 2009, hizo p\u00fablica su incorporaci\u00f3n en ese a\u00f1o y tal y como ocurri\u00f3 con Dior, consigui\u00f3 aumentar sus ventas y recuperar la esencia de la marca<\/p>\n\n\n\n<p class=\"wp-block-paragraph\">En 2024, el documental<strong>&nbsp;&#8216;Auge y ca\u00edda de John Galliano&#8217;<\/strong>&nbsp;se estrenaba en Espa\u00f1a, un momento muy esperado en la industria en el que el creativo hablaba en primera persona de las pol\u00e9micas que rodearon su trayectoria profesional.<\/p>\n\n\n\n<p class=\"wp-block-paragraph\">Fuente: ABC<\/p>\n","protected":false},"excerpt":{"rendered":"<p>El MET no celebrar\u00e1 la exposici\u00f3n dedicada a John Galliano tras reavivarse la pol\u00e9mica por sus declaraciones de 2010 y 2011 En marzo de este a\u00f1o,\u00a0Zara anunciaba una inesperada colaboraci\u00f3n\u00a0de dos a\u00f1os con el dise\u00f1ador gibraltare\u00f1o, que regresaba as\u00ed a primera l\u00ednea de la industria tras dejar la direcci\u00f3n creativa de\u00a0Maison Margiela\u00a0en diciembre de 2024. [&hellip;]<\/p>\n","protected":false},"author":2,"featured_media":149834,"comment_status":"open","ping_status":"open","sticky":false,"template":"","format":"standard","meta":{"footnotes":""},"categories":[58],"tags":[],"class_list":["post-149833","post","type-post","status-publish","format-standard","has-post-thumbnail","hentry","category-qtp"],"_links":{"self":[{"href":"http:\/\/elcuartopoder.com.mx\/nw\/wp-json\/wp\/v2\/posts\/149833","targetHints":{"allow":["GET"]}}],"collection":[{"href":"http:\/\/elcuartopoder.com.mx\/nw\/wp-json\/wp\/v2\/posts"}],"about":[{"href":"http:\/\/elcuartopoder.com.mx\/nw\/wp-json\/wp\/v2\/types\/post"}],"author":[{"embeddable":true,"href":"http:\/\/elcuartopoder.com.mx\/nw\/wp-json\/wp\/v2\/users\/2"}],"replies":[{"embeddable":true,"href":"http:\/\/elcuartopoder.com.mx\/nw\/wp-json\/wp\/v2\/comments?post=149833"}],"version-history":[{"count":1,"href":"http:\/\/elcuartopoder.com.mx\/nw\/wp-json\/wp\/v2\/posts\/149833\/revisions"}],"predecessor-version":[{"id":149835,"href":"http:\/\/elcuartopoder.com.mx\/nw\/wp-json\/wp\/v2\/posts\/149833\/revisions\/149835"}],"wp:featuredmedia":[{"embeddable":true,"href":"http:\/\/elcuartopoder.com.mx\/nw\/wp-json\/wp\/v2\/media\/149834"}],"wp:attachment":[{"href":"http:\/\/elcuartopoder.com.mx\/nw\/wp-json\/wp\/v2\/media?parent=149833"}],"wp:term":[{"taxonomy":"category","embeddable":true,"href":"http:\/\/elcuartopoder.com.mx\/nw\/wp-json\/wp\/v2\/categories?post=149833"},{"taxonomy":"post_tag","embeddable":true,"href":"http:\/\/elcuartopoder.com.mx\/nw\/wp-json\/wp\/v2\/tags?post=149833"}],"curies":[{"name":"wp","href":"https:\/\/api.w.org\/{rel}","templated":true}]}}