{"id":149836,"date":"2026-09-02T06:31:35","date_gmt":"2026-09-02T11:31:35","guid":{"rendered":"https:\/\/elcuartopoder.com.mx\/nw\/?p=149836"},"modified":"2026-09-02T06:31:37","modified_gmt":"2026-09-02T11:31:37","slug":"elimina-seq-restriccion-urbana-para-ampliar-becas-de-primaria","status":"publish","type":"post","link":"http:\/\/elcuartopoder.com.mx\/nw\/estatales\/elimina-seq-restriccion-urbana-para-ampliar-becas-de-primaria\/","title":{"rendered":"Elimina SEQ restricci\u00f3n urbana para ampliar becas de primaria"},"content":{"rendered":"\n<p class=\"wp-block-paragraph\">La dependencia estatal reestructur\u00f3 el orden de prelaci\u00f3n para la asignaci\u00f3n de los apoyos de mil 400 pesos bimestrales.<\/p>\n\n\n\n<p class=\"wp-block-paragraph\">La Secretar\u00eda de Educaci\u00f3n de Quintana Roo (SEQ) reform\u00f3 las Reglas de Operaci\u00f3n del Programa de Becas Escolares para Educaci\u00f3n B\u00e1sica 2026, eliminando el criterio de Zonas de Atenci\u00f3n Prioritaria Urbanas.<\/p>\n\n\n\n<p class=\"wp-block-paragraph\">La modificaci\u00f3n busca suprimir limitantes geogr\u00e1ficas que restringen el acceso al subsidio, permitiendo que la cobertura se extienda de forma equitativa hacia estudiantes en situaci\u00f3n de&nbsp;vulnerabilidad, con especial \u00e9nfasis en quienes habitan en comunidades rurales de los 11 municipios quintanarroenses.<\/p>\n\n\n\n<p class=\"wp-block-paragraph\">Con este ajuste de focalizaci\u00f3n, la dependencia estatal reestructur\u00f3 el orden de prelaci\u00f3n para la asignaci\u00f3n de los apoyos de mil 400 pesos bimestrales, estableciendo como prioridad absoluta a la ni\u00f1ez en calidad de v\u00edctima registrada ante las autoridades competentes, seguida por las familias cuyos ingresos mensuales se ubiquen por debajo de la L\u00ednea de Pobreza Extrema por Ingresos y de la L\u00ednea de Pobreza por Ingresos publicadas por el Instituto Nacional de Estad\u00edstica y Geograf\u00eda (Inegi).<\/p>\n\n\n\n<p class=\"wp-block-paragraph\">La medida persigue garantizar el acceso equitativo a la educaci\u00f3n y combatir la deserci\u00f3n en el nivel primario mediante una distribuci\u00f3n justa de los recursos p\u00fablicos.<a href=\"https:\/\/images.sipse.com\/1wbPXWCv1tSDynAdufRT8XqqA7k=\/fit-in\/900x500\/2026\/09\/01\/1788229108167.jpeg\"><\/a><\/p>\n\n\n\n<p class=\"wp-block-paragraph\">Las reglas actualizadas clarifican la compatibilidad institucional de los apoyos locales con los esquemas de financiamiento federales. El documento precisa que, si bien los beneficiarios de programas en proceso de cierre no podr\u00e1n duplicar apoyos, aquellos alumnos incorporados a la Beca Universal Rita Cetina, considerada como un subsidio de pago \u00fanico anual, s\u00ed mantendr\u00e1n su derecho a participar en la convocatoria estatal.<\/p>\n\n\n\n<p class=\"wp-block-paragraph\">Para el periodo comprendido de septiembre a diciembre de 2026, correspondiente al ciclo escolar 2026-2027, la Secretar\u00eda de Educaci\u00f3n proyecta beneficiar a una meta inicial de 15 mil 682 estudiantes matriculados en primarias p\u00fablicas de modalidad escolarizada. La asignaci\u00f3n definitiva de las becas permanecer\u00e1 sujeta a la disponibilidad presupuestal autorizada por la Secretar\u00eda de Finanzas y Planeaci\u00f3n del Estado de Quintana Roo (Sefiplan).<\/p>\n\n\n\n<p class=\"wp-block-paragraph\">Finalmente, las autoridades educativas reiteraron que la recepci\u00f3n de expedientes se gestionar\u00e1 directamente a trav\u00e9s del Portal de Padres en L\u00ednea y en las unidades institucionales distribuidas en la entidad.<\/p>\n\n\n\n<p class=\"wp-block-paragraph\">Las modificaciones entraron en vigor inmediatamente tras su publicaci\u00f3n en el Peri\u00f3dico Oficial del Estado de Quintana Roo, garantizando la transparencia en el manejo de los expedientes y la protecci\u00f3n de datos personales de las familias solicitantes durante todo el proceso de selecci\u00f3n de becarios en Quintana Roo.<\/p>\n\n\n\n<p class=\"wp-block-paragraph\">Fuente: SIPSE<\/p>\n","protected":false},"excerpt":{"rendered":"<p>La dependencia estatal reestructur\u00f3 el orden de prelaci\u00f3n para la asignaci\u00f3n de los apoyos de mil 400 pesos bimestrales. La Secretar\u00eda de Educaci\u00f3n de Quintana Roo (SEQ) reform\u00f3 las Reglas de Operaci\u00f3n del Programa de Becas Escolares para Educaci\u00f3n B\u00e1sica 2026, eliminando el criterio de Zonas de Atenci\u00f3n Prioritaria Urbanas. La modificaci\u00f3n busca suprimir limitantes [&hellip;]<\/p>\n","protected":false},"author":2,"featured_media":149837,"comment_status":"open","ping_status":"open","sticky":false,"template":"","format":"standard","meta":{"footnotes":""},"categories":[60],"tags":[],"class_list":["post-149836","post","type-post","status-publish","format-standard","has-post-thumbnail","hentry","category-estatales"],"_links":{"self":[{"href":"http:\/\/elcuartopoder.com.mx\/nw\/wp-json\/wp\/v2\/posts\/149836","targetHints":{"allow":["GET"]}}],"collection":[{"href":"http:\/\/elcuartopoder.com.mx\/nw\/wp-json\/wp\/v2\/posts"}],"about":[{"href":"http:\/\/elcuartopoder.com.mx\/nw\/wp-json\/wp\/v2\/types\/post"}],"author":[{"embeddable":true,"href":"http:\/\/elcuartopoder.com.mx\/nw\/wp-json\/wp\/v2\/users\/2"}],"replies":[{"embeddable":true,"href":"http:\/\/elcuartopoder.com.mx\/nw\/wp-json\/wp\/v2\/comments?post=149836"}],"version-history":[{"count":1,"href":"http:\/\/elcuartopoder.com.mx\/nw\/wp-json\/wp\/v2\/posts\/149836\/revisions"}],"predecessor-version":[{"id":149838,"href":"http:\/\/elcuartopoder.com.mx\/nw\/wp-json\/wp\/v2\/posts\/149836\/revisions\/149838"}],"wp:featuredmedia":[{"embeddable":true,"href":"http:\/\/elcuartopoder.com.mx\/nw\/wp-json\/wp\/v2\/media\/149837"}],"wp:attachment":[{"href":"http:\/\/elcuartopoder.com.mx\/nw\/wp-json\/wp\/v2\/media?parent=149836"}],"wp:term":[{"taxonomy":"category","embeddable":true,"href":"http:\/\/elcuartopoder.com.mx\/nw\/wp-json\/wp\/v2\/categories?post=149836"},{"taxonomy":"post_tag","embeddable":true,"href":"http:\/\/elcuartopoder.com.mx\/nw\/wp-json\/wp\/v2\/tags?post=149836"}],"curies":[{"name":"wp","href":"https:\/\/api.w.org\/{rel}","templated":true}]}}