{"id":149839,"date":"2026-09-02T06:36:06","date_gmt":"2026-09-02T11:36:06","guid":{"rendered":"https:\/\/elcuartopoder.com.mx\/nw\/?p=149839"},"modified":"2026-09-02T06:36:08","modified_gmt":"2026-09-02T11:36:08","slug":"arrancan-carrera-por-curules","status":"publish","type":"post","link":"http:\/\/elcuartopoder.com.mx\/nw\/nacionales\/arrancan-carrera-por-curules\/","title":{"rendered":"Arrancan carrera por curules"},"content":{"rendered":"\n<p class=\"wp-block-paragraph\">La dirigencia nacional de Morena aprob\u00f3 ayer su convocatoria para la elecci\u00f3n distrital de diputados federales.<\/p>\n\n\n\n<p class=\"wp-block-paragraph\">En medio de los a\u00fan sensibles rega\u00f1os y llamados de atenci\u00f3n que lanzaron el domingo la titular de la Segob, Rosa Icela Rodr\u00edguez, y la presidenta de Morena,&nbsp;<strong>Ariadna Montiel<\/strong>, a legisladores, funcionarios p\u00fablicos y a sus militantes, la dirigencia nacional de Morena aprob\u00f3 ayer su convocatoria para la elecci\u00f3n distrital de diputados federales. Con ello, los actuales legisladores guindas inician la carrera por las curules, con reelecci\u00f3n y sin pedir licencia.<\/p>\n\n\n\n<h2 class=\"wp-block-heading\">Ah, qu\u00e9 \u2018hiperfarol\u2019&#8230;<\/h2>\n\n\n\n<p class=\"wp-block-paragraph\">El l\u00edder del PAN,&nbsp;<strong>Jorge Romero<\/strong>, hizo gala ayer de su m\u00e1s puro estilo farolero, como dicen en el barrio. Fiel a su tono histri\u00f3nico, afirm\u00f3 que, para definir si habr\u00e1 alianzas hacia 2027, la dirigencia nacional \u201chabr\u00e1 de escuchar a las dirigencias y militancias locales, \u00a1claro, lo macro h\u00edper refrendo el d\u00eda de hoy!\u201d. Y fue m\u00e1s all\u00e1, al decir que \u201cel PAN tiene que entrar en un hiperan\u00e1lisis local, entendiendo que hay realidades locales profundamente distintas (&#8230;). Entendemos la hipertrascendencia de esta decisi\u00f3n y lo que est\u00e1 en juego\u201d. Y sostuvo que har\u00e1n lo que sea para ganar Chihuahua. A ver si no se llevan una hipersorpresa.<\/p>\n\n\n\n<h2 class=\"wp-block-heading\">Otro riesgo para mayor\u00eda guinda<\/h2>\n\n\n\n<p class=\"wp-block-paragraph\">La senadora&nbsp;<strong>Cynthia L\u00f3pez Castro,<\/strong>&nbsp;de Morena, dijo que su licencia podr\u00eda ser por ah\u00ed de finales de septiembre, cuando Morena registrar\u00e1 a los aspirantes a las alcald\u00edas. La expriista se mostr\u00f3 muy despreocupada de que su salida tambalee la mayor\u00eda calificada en el Senado, pues como lleg\u00f3 como tricolor, su suplente ser\u00eda de ese partido. Resalt\u00f3 que al momento solo se prev\u00e9 la reforma constitucional de prohibir doble nacionalidad, para la cual se requerir\u00e1 mayor\u00eda calificada.<\/p>\n\n\n\n<h2 class=\"wp-block-heading\">Se \u201cdiluye\u201d desafuero de Alito<\/h2>\n\n\n\n<p class=\"wp-block-paragraph\">Diputados morenistas del ala radical en San L\u00e1zaro nos comentaron que con la designaci\u00f3n del \u201cjoven diputado\u201d poblano&nbsp;<strong>Eduardo Castillo L\u00f3pez<\/strong>&nbsp;como presidente de la Secci\u00f3n Instructora y la Comisi\u00f3n Jurisdiccional, la demanda de desafuero del priista&nbsp;<strong>Alejandro Moreno<\/strong>&nbsp;\u201cse diluye\u201d. Se quejaron de que \u201cponer en este \u00f3rgano legislativo de primera importancia en este momento a quien es diputado federal por primera vez, muestra la importancia que se le va a dar al tema\u201d. En el camino dejaron a la oaxaque\u00f1a Mariana Ben\u00edtez, ex subprocuradora jur\u00eddica de la antigua PGR de Murillo Karam.<\/p>\n\n\n\n<h2 class=\"wp-block-heading\">Morena CDMX estrena l\u00edder<\/h2>\n\n\n\n<p class=\"wp-block-paragraph\">La dirigente nacional de Morena, Ariadna Montiel, nombr\u00f3 al diputado local&nbsp;<strong>Paulo Emilio Garc\u00eda<\/strong>&nbsp;como nuevo dirigente del partido guinda en la capital, luego de la renuncia de H\u00e9ctor D\u00edaz-Polanco el 19 de julio. El legislador ser\u00e1 el m\u00e1s joven en ocupar el cargo y la misi\u00f3n que tendr\u00e1 no es menor, pues en la elecci\u00f3n de 2027 el partido buscar\u00e1 mantener las 11 alcald\u00edas que la \u20184T\u2019 gobierna la capital y ganar alguna de las cinco que est\u00e1n en manos de la oposici\u00f3n.<\/p>\n\n\n\n<h2 class=\"wp-block-heading\">Diputados, arranque sin producci\u00f3n legislativa<\/h2>\n\n\n\n<p class=\"wp-block-paragraph\">Aunque mantienen un rezago de m\u00e1s de 6 mil iniciativas, m\u00e1s otra veintena que esperan de Palacio Nacional, todo indica que en los dos primeros d\u00edas de actividades de esta semana habr\u00e1 cero producci\u00f3n legislativa. Los l\u00edderes parlamentarios acordaron sesiones ordinarias martes y mi\u00e9rcoles para recibir el II Informe de la presidenta Claudia Sheinbaum y conmemorar el D\u00eda de la Mujer Ind\u00edgena. El PRI se quej\u00f3 de que solo se aprueba 4% de iniciativas de los partidos y 95% del Ejecutivo. Por eso pidi\u00f3 ampliar los periodos de sesiones y que se dictaminen todas las iniciativas presentadas en cada periodo. Espero que sepan que no les har\u00e1n ning\u00fan caso. Porque lo saben\u2026 \u00bfverdad?<\/p>\n\n\n\n<h2 class=\"wp-block-heading\">Divisi\u00f3n de Poderes<\/h2>\n\n\n\n<p class=\"wp-block-paragraph\">Este martes se cumple el primer a\u00f1o de funciones de la nueva<\/p>\n\n\n\n<p class=\"wp-block-paragraph\">integraci\u00f3n de la SCJN. Y aunque se esperaba alg\u00fan tipo de celebraci\u00f3n, pronunciamiento o informe de actividades, en la sesi\u00f3n p\u00fablica de hoy, \u00e9sta fue suspendida de \u00faltima hora. Y es que ministras y ministros fueron convocados al Segundo Informe de Gobierno de Claudia Sheinbaun, titular del Poder Ejecutivo, invitaci\u00f3n que aceptaron de inmediato. As\u00ed la independencia de la SCJN en tiempos de la \u20184T\u2019.<\/p>\n\n\n\n<p class=\"wp-block-paragraph\">Fuente: EF<\/p>\n","protected":false},"excerpt":{"rendered":"<p>La dirigencia nacional de Morena aprob\u00f3 ayer su convocatoria para la elecci\u00f3n distrital de diputados federales. En medio de los a\u00fan sensibles rega\u00f1os y llamados de atenci\u00f3n que lanzaron el domingo la titular de la Segob, Rosa Icela Rodr\u00edguez, y la presidenta de Morena,&nbsp;Ariadna Montiel, a legisladores, funcionarios p\u00fablicos y a sus militantes, la dirigencia [&hellip;]<\/p>\n","protected":false},"author":2,"featured_media":149840,"comment_status":"open","ping_status":"open","sticky":false,"template":"","format":"standard","meta":{"footnotes":""},"categories":[55],"tags":[],"class_list":["post-149839","post","type-post","status-publish","format-standard","has-post-thumbnail","hentry","category-nacionales"],"_links":{"self":[{"href":"http:\/\/elcuartopoder.com.mx\/nw\/wp-json\/wp\/v2\/posts\/149839","targetHints":{"allow":["GET"]}}],"collection":[{"href":"http:\/\/elcuartopoder.com.mx\/nw\/wp-json\/wp\/v2\/posts"}],"about":[{"href":"http:\/\/elcuartopoder.com.mx\/nw\/wp-json\/wp\/v2\/types\/post"}],"author":[{"embeddable":true,"href":"http:\/\/elcuartopoder.com.mx\/nw\/wp-json\/wp\/v2\/users\/2"}],"replies":[{"embeddable":true,"href":"http:\/\/elcuartopoder.com.mx\/nw\/wp-json\/wp\/v2\/comments?post=149839"}],"version-history":[{"count":1,"href":"http:\/\/elcuartopoder.com.mx\/nw\/wp-json\/wp\/v2\/posts\/149839\/revisions"}],"predecessor-version":[{"id":149841,"href":"http:\/\/elcuartopoder.com.mx\/nw\/wp-json\/wp\/v2\/posts\/149839\/revisions\/149841"}],"wp:featuredmedia":[{"embeddable":true,"href":"http:\/\/elcuartopoder.com.mx\/nw\/wp-json\/wp\/v2\/media\/149840"}],"wp:attachment":[{"href":"http:\/\/elcuartopoder.com.mx\/nw\/wp-json\/wp\/v2\/media?parent=149839"}],"wp:term":[{"taxonomy":"category","embeddable":true,"href":"http:\/\/elcuartopoder.com.mx\/nw\/wp-json\/wp\/v2\/categories?post=149839"},{"taxonomy":"post_tag","embeddable":true,"href":"http:\/\/elcuartopoder.com.mx\/nw\/wp-json\/wp\/v2\/tags?post=149839"}],"curies":[{"name":"wp","href":"https:\/\/api.w.org\/{rel}","templated":true}]}}