{"id":149842,"date":"2026-09-02T06:42:29","date_gmt":"2026-09-02T11:42:29","guid":{"rendered":"https:\/\/elcuartopoder.com.mx\/nw\/?p=149842"},"modified":"2026-09-02T06:42:31","modified_gmt":"2026-09-02T11:42:31","slug":"dengue-y-virus-respiratorios-reto-con-el-regreso-a-clases","status":"publish","type":"post","link":"http:\/\/elcuartopoder.com.mx\/nw\/estatales\/dengue-y-virus-respiratorios-reto-con-el-regreso-a-clases\/","title":{"rendered":"Dengue y virus respiratorios, reto con el regreso a clases"},"content":{"rendered":"\n<p class=\"wp-block-paragraph\">Alertan sobre la persistencia del vector en Yucat\u00e1n, adem\u00e1s que la vuelta a los colegios se realiza en medio de la temporada de lluvias<\/p>\n\n\n\n<p class=\"wp-block-paragraph\">Con el regreso de cerca de 600 mil alumnos y m\u00e1s de 40 mil docentes a unas 4 mil escuelas de Educaci\u00f3n B\u00e1sica, Media Superior y Superior, Yucat\u00e1n inici\u00f3 el ciclo escolar 2026-2027 sin contratiempos y con la totalidad de los libros de texto ya distribuidos en los planteles.<\/p>\n\n\n\n<p class=\"wp-block-paragraph\">Sin embargo, el regreso a clases para el ciclo escolar 2026-2027 representa tambi\u00e9n un desaf\u00edo para la salud p\u00fablica en Yucat\u00e1n, ante el riesgo de propagaci\u00f3n de enfermedades entre los ni\u00f1os por la concentraci\u00f3n de estudiantes en las aulas, advirti\u00f3 el especialista en Salud P\u00fablica, CD. Jorge Mar\u00edn Marrufo.<\/p>\n\n\n\n<p class=\"wp-block-paragraph\">El especialista se\u00f1al\u00f3 que el inicio del curso coincide con la temporada de lluvias y con la circulaci\u00f3n de enfermedades respiratorias, gastrointestinales y dengue, por lo que llam\u00f3 a padres de familia, docentes y autoridades a no minimizar las medidas preventivas.<\/p>\n\n\n\n<p class=\"wp-block-paragraph\">\u201cUn ni\u00f1o con fiebre, v\u00f3mito, diarrea o s\u00edntomas respiratorios importantes no deber\u00eda ser enviado a la escuela. A veces se minimizan los s\u00edntomas para evitar que pierda clases, pero esa decisi\u00f3n puede terminar exponiendo a todo un sal\u00f3n y posteriormente a decenas de familias\u201d, afirm\u00f3.<\/p>\n\n\n\n<p class=\"wp-block-paragraph\">En el caso del dengue, la advertencia cobra relevancia porque la enfermedad contin\u00faa extendi\u00e9ndose territorialmente en Yucat\u00e1n donde ya abarca m\u00e1s de una decena de municipios. Los reportes epidemiol\u00f3gicos federales confirman que el padecimiento permanece activo durante esta temporada, mientras que la Secretar\u00eda de Salud de Yucat\u00e1n reforz\u00f3 antes del inicio de clases las acciones de combate al mosquito Aedes aegypti.<\/p>\n\n\n\n<p class=\"wp-block-paragraph\">\u201cLa estrategia estatal contempla acciones en mil 894 planteles educativos y 23 mil 977 hect\u00e1reas, con cobertura para m\u00e1s de 535 mil personas en zonas prioritarias. En total, cuatro mil 751 escuelas est\u00e1n consideradas dentro de las acciones preventivas contra dengue, chikungunya y zika\u201d, expuso.<\/p>\n\n\n\n<p class=\"wp-block-paragraph\">Mar\u00edn Marrufo destac\u00f3 que eliminar recipientes con agua acumulada debe realizarse tanto en los hogares como dentro de los planteles.<\/p>\n\n\n\n<p class=\"wp-block-paragraph\">\u201cLa prevenci\u00f3n del dengue no puede quedar \u00fanicamente en manos de las autoridades sanitarias. La escuela tambi\u00e9n tiene que ser un espacio libre de criaderos\u201d, sostuvo.<\/p>\n\n\n\n<p class=\"wp-block-paragraph\">Otro punto fundamental, indic\u00f3, es revisar las cartillas de vacunaci\u00f3n. El llamado adquiere especial importancia ante el brote de sarampi\u00f3n que M\u00e9xico mantiene bajo vigilancia epidemiol\u00f3gica y para el cual la Secretar\u00eda de Salud federal continuaba emitiendo informes diarios al cierre de agosto.<\/p>\n\n\n\n<p class=\"wp-block-paragraph\">\u201cNo hay que esperar a que aparezca un brote para recordar la importancia de la vacunaci\u00f3n. El regreso a clases es una oportunidad para que los padres revisen las cartillas y completen los esquemas pendientes\u201d, enfatiz\u00f3.<\/p>\n\n\n\n<p class=\"wp-block-paragraph\">Tambi\u00e9n pidi\u00f3 reforzar el lavado de manos, cubrir nariz y boca al toser o estornudar, evitar compartir botellas y utensilios y procurar la ventilaci\u00f3n de los salones. La vigilancia de influenza, Covid-19 y otros virus respiratorios permanece activa en M\u00e9xico y mantiene reportes semanales durante este periodo.<\/p>\n\n\n\n<p class=\"wp-block-paragraph\">Para el especialista, la responsabilidad no corresponde exclusivamente al sector salud.<\/p>\n\n\n\n<p class=\"wp-block-paragraph\">\u201cLa prevenci\u00f3n es una responsabilidad compartida entre padres de familia, maestros, directivos y autoridades. La salud escolar no debe atenderse solamente cuando aparecen los contagios; hay que actuar antes\u201d.<\/p>\n\n\n\n<p class=\"wp-block-paragraph\">Mar\u00edn Marrufo consider\u00f3 que el nuevo ciclo escolar debe aprovecharse para fortalecer entre los menores una verdadera cultura del autocuidado.<\/p>\n\n\n\n<p class=\"wp-block-paragraph\">\u201cEnse\u00f1ar a un ni\u00f1o a cuidar su salud es tan importante como cualquier conocimiento adquirido en el aula. Es una lecci\u00f3n que puede acompa\u00f1arlo toda la vida\u201d, concluy\u00f3.<\/p>\n\n\n\n<p class=\"wp-block-paragraph\">Fuente: SIPSE<\/p>\n","protected":false},"excerpt":{"rendered":"<p>Alertan sobre la persistencia del vector en Yucat\u00e1n, adem\u00e1s que la vuelta a los colegios se realiza en medio de la temporada de lluvias Con el regreso de cerca de 600 mil alumnos y m\u00e1s de 40 mil docentes a unas 4 mil escuelas de Educaci\u00f3n B\u00e1sica, Media Superior y Superior, Yucat\u00e1n inici\u00f3 el ciclo [&hellip;]<\/p>\n","protected":false},"author":2,"featured_media":149843,"comment_status":"open","ping_status":"open","sticky":false,"template":"","format":"standard","meta":{"footnotes":""},"categories":[60],"tags":[],"class_list":["post-149842","post","type-post","status-publish","format-standard","has-post-thumbnail","hentry","category-estatales"],"_links":{"self":[{"href":"http:\/\/elcuartopoder.com.mx\/nw\/wp-json\/wp\/v2\/posts\/149842","targetHints":{"allow":["GET"]}}],"collection":[{"href":"http:\/\/elcuartopoder.com.mx\/nw\/wp-json\/wp\/v2\/posts"}],"about":[{"href":"http:\/\/elcuartopoder.com.mx\/nw\/wp-json\/wp\/v2\/types\/post"}],"author":[{"embeddable":true,"href":"http:\/\/elcuartopoder.com.mx\/nw\/wp-json\/wp\/v2\/users\/2"}],"replies":[{"embeddable":true,"href":"http:\/\/elcuartopoder.com.mx\/nw\/wp-json\/wp\/v2\/comments?post=149842"}],"version-history":[{"count":1,"href":"http:\/\/elcuartopoder.com.mx\/nw\/wp-json\/wp\/v2\/posts\/149842\/revisions"}],"predecessor-version":[{"id":149844,"href":"http:\/\/elcuartopoder.com.mx\/nw\/wp-json\/wp\/v2\/posts\/149842\/revisions\/149844"}],"wp:featuredmedia":[{"embeddable":true,"href":"http:\/\/elcuartopoder.com.mx\/nw\/wp-json\/wp\/v2\/media\/149843"}],"wp:attachment":[{"href":"http:\/\/elcuartopoder.com.mx\/nw\/wp-json\/wp\/v2\/media?parent=149842"}],"wp:term":[{"taxonomy":"category","embeddable":true,"href":"http:\/\/elcuartopoder.com.mx\/nw\/wp-json\/wp\/v2\/categories?post=149842"},{"taxonomy":"post_tag","embeddable":true,"href":"http:\/\/elcuartopoder.com.mx\/nw\/wp-json\/wp\/v2\/tags?post=149842"}],"curies":[{"name":"wp","href":"https:\/\/api.w.org\/{rel}","templated":true}]}}