{"id":149845,"date":"2026-09-02T06:44:55","date_gmt":"2026-09-02T11:44:55","guid":{"rendered":"https:\/\/elcuartopoder.com.mx\/nw\/?p=149845"},"modified":"2026-09-02T06:44:57","modified_gmt":"2026-09-02T11:44:57","slug":"poder-para-que-y-despedida","status":"publish","type":"post","link":"http:\/\/elcuartopoder.com.mx\/nw\/opinion\/poder-para-que-y-despedida\/","title":{"rendered":"Poder: para qu\u00e9 (Y despedida)"},"content":{"rendered":"\n<p class=\"wp-block-paragraph\">Como se\u00f1al\u00e9 en el art\u00edculo de la semana pasada, todas las decisiones de inversi\u00f3n que toman los empresarios tienen como elemento en com\u00fan la incertidumbre. Todos son proyectos de los cuales se espera sean rentables, es decir, tengan un valor presente neto positivo tal que las utilidades netas cubran el costo de oportunidad del capital.<\/p>\n\n\n\n<p class=\"wp-block-paragraph\">En este mundo incierto, los empresarios requieren que haya certidumbre sobre las reglas del juego formales, incluidas la Constituci\u00f3n, las leyes, los reglamentos y las normas, que estas sean eficientes, claras, transparentes y permanentes y que el gobierno no las interprete, aplique o modifique discrecionalmente, sino que sean de aplicaci\u00f3n general y pareja para todos los jugadores, reglas que incentiven una asignaci\u00f3n eficiente de recursos y alineadas con el objetivo de crecimiento econ\u00f3mico y no reglas que promuevan la b\u00fasqueda y apropiaci\u00f3n de rentas.<\/p>\n\n\n\n<p class=\"wp-block-paragraph\">Los empresarios requieren que haya un poder judicial efectivamente independiente e imparcial, con juzgados en materia mercantil que garanticen el cumplimiento de los contratos entre los agentes privados y entre estos y el gobierno y que haya juzgados en materia de competencia econ\u00f3mica ante quienes demandar a una empresa o un grupo de empresas por pr\u00e1cticas anticompetitivas. Los empresarios requieren que el gobierno cumpla con su raz\u00f3n de ser y garantice la seguridad personal y patrimonial de los ciudadanos y de las empresas. En suma, para invertir e introducir nuevas tecnolog\u00edas de producci\u00f3n, los empresarios requieren que el gobierno garantice la existencia de un arreglo institucional que garantice la plena existencia de un Estado de derecho.<\/p>\n\n\n\n<p class=\"wp-block-paragraph\">En lugar de ello, los gobiernos de L\u00f3pez y de Sheinbaum han pr\u00e1cticamente destruido varios de los elementos arriba se\u00f1alados, introduciendo cambios constitucionales y legales que tienen un solo objetivo: la acumulaci\u00f3n de poder y la capacidad de utilizarlo discrecional y autoritariamente. L\u00f3pez acumul\u00f3 el poder para demostrar que \u201clos chicharrones que tronaban eran los suyos\u201d, para demostrar que \u00e9l era el Estado a la Luis XIV, para que no le fueran con el cuento de que la ley es la ley. Con ese poder cancel\u00f3 el aeropuerto, sin evaluaci\u00f3n previa y con significativos sobrecostos construy\u00f3 sus cuatro caprichosas obras que tienen rentabilidad social negativa, sac\u00f3 de su tumba a Mexicana que tambi\u00e9n tiene rentabilidad negativa, sin atender la viabilidad fiscal ampli\u00f3 discrecionalmente los programas sociales en particular la pensi\u00f3n para adultos mayores, destruy\u00f3 el sistema de salud p\u00fablica, le regres\u00f3 la educaci\u00f3n al sindicato de profesores en detrimento de la calidad de la educaci\u00f3n, impidi\u00f3 que aumentara la participaci\u00f3n privada en generaci\u00f3n de energ\u00eda el\u00e9ctrica, le dio mucho poder y sobre todo muchos recursos a los milicos para que los ejercieran con opacidad, solap\u00f3 grandes, medianos y peque\u00f1os actos de corrupci\u00f3n, permiti\u00f3 la expansi\u00f3n del crimen organizado, debilit\u00f3 a los \u00f3rganos aut\u00f3nomos del Estado y, finalmente, captur\u00f3 al INE y al TRIFE que le asignaron a Morena y r\u00e9moras la inconstitucional mayor\u00eda calificada en la C\u00e1mara de Diputados.<\/p>\n\n\n\n<p class=\"wp-block-paragraph\">La presidenta Sheinbaum, por su parte, ha continuado la obra de su predecesor acumulando todav\u00eda m\u00e1s poder: elimin\u00f3 los \u00f3rganos aut\u00f3nomos del Estado, realiz\u00f3 la reforma para eliminar la independencia del Poder Judicial, reform\u00f3 la ley de Amparo eliminando la suspensi\u00f3n temporal del acto reclamado y, en materia tributaria, imposibilidad de tramitar uno, la UIF puede congelar cuentas bas\u00e1ndose s\u00f3lo en sospechas y, finalmente, instrumentar mecanismos de censura sobre los medios de comunicaci\u00f3n.<\/p>\n\n\n\n<p class=\"wp-block-paragraph\">Todas estas reformas han minado el Estado de derecho y la certeza jur\u00eddica. El resultado ha sido una ca\u00edda de la inversi\u00f3n privada (en el primer trimestre de este a\u00f1o la inversi\u00f3n fija bruta total como proporci\u00f3n del PIB fue la menor de los \u00faltimos cinco a\u00f1os) y, consecuentemente, una reducci\u00f3n estructural de la tasa de crecimiento econ\u00f3mico y que los \u00fanicos empleos que se est\u00e1n creando son los informales.<\/p>\n\n\n\n<p class=\"wp-block-paragraph\">\u00bfQue har\u00e1 la presidenta con el poder que ha acumulado, adem\u00e1s de tratar de que Morena permanezca en el poder? \u00bfSe ir\u00e1 por el camino de una mayor participaci\u00f3n del gobierno en la econom\u00eda? \u00bfDecidir\u00e1 en qu\u00e9 sectores de actividad econ\u00f3mica y con qu\u00e9 porcentaje podr\u00e1 participar el sector privado? \u00bfDecidir\u00e1 qui\u00e9nes ganan y quienes pierden, a quienes se le otorgan rentas y a quienes no? \u00bfSe ir\u00e1 por una pol\u00edtica tributaria expropiatoria? \u00bfRespetar\u00e1 los derechos privados de propiedad y la libertad econ\u00f3mica de los individuos? Irse por ese camino solo garantiza un estancamiento estructural de la econom\u00eda y que sea la din\u00e1mica demogr\u00e1fica, con una creciente participaci\u00f3n de los adultos mayores dentro de la poblaci\u00f3n total, lo que genere una crisis fiscal y haga inviable, con un alto costo social, seguir con esa pol\u00edtica econ\u00f3mica.<\/p>\n\n\n\n<p class=\"wp-block-paragraph\">Estado de derecho y certeza jur\u00eddica s\u00ed o s\u00ed, no hay alternativa. Si no, en muy pocos a\u00f1os habr\u00e1 que \u201cbajar la cortina\u201d y poner un letrero que diga \u201cM\u00e9xico fracas\u00f3 en el proceso de desarrollo\u201d. Ojal\u00e1 la presidente lo entienda.<\/p>\n\n\n\n<p class=\"wp-block-paragraph\"><strong>\u2014 0 \u2014<\/strong><\/p>\n\n\n\n<p class=\"wp-block-paragraph\">Despu\u00e9s de 31 a\u00f1os y ocho meses de colaborar semanalmente en El Economista, con este art\u00edculo me despido. Deseo agradecer el apoyo por parte del director general editorial, Luis Miguel Gonz\u00e1lez y de Viridiana D\u00edaz, editora de esta secci\u00f3n. Por supuesto, mi mayor agradecimiento es para los lectores; espero no haberlos defraudado.<\/p>\n\n\n\n<p class=\"wp-block-paragraph\">Fuente: eleconomista<\/p>\n","protected":false},"excerpt":{"rendered":"<p>Como se\u00f1al\u00e9 en el art\u00edculo de la semana pasada, todas las decisiones de inversi\u00f3n que toman los empresarios tienen como elemento en com\u00fan la incertidumbre. Todos son proyectos de los cuales se espera sean rentables, es decir, tengan un valor presente neto positivo tal que las utilidades netas cubran el costo de oportunidad del capital. [&hellip;]<\/p>\n","protected":false},"author":2,"featured_media":149846,"comment_status":"open","ping_status":"open","sticky":false,"template":"","format":"standard","meta":{"footnotes":""},"categories":[62],"tags":[],"class_list":["post-149845","post","type-post","status-publish","format-standard","has-post-thumbnail","hentry","category-opinion"],"_links":{"self":[{"href":"http:\/\/elcuartopoder.com.mx\/nw\/wp-json\/wp\/v2\/posts\/149845","targetHints":{"allow":["GET"]}}],"collection":[{"href":"http:\/\/elcuartopoder.com.mx\/nw\/wp-json\/wp\/v2\/posts"}],"about":[{"href":"http:\/\/elcuartopoder.com.mx\/nw\/wp-json\/wp\/v2\/types\/post"}],"author":[{"embeddable":true,"href":"http:\/\/elcuartopoder.com.mx\/nw\/wp-json\/wp\/v2\/users\/2"}],"replies":[{"embeddable":true,"href":"http:\/\/elcuartopoder.com.mx\/nw\/wp-json\/wp\/v2\/comments?post=149845"}],"version-history":[{"count":1,"href":"http:\/\/elcuartopoder.com.mx\/nw\/wp-json\/wp\/v2\/posts\/149845\/revisions"}],"predecessor-version":[{"id":149847,"href":"http:\/\/elcuartopoder.com.mx\/nw\/wp-json\/wp\/v2\/posts\/149845\/revisions\/149847"}],"wp:featuredmedia":[{"embeddable":true,"href":"http:\/\/elcuartopoder.com.mx\/nw\/wp-json\/wp\/v2\/media\/149846"}],"wp:attachment":[{"href":"http:\/\/elcuartopoder.com.mx\/nw\/wp-json\/wp\/v2\/media?parent=149845"}],"wp:term":[{"taxonomy":"category","embeddable":true,"href":"http:\/\/elcuartopoder.com.mx\/nw\/wp-json\/wp\/v2\/categories?post=149845"},{"taxonomy":"post_tag","embeddable":true,"href":"http:\/\/elcuartopoder.com.mx\/nw\/wp-json\/wp\/v2\/tags?post=149845"}],"curies":[{"name":"wp","href":"https:\/\/api.w.org\/{rel}","templated":true}]}}