{"id":149877,"date":"2026-09-03T06:13:11","date_gmt":"2026-09-03T11:13:11","guid":{"rendered":"https:\/\/elcuartopoder.com.mx\/nw\/?p=149877"},"modified":"2026-09-03T06:13:13","modified_gmt":"2026-09-03T11:13:13","slug":"llevan-a-morena-nacional-tema-de-los-vuelos-privados-de-mara-lezama-rechaza-ariadna-montiel-frivolidad-y-estridencia-de-servidores-publicos","status":"publish","type":"post","link":"http:\/\/elcuartopoder.com.mx\/nw\/estatales\/llevan-a-morena-nacional-tema-de-los-vuelos-privados-de-mara-lezama-rechaza-ariadna-montiel-frivolidad-y-estridencia-de-servidores-publicos\/","title":{"rendered":"Llevan a Morena Nacional tema de los vuelos privados de Mara Lezama; rechaza Ariadna Montiel \u201cfrivolidad y estridencia\u201d de servidores p\u00fablicos"},"content":{"rendered":"\n<p class=\"wp-block-paragraph\"><strong><strong>C<\/strong>IUDAD DE M\u00c9XICO, MX.-<\/strong>\u00a0La presidenta del Comit\u00e9 Ejecutivo Nacional del Movimiento de Regeneraci\u00f3n Nacional (Morena), Ariadna Montiel Reyes, rechaz\u00f3 hoy en la tradicional rueda de prensa de su partido, cualquier \u201cfrivolidad y estridencia\u201d de servidores p\u00fablicos al ser cuestionada respecto a los respectivos viajes de la gobernadora Mara Lezama y de la secretaria de Turismo Josefina Rodr\u00edguez dados a conocer en fecha reciente.<\/p>\n\n\n\n<p class=\"wp-block-paragraph\">Cuestionada por una reportera de la fuente, la dirigente Nacional de Morena respondi\u00f3 que \u201cen primer lugar, nosotros reafirmamos que la convicci\u00f3n de nuestro Movimiento es, que las y los servidores p\u00fablicos, siempre sean austeros, cercanos al pueblo, humildes en el trato y, que nosotros no vemos bien que estas cosas sucedan; en el caso de la gobernadora Mara Lezama ella tendr\u00e1 que explicar; creo que ha sacado un comunicado, pero evidentemente no compartimos estas acciones. Nosotros hemos refrendado y hemos insistido una y otra vez, que, lo que a nosotros nos hace grandes como movimiento es la cercan\u00eda con el pueblo\u201d.<\/p>\n\n\n\n<p class=\"wp-block-paragraph\">Montiel Reyes abund\u00f3 que desde que llegaron a la administraci\u00f3n p\u00fablica de la Federaci\u00f3n, de los estados y de los municipios, el objetivo es combatir la corrupci\u00f3n, as\u00ed como los privilegios \u201cy esa es nuestra convicci\u00f3n y lo vamos a seguir haciendo; ya los detalles de la situaci\u00f3n, pues seguramente la gobernadora lo va a informar; en su caso, su responsabilidad. Pero desde Morena reafirmamos que nosotros tenemos un ideal y tenemos una convicci\u00f3n en c\u00f3mo deben conducirse los servidores p\u00fablicos, en este caso y todos los dem\u00e1s casos; y creo tambi\u00e9n que no solamente es para los servidores p\u00fablicos de la cuarta transformaci\u00f3n, deber\u00eda ser para todos, pero a m\u00ed me toca hacerme cargo de quienes participan como militantes de Morena\u201d.<\/p>\n\n\n\n<p class=\"wp-block-paragraph\">La dirigente Nacional de Morena, expuso ante los asistentes a la conferencia, que la posici\u00f3n de los morenistas gobernantes debe ser acorde con \u201cel proyecto de naci\u00f3n\u201d, filosof\u00eda que le ha planteado a todos los gobernantes y a los legisladores que salen de las filas de su partido.<\/p>\n\n\n<div class=\"wp-block-image\">\n<figure class=\"aligncenter\"><img decoding=\"async\" src=\"https:\/\/noticaribe.com.mx\/wp\/wp-content\/uploads\/2026\/09\/ACCI1000418207.jpg\" alt=\"\" class=\"wp-image-817153\"\/><\/figure>\n<\/div>\n\n\n<p class=\"wp-block-paragraph\">\u201cAcabo de ir con los diputados y se los he reiterado, que es la cercan\u00eda al pueblo, lo que nosotros tenemos como meta, como convicci\u00f3n; que lo dem\u00e1s, no es parte de este proyecto, rechazamos las frivolidades, las estridencias innecesarias y queremos convencer a todos, que as\u00ed debe ser la pol\u00edtica no de otra manera\u201d, concluy\u00f3 el tema.<\/p>\n\n\n\n<p class=\"wp-block-paragraph\">Fuente: NC<\/p>\n","protected":false},"excerpt":{"rendered":"<p>CIUDAD DE M\u00c9XICO, MX.-\u00a0La presidenta del Comit\u00e9 Ejecutivo Nacional del Movimiento de Regeneraci\u00f3n Nacional (Morena), Ariadna Montiel Reyes, rechaz\u00f3 hoy en la tradicional rueda de prensa de su partido, cualquier \u201cfrivolidad y estridencia\u201d de servidores p\u00fablicos al ser cuestionada respecto a los respectivos viajes de la gobernadora Mara Lezama y de la secretaria de Turismo [&hellip;]<\/p>\n","protected":false},"author":2,"featured_media":149878,"comment_status":"open","ping_status":"open","sticky":false,"template":"","format":"standard","meta":{"footnotes":""},"categories":[60],"tags":[],"class_list":["post-149877","post","type-post","status-publish","format-standard","has-post-thumbnail","hentry","category-estatales"],"_links":{"self":[{"href":"http:\/\/elcuartopoder.com.mx\/nw\/wp-json\/wp\/v2\/posts\/149877","targetHints":{"allow":["GET"]}}],"collection":[{"href":"http:\/\/elcuartopoder.com.mx\/nw\/wp-json\/wp\/v2\/posts"}],"about":[{"href":"http:\/\/elcuartopoder.com.mx\/nw\/wp-json\/wp\/v2\/types\/post"}],"author":[{"embeddable":true,"href":"http:\/\/elcuartopoder.com.mx\/nw\/wp-json\/wp\/v2\/users\/2"}],"replies":[{"embeddable":true,"href":"http:\/\/elcuartopoder.com.mx\/nw\/wp-json\/wp\/v2\/comments?post=149877"}],"version-history":[{"count":1,"href":"http:\/\/elcuartopoder.com.mx\/nw\/wp-json\/wp\/v2\/posts\/149877\/revisions"}],"predecessor-version":[{"id":149879,"href":"http:\/\/elcuartopoder.com.mx\/nw\/wp-json\/wp\/v2\/posts\/149877\/revisions\/149879"}],"wp:featuredmedia":[{"embeddable":true,"href":"http:\/\/elcuartopoder.com.mx\/nw\/wp-json\/wp\/v2\/media\/149878"}],"wp:attachment":[{"href":"http:\/\/elcuartopoder.com.mx\/nw\/wp-json\/wp\/v2\/media?parent=149877"}],"wp:term":[{"taxonomy":"category","embeddable":true,"href":"http:\/\/elcuartopoder.com.mx\/nw\/wp-json\/wp\/v2\/categories?post=149877"},{"taxonomy":"post_tag","embeddable":true,"href":"http:\/\/elcuartopoder.com.mx\/nw\/wp-json\/wp\/v2\/tags?post=149877"}],"curies":[{"name":"wp","href":"https:\/\/api.w.org\/{rel}","templated":true}]}}