{"id":149880,"date":"2026-09-03T06:14:44","date_gmt":"2026-09-03T11:14:44","guid":{"rendered":"https:\/\/elcuartopoder.com.mx\/nw\/?p=149880"},"modified":"2026-09-03T06:14:46","modified_gmt":"2026-09-03T11:14:46","slug":"sheinbaum-confirma-pesquisas-sobre-amilcar-olan-amigo-de-andy-lopez-beltran","status":"publish","type":"post","link":"http:\/\/elcuartopoder.com.mx\/nw\/destacadas\/sheinbaum-confirma-pesquisas-sobre-amilcar-olan-amigo-de-andy-lopez-beltran\/","title":{"rendered":"Sheinbaum confirma pesquisas sobre Am\u00edlcar Ol\u00e1n, amigo de Andy L\u00f3pez Beltr\u00e1n"},"content":{"rendered":"\n<p class=\"wp-block-paragraph\">La Presidenta reconoci\u00f3 que Hacienda y la Secretar\u00eda Anticorrupci\u00f3n cuentan con informaci\u00f3n sobre el empresario; el SAT pidi\u00f3 a la FGR ejercer acci\u00f3n penal por presuntas irregularidades fiscales relacionadas con una empresa vinculada a un operador cercano a Ol\u00e1n.<\/p>\n\n\n\n<p class=\"wp-block-paragraph\"><strong>CIUDAD DE M\u00c9XICO.-<\/strong>&nbsp;La presidenta Claudia Sheinbaum confirm\u00f3 que las secretar\u00edas de Hacienda y Cr\u00e9dito P\u00fablico y Anticorrupci\u00f3n y Buen Gobierno cuentan con informaci\u00f3n relacionada con Jorge Am\u00edlcar Ol\u00e1n, empresario identificado como amigo de Andr\u00e9s Manuel L\u00f3pez Beltr\u00e1n, hijo del expresidente Andr\u00e9s Manuel L\u00f3pez Obrador.<\/p>\n\n\n\n<p class=\"wp-block-paragraph\">Durante su conferencia, la mandataria fue cuestionada sobre una investigaci\u00f3n publicada por&nbsp;<strong>Reforma<\/strong>, en la que se dio a conocer que Hacienda solicit\u00f3 a la Fiscal\u00eda General de la Rep\u00fablica (FGR) ejercer acci\u00f3n penal por presuntos delitos fiscales relacionados con la empresa Portacelis Gas and Oil.<\/p>\n\n\n\n<p class=\"wp-block-paragraph\">Sheinbaum sostuvo que su administraci\u00f3n investiga tanto posibles irregularidades administrativas como hechos que pudieran constituir delitos, pero advirti\u00f3 que cualquier se\u00f1alamiento debe sustentarse en evidencia.<\/p>\n\n\n\n<p class=\"wp-block-paragraph\">\u201cNo hay nada que no se investigue\u201d, afirm\u00f3 la Presidenta, al se\u00f1alar que las indagatorias deben basarse en elementos probatorios y no \u00fanicamente en versiones difundidas por medios de comunicaci\u00f3n o redes sociales.<\/p>\n\n\n\n<p class=\"wp-block-paragraph\">Al ser cuestionada directamente sobre si Hacienda ten\u00eda informaci\u00f3n respecto a Am\u00edlcar Ol\u00e1n, respondi\u00f3 afirmativamente y a\u00f1adi\u00f3 que tambi\u00e9n la Secretar\u00eda Anticorrupci\u00f3n y de Buen Gobierno cuenta con informaci\u00f3n.<\/p>\n\n\n\n<h3 class=\"wp-block-heading\">SAT DETECT\u00d3 PRESUNTAS IRREGULARIDADES POR M\u00c1S DE 834 MILLONES<\/h3>\n\n\n\n<p class=\"wp-block-paragraph\">De acuerdo con la investigaci\u00f3n difundida por&nbsp;<strong>Reforma<\/strong>, el Servicio de Administraci\u00f3n Tributaria (SAT) present\u00f3 el pasado 25 de marzo una declaratoria de perjuicio ante la FGR, luego de detectar presuntas irregularidades en operaciones de importaci\u00f3n de combustibles realizadas por Portacelis Gas and Oil.<\/p>\n\n\n\n<p class=\"wp-block-paragraph\">Seg\u00fan la informaci\u00f3n publicada por el diario, entre el 11 de febrero y el 27 de junio de 2025 la empresa realiz\u00f3 139 pedimentos de importaci\u00f3n de combustibles que ingresaron al Pa\u00eds mediante ferrotanques con informaci\u00f3n presuntamente falsa.<\/p>\n\n\n\n<p class=\"wp-block-paragraph\">El SAT calcul\u00f3 en m\u00e1s de&nbsp;<strong>834 millones de pesos<\/strong>&nbsp;el monto de derechos e impuestos que habr\u00edan sido omitidos y solicit\u00f3 a la FGR ejercer acci\u00f3n penal contra cinco personas, entre empleados de la empresa y agentes aduanales que presuntamente facilitaron las operaciones.<\/p>\n\n\n\n<p class=\"wp-block-paragraph\">No obstante, la autoridad fiscal&nbsp;<strong>no formul\u00f3 cargos contra Jorge Am\u00edlcar Ol\u00e1n ni contra Juan Carlos de la Cruz Murillo<\/strong>&nbsp;dentro de ese expediente, de acuerdo con la informaci\u00f3n difundida por Reforma.<\/p>\n\n\n\n<h3 class=\"wp-block-heading\">EMPRESA VINCULADA A UN OPERADOR CERCANO A OL\u00c1N<\/h3>\n\n\n\n<p class=\"wp-block-paragraph\">Portacelis Gas and Oil fue constituida en agosto de 2024 y tuvo inicialmente como administrador \u00fanico a Juan Carlos de la Cruz Murillo, a quien Reforma identifica como un operador de confianza de Am\u00edlcar Ol\u00e1n.<\/p>\n\n\n\n<p class=\"wp-block-paragraph\">De acuerdo con la informaci\u00f3n difundida por el diario, De la Cruz Murillo tambi\u00e9n apareci\u00f3 en documentos mercantiles como comisario de Romedic, empresa relacionada con Ol\u00e1n que obtuvo contratos para la venta de medicamentos al entonces Instituto de Salud para el Bienestar (Insabi), adem\u00e1s de figurar como accionista de Poyago.<\/p>\n\n\n\n<p class=\"wp-block-paragraph\">De la Cruz dej\u00f3 la administraci\u00f3n de Portacelis en diciembre de 2024 y fue sustituido por Jos\u00e9 Alonso Ulin Hern\u00e1ndez, contra quien el SAT habr\u00eda solicitado acci\u00f3n penal junto con agentes aduanales relacionados con las operaciones de importaci\u00f3n.<\/p>\n\n\n\n<h3 class=\"wp-block-heading\">SHEINBAUM: \u201cTODO SE INVESTIGA\u201d<\/h3>\n\n\n\n<p class=\"wp-block-paragraph\">La declaraci\u00f3n de Sheinbaum representa un cambio respecto de las afirmaciones realizadas semanas atr\u00e1s sobre el entorno de Andy L\u00f3pez Beltr\u00e1n.<\/p>\n\n\n\n<p class=\"wp-block-paragraph\">En agosto, tras conocerse la revocaci\u00f3n de la visa estadounidense de L\u00f3pez Beltr\u00e1n, la Presidenta hab\u00eda sostenido que no exist\u00eda una investigaci\u00f3n en M\u00e9xico en contra del hijo del expresidente y cuestion\u00f3 el uso de decisiones migratorias por parte de Estados Unidos.<\/p>\n\n\n\n<p class=\"wp-block-paragraph\">Ahora, ante los nuevos cuestionamientos, Sheinbaum confirm\u00f3 que existen investigaciones y que dependencias federales cuentan con informaci\u00f3n sobre Am\u00edlcar Ol\u00e1n.<\/p>\n\n\n\n<p class=\"wp-block-paragraph\">La Presidenta, sin embargo, marc\u00f3 distancia entre una investigaci\u00f3n y una acusaci\u00f3n formal: insisti\u00f3 en que cualquier responsabilidad debe determinarse a partir de pruebas y mediante los procedimientos correspondientes.<\/p>\n\n\n\n<p class=\"wp-block-paragraph\">El caso vuelve a colocar bajo escrutinio a personas cercanas al c\u00edrculo de Andy L\u00f3pez Beltr\u00e1n, en medio de las investigaciones federales relacionadas con el llamado&nbsp;<strong>huachicol fiscal<\/strong>&nbsp;y de la presi\u00f3n de Estados Unidos sobre M\u00e9xico por posibles redes de corrupci\u00f3n y contrabando de combustibles.<\/p>\n\n\n\n<p class=\"wp-block-paragraph\">Fuente: NC<\/p>\n","protected":false},"excerpt":{"rendered":"<p>La Presidenta reconoci\u00f3 que Hacienda y la Secretar\u00eda Anticorrupci\u00f3n cuentan con informaci\u00f3n sobre el empresario; el SAT pidi\u00f3 a la FGR ejercer acci\u00f3n penal por presuntas irregularidades fiscales relacionadas con una empresa vinculada a un operador cercano a Ol\u00e1n. CIUDAD DE M\u00c9XICO.-&nbsp;La presidenta Claudia Sheinbaum confirm\u00f3 que las secretar\u00edas de Hacienda y Cr\u00e9dito P\u00fablico y [&hellip;]<\/p>\n","protected":false},"author":2,"featured_media":149881,"comment_status":"open","ping_status":"open","sticky":false,"template":"","format":"standard","meta":{"footnotes":""},"categories":[59],"tags":[],"class_list":["post-149880","post","type-post","status-publish","format-standard","has-post-thumbnail","hentry","category-destacadas"],"_links":{"self":[{"href":"http:\/\/elcuartopoder.com.mx\/nw\/wp-json\/wp\/v2\/posts\/149880","targetHints":{"allow":["GET"]}}],"collection":[{"href":"http:\/\/elcuartopoder.com.mx\/nw\/wp-json\/wp\/v2\/posts"}],"about":[{"href":"http:\/\/elcuartopoder.com.mx\/nw\/wp-json\/wp\/v2\/types\/post"}],"author":[{"embeddable":true,"href":"http:\/\/elcuartopoder.com.mx\/nw\/wp-json\/wp\/v2\/users\/2"}],"replies":[{"embeddable":true,"href":"http:\/\/elcuartopoder.com.mx\/nw\/wp-json\/wp\/v2\/comments?post=149880"}],"version-history":[{"count":1,"href":"http:\/\/elcuartopoder.com.mx\/nw\/wp-json\/wp\/v2\/posts\/149880\/revisions"}],"predecessor-version":[{"id":149882,"href":"http:\/\/elcuartopoder.com.mx\/nw\/wp-json\/wp\/v2\/posts\/149880\/revisions\/149882"}],"wp:featuredmedia":[{"embeddable":true,"href":"http:\/\/elcuartopoder.com.mx\/nw\/wp-json\/wp\/v2\/media\/149881"}],"wp:attachment":[{"href":"http:\/\/elcuartopoder.com.mx\/nw\/wp-json\/wp\/v2\/media?parent=149880"}],"wp:term":[{"taxonomy":"category","embeddable":true,"href":"http:\/\/elcuartopoder.com.mx\/nw\/wp-json\/wp\/v2\/categories?post=149880"},{"taxonomy":"post_tag","embeddable":true,"href":"http:\/\/elcuartopoder.com.mx\/nw\/wp-json\/wp\/v2\/tags?post=149880"}],"curies":[{"name":"wp","href":"https:\/\/api.w.org\/{rel}","templated":true}]}}