{"id":149889,"date":"2026-09-03T06:27:18","date_gmt":"2026-09-03T11:27:18","guid":{"rendered":"https:\/\/elcuartopoder.com.mx\/nw\/?p=149889"},"modified":"2026-09-03T06:27:20","modified_gmt":"2026-09-03T11:27:20","slug":"es-insuficiente-regular-el-uso-de-celulares-solo-en-las-escuelas-organizaciones-civiles","status":"publish","type":"post","link":"http:\/\/elcuartopoder.com.mx\/nw\/opinion\/es-insuficiente-regular-el-uso-de-celulares-solo-en-las-escuelas-organizaciones-civiles\/","title":{"rendered":"Es insuficiente regular el uso de celulares s\u00f3lo en las escuelas: organizaciones civiles"},"content":{"rendered":"\n<p class=\"wp-block-paragraph\"><em>Ciudad de M\u00e9xico.<\/em>\u00a0Las organizaciones civiles SocialTIC, Tejiendo Redes Infancia, Tec-Check y El Poder del Consumidor, consideraron que regular el\u00a0uso de celulares en las aulas\u00a0se queda corto ante el impacto y los riesgos que el empleo desmedido de redes sociales y plataformas entre ni\u00f1as, ni\u00f1os y adolescentes (NNA).<\/p>\n\n\n\n<p class=\"wp-block-paragraph\">En conferencia de prensa, Fiorentina Garc\u00eda Miram\u00f3n, directora de Tec-Check, se\u00f1al\u00f3:&nbsp;<\/p>\n\n\n\n<p class=\"wp-block-paragraph\">\u201cPodemos sacar el celular del sal\u00f3n, pero si dejamos intacto lo que ocurre dentro de la pantalla, el problema sigue ah\u00ed. Porque cuando una ni\u00f1a sale del sal\u00f3n y vuelve a abrir una red social, todo aquello que busca mantenerla conectada siguen ah\u00ed las notificaciones, el&nbsp;<em>scroll<\/em>&nbsp;infinito y las recomendaciones personalizadas.\u201d<\/p>\n\n\n\n<blockquote class=\"wp-block-quote is-layout-flow wp-block-quote-is-layout-flow\"><\/blockquote>\n\n\n\n<p class=\"wp-block-paragraph\">Juan Martin P\u00e9rez Garcia, Coordinador de Tejiendo Redes Infancia en Am\u00e9rica Latina y el Caribe dijo que desde la perspectiva de la agrupaci\u00f3n que dirige \u201cnos parece que la regulaci\u00f3n de celulares es un enga\u00f1abobos\u201d, porque \u201cno est\u00e1 resolviendo absolutamente nada.\u201d<\/p>\n\n\n\n<p class=\"wp-block-paragraph\">Apunt\u00f3 que es algo similar a lo de \u201clas mochilas seguras, que adem\u00e1s fueron declaradas inconstitucionales por la Suprema Corte de Justicia.\u201d<\/p>\n\n\n\n<p class=\"wp-block-paragraph\">Alejandro Calvillo, director de El Poder del Consumidor expuso que las agrupaciones \u201cllamamos a ir m\u00e1s all\u00e1 de regular celulares en las escuelas.\u201d<\/p>\n\n\n\n<p class=\"wp-block-paragraph\">Subray\u00f3 que desde los derechos digitales, derechos de las infancias y derechos de consumidores se reconoce como un paso necesario que el gobierno impulse una discusi\u00f3n nacional sobre la regulaci\u00f3n de las redes sociales y plataformas que llegan NNA. Pero insisti\u00f3 que la decisi\u00f3n de abordar este problema desde una perspectiva de pol\u00edtica p\u00fablica es urgente y necesaria, no obstante el debate debe ir m\u00e1s all\u00e1 de la regulaci\u00f3n de uso de celulares en las escuelas, es fundamental enfrentar la vigilancia y extracci\u00f3n de datos personales, el uso de algoritmos y de la inteligencia artificial para aprovecharse de las vulnerabilidades de NNA.<\/p>\n\n\n\n<p class=\"wp-block-paragraph\">Fiorentina Garc\u00eda Miram\u00f3n, dijo que tambi\u00e9n importa c\u00f3mo fueron dise\u00f1adas esas plataformas para mantenerlos ah\u00ed. Meta tendr\u00e1 que implementar en Estados Unidos nuevas protecciones para menores de edad en Instagram y Facebook. Si una plataforma conoce medidas que pueden reducir riesgos para las personas menores de edad, esas protecciones deber\u00edan convertirse en un est\u00e1ndar global. De lo contrario, \u00bfpor qu\u00e9 las<\/p>\n\n\n\n<p class=\"wp-block-paragraph\">infancias en M\u00e9xico tendr\u00edan que recibir menos protecci\u00f3n de sus derechos?\u201d<\/p>\n\n\n\n<p class=\"wp-block-paragraph\">Juan Manuel Casanueva, director de SocialTIC, coment\u00f3 que \u201cidentificamos que para atender las preocupaciones, riesgos e impactos del uso de las redes sociales en infancias a adolescencias, se requieren estrategias sist\u00e9micas que incorporen la voz de \u00e9stas poblaciones y que establezcan responsabilidades particulares para instituciones p\u00fablicas, plataformas privadas, responsables escolares as\u00ed como madres, padres y responsables de crianza.<\/p>\n\n\n\n<p class=\"wp-block-paragraph\">\u201cEn particular advertimos tres retos significativos: la amenaza del uso de soluciones de vigilancia y reconocimiento facial en menores de edad para establecer controles de acceso a ciertos contenidos, lo que significa una riesgosa recolecci\u00f3n de datos sensibles y su posible uso con fines comerciales; los riesgos e impactos de las redes sociales en las infancias y adolescencias requiere regulaciones comprensivas y responsabilidades de instituciones p\u00fablicas de procuraci\u00f3n de justicia y atenci\u00f3n a v\u00edctimas de delitos en espacios digitales, y las plataformas privadas deben atender las exigencias de las infancias, adolescencias, padres, madres, responsables de crianza y especialistas que han identificado los impactos que el dise\u00f1o y operaci\u00f3n de sus servicios\/productos\/espacios tienen sobre individuos y grupos de la sociedad priorizando la salud y derechos humanos sobre sus fines lucrativos\u201d.<\/p>\n\n\n\n<p class=\"wp-block-paragraph\">P\u00e9rez Garcia, sostuvo que los entornos digitales son un gran avance para la humanidad y las NNA representan actualmente la tercera parte de la poblaci\u00f3n y para la mayor\u00eda su socializaci\u00f3n, autonom\u00eda progresiva, futuro laboral y ciudadan\u00eda ser\u00e1 digital.<\/p>\n\n\n\n<p class=\"wp-block-paragraph\">\u201cA\u00fan cuando el internet y las tecnolog\u00edas digital no fueron dise\u00f1adas pensando en las infancias, son una de las poblaciones con m\u00e1s ejercicio de derechos en las plataformas, por ello que no pueden quedar fuera del debate global para que a trav\u00e9s del di\u00e1logo intergeneracional garanticemos sus derechos y protecci\u00f3n integral\u201d.<\/p>\n\n\n\n<p class=\"wp-block-paragraph\">Fuente: lajornada<\/p>\n","protected":false},"excerpt":{"rendered":"<p>Ciudad de M\u00e9xico.\u00a0Las organizaciones civiles SocialTIC, Tejiendo Redes Infancia, Tec-Check y El Poder del Consumidor, consideraron que regular el\u00a0uso de celulares en las aulas\u00a0se queda corto ante el impacto y los riesgos que el empleo desmedido de redes sociales y plataformas entre ni\u00f1as, ni\u00f1os y adolescentes (NNA). En conferencia de prensa, Fiorentina Garc\u00eda Miram\u00f3n, directora [&hellip;]<\/p>\n","protected":false},"author":2,"featured_media":149890,"comment_status":"open","ping_status":"open","sticky":false,"template":"","format":"standard","meta":{"footnotes":""},"categories":[62],"tags":[],"class_list":["post-149889","post","type-post","status-publish","format-standard","has-post-thumbnail","hentry","category-opinion"],"_links":{"self":[{"href":"http:\/\/elcuartopoder.com.mx\/nw\/wp-json\/wp\/v2\/posts\/149889","targetHints":{"allow":["GET"]}}],"collection":[{"href":"http:\/\/elcuartopoder.com.mx\/nw\/wp-json\/wp\/v2\/posts"}],"about":[{"href":"http:\/\/elcuartopoder.com.mx\/nw\/wp-json\/wp\/v2\/types\/post"}],"author":[{"embeddable":true,"href":"http:\/\/elcuartopoder.com.mx\/nw\/wp-json\/wp\/v2\/users\/2"}],"replies":[{"embeddable":true,"href":"http:\/\/elcuartopoder.com.mx\/nw\/wp-json\/wp\/v2\/comments?post=149889"}],"version-history":[{"count":1,"href":"http:\/\/elcuartopoder.com.mx\/nw\/wp-json\/wp\/v2\/posts\/149889\/revisions"}],"predecessor-version":[{"id":149891,"href":"http:\/\/elcuartopoder.com.mx\/nw\/wp-json\/wp\/v2\/posts\/149889\/revisions\/149891"}],"wp:featuredmedia":[{"embeddable":true,"href":"http:\/\/elcuartopoder.com.mx\/nw\/wp-json\/wp\/v2\/media\/149890"}],"wp:attachment":[{"href":"http:\/\/elcuartopoder.com.mx\/nw\/wp-json\/wp\/v2\/media?parent=149889"}],"wp:term":[{"taxonomy":"category","embeddable":true,"href":"http:\/\/elcuartopoder.com.mx\/nw\/wp-json\/wp\/v2\/categories?post=149889"},{"taxonomy":"post_tag","embeddable":true,"href":"http:\/\/elcuartopoder.com.mx\/nw\/wp-json\/wp\/v2\/tags?post=149889"}],"curies":[{"name":"wp","href":"https:\/\/api.w.org\/{rel}","templated":true}]}}