{"id":149892,"date":"2026-09-03T06:29:21","date_gmt":"2026-09-03T11:29:21","guid":{"rendered":"https:\/\/elcuartopoder.com.mx\/nw\/?p=149892"},"modified":"2026-09-03T06:29:23","modified_gmt":"2026-09-03T11:29:23","slug":"george-clooney-recibe-leon-de-oro-a-la-trayectoria-conmovido-hasta-las-lagrimas","status":"publish","type":"post","link":"http:\/\/elcuartopoder.com.mx\/nw\/entretenimiento\/espectaculos\/george-clooney-recibe-leon-de-oro-a-la-trayectoria-conmovido-hasta-las-lagrimas\/","title":{"rendered":"George Clooney recibe Leon de Oro a la trayectoria conmovido hasta las l\u00e1grimas"},"content":{"rendered":"\n<p class=\"wp-block-paragraph\"><em>Lido de Venecia<\/em>. En la noche inaugural de la edici\u00f3n 83 del Festival Internacional de Cine de Venecia, el actor, director y productor estadounidense George Clooney recibi\u00f3 el Le\u00f3n de Oro a la Trayectoria, uno de los reconocimientos m\u00e1s importantes que puede otorgar la Mostra, bajo una sala llena, un escenario cargado de memoria, Clooney ll\u00f3 acompa\u00f1ado po su esposa Amal Clooney; el ya veterano \u00edcono del cine -cumpli\u00f3 65 a\u00f1os en mayo- se mostr\u00f3 conmovido hasta las l\u00e1grimas cuando la gala dio inicio proyectando&nbsp;un repaso de las innumerables producciones en que ha participado ya sea como actor, detr\u00e1s de la c\u00e1mara o en la producci\u00f3n; la persona cercana responsable de recordar al p\u00fablico por qu\u00e9 su nombre forma parte ya de la historia de Hollywood fue la actriz Laura Dern quien fue la encargada de pronunciar el Laudatio.&nbsp;<\/p>\n\n\n\n<p class=\"wp-block-paragraph\">La elecci\u00f3n de Dern tuvo as\u00ed un significado que iba mucho m\u00e1s all\u00e1 de una ceremonia protocolaria. No se trataba solamente de una actriz hablando sobre otro actor. Era una colega que conoce a Clooney de cerca y que comparti\u00f3 con \u00e9l uno de sus trabajos m\u00e1s recientes al ser su compa\u00f1era de reparto en Jay Kelly la pel\u00edcula de Noah Baumbach que ambos presentaron precisamente en Venecia el a\u00f1o pasado.<\/p>\n\n\n\n<p class=\"wp-block-paragraph\">Dern&nbsp; mantiene una larga relaci\u00f3n con la Mostra. Dern ya hab\u00eda estado en Venecia con pel\u00edculas como&nbsp;Haunted Summer,&nbsp;October Sky,&nbsp;Dr. T &amp; the Women,&nbsp;Inland Empire,&nbsp;Marriage Story&nbsp;y&nbsp;The Son. En 2006 estuvo tambi\u00e9n vinculada al homenaje que el festival dedic\u00f3 a David Lynch.<\/p>\n\n\n\n<h2 class=\"wp-block-heading\">Amistad, reconocimiento y recuerdos<\/h2>\n\n\n\n<p class=\"wp-block-paragraph\">La presencia de Dern hizo que el homenaje adquiriera una dimensi\u00f3n particularmente personal. Los dos hab\u00edan compartido pantalla en&nbsp;Jay Kelly, donde Clooney interpreta a una estrella de cine que se enfrenta a su propia fama, a sus recuerdos y al paso del tiempo.&nbsp;<\/p>\n\n\n\n<p class=\"wp-block-paragraph\">Un a\u00f1o despu\u00e9s, aquella ficci\u00f3n parec\u00eda prolongarse en la realidad: el actor que en la pel\u00edcula recibe un reconocimiento por su trayectoria se encontraba ahora, en el mismo festival, recibiendo uno de los m\u00e1ximos honores de su carrera.<\/p>\n\n\n\n<p class=\"wp-block-paragraph\">La propia Mostra hab\u00eda destacado la dimensi\u00f3n m\u00faltiple de Clooney: actor, director y productor, pero tambi\u00e9n una figura p\u00fablica comprometida durante a\u00f1os con causas sociales y humanitarias.<\/p>\n\n\n\n<p class=\"wp-block-paragraph\">El estadounidense es, adem\u00e1s, uno de los escasos int\u00e9rpretes que han conseguido nominaciones al Oscar en seis categor\u00edas diferentes: como actor principal, actor de reparto, director, guionista y productor, tanto en la categor\u00eda de mejor pel\u00edcula como en las de guion sin olvidar que en dos ocasiones ha sido considerado como el hombre mas \u201c sexy\u201d del mundo a lo que Clooney desde su asiento reaccionaba mostrando con su mano que hab\u00edan sido efectivamente dos ocasiones. Dern resalt\u00f3 el compa\u00f1erismo de Clooney quien incluso ayuda a sus compa\u00f1eros a cargar las maletas cuando est\u00e1n en el set de filmaci\u00f3n.&nbsp;<\/p>\n\n\n\n<h2 class=\"wp-block-heading\">Clooney: entre la emoci\u00f3n y el humor<\/h2>\n\n\n\n<p class=\"wp-block-paragraph\">Clooney reaccion\u00f3 al reconocimiento fiel a una de las caracter\u00edsticas que han acompa\u00f1ado su imagen p\u00fablica durante d\u00e9cadas: la capacidad de quitar solemnidad incluso a los momentos m\u00e1s importantes.<\/p>\n\n\n\n<p class=\"wp-block-paragraph\">Cuando la Biennale anunci\u00f3 el premio, hab\u00eda resumido su reacci\u00f3n con una de esas frases ir\u00f3nicas que parecen hechas a su medida: recibir el Le\u00f3n de Oro era \u201cun tremendo honor\u201d, aunque probablemente tambi\u00e9n significaba que ya era viejo. \u201cPero lo aceptar\u00e9\u201d.&nbsp;<\/p>\n\n\n\n<p class=\"wp-block-paragraph\">Pero detr\u00e1s de la broma hab\u00eda tambi\u00e9n una reflexi\u00f3n m\u00e1s profunda. Clooney ha llegado a una edad en la que puede mirar su carrera desde cierta distancia y reconocer, sin falsa modestia, la extraordinaria vida profesional que ha tenido de ah\u00ed que no pudo contener las l\u00e1grimas al presenciar el res\u00famen de su carrera que prepar\u00f3 el festival.&nbsp;<\/p>\n\n\n\n<h2 class=\"wp-block-heading\">Venecia, una historia de casi tres d\u00e9cadas<\/h2>\n\n\n\n<p class=\"wp-block-paragraph\">El Le\u00f3n de Oro tiene un significado especial porque Venecia no es un festival m\u00e1s para Clooney. Su relaci\u00f3n con la Mostra comenz\u00f3 en&nbsp;1998, cuando acudi\u00f3 al Lido con&nbsp;Out of Sight, de Steven Soderbergh. Desde entonces regres\u00f3 en distintas etapas de su carrera con diferentes producciones. como&nbsp;Good Night, and Good Luck,&nbsp;Michael Clayton,&nbsp;Gravity&nbsp;<\/p>\n\n\n\n<p class=\"wp-block-paragraph\">En Venecia tambi\u00e9n vivi\u00f3 uno de los cap\u00edtulos m\u00e1s importantes de su vida personal: en 2014 se cas\u00f3 con Amal Alamuddin en la ciudad italiana. Por eso, al hablar del lugar, Clooney no se limita a recordar premieres y alfombras rojas. Para \u00e9l, Venecia est\u00e1 asociada tambi\u00e9n con su vida privada.&nbsp;<\/p>\n\n\n\n<h2 class=\"wp-block-heading\">Sus preocupaciones y compromiso social<\/h2>\n\n\n\n<p class=\"wp-block-paragraph\">En su intervenci\u00f3n al recibir el Leon de Oro aprovech\u00f3 para expresar su preocupaci\u00f3n por el impacto de la inteligencia artificial y el peligro para el cine y el periodismo incluso de contaminar la confianza en hechos reales. La imagen de Clooney sosteniendo el Le\u00f3n de Oro en el Lido no deja de ser conmovedora.<\/p>\n\n\n\n<p class=\"wp-block-paragraph\">&nbsp;El joven actor que lleg\u00f3 a Venecia por primera vez en 1998 se ha convertido en uno de los rostros m\u00e1s reconocibles del cine estadounidense y, al mismo tiempo, en un director interesado en contar historias pol\u00edticas, sociales y humanas.<\/p>\n\n\n\n<p class=\"wp-block-paragraph\">Fuente:lajornada<\/p>\n","protected":false},"excerpt":{"rendered":"<p>Lido de Venecia. En la noche inaugural de la edici\u00f3n 83 del Festival Internacional de Cine de Venecia, el actor, director y productor estadounidense George Clooney recibi\u00f3 el Le\u00f3n de Oro a la Trayectoria, uno de los reconocimientos m\u00e1s importantes que puede otorgar la Mostra, bajo una sala llena, un escenario cargado de memoria, Clooney [&hellip;]<\/p>\n","protected":false},"author":2,"featured_media":149893,"comment_status":"open","ping_status":"open","sticky":false,"template":"","format":"standard","meta":{"footnotes":""},"categories":[11],"tags":[],"class_list":["post-149892","post","type-post","status-publish","format-standard","has-post-thumbnail","hentry","category-espectaculos"],"_links":{"self":[{"href":"http:\/\/elcuartopoder.com.mx\/nw\/wp-json\/wp\/v2\/posts\/149892","targetHints":{"allow":["GET"]}}],"collection":[{"href":"http:\/\/elcuartopoder.com.mx\/nw\/wp-json\/wp\/v2\/posts"}],"about":[{"href":"http:\/\/elcuartopoder.com.mx\/nw\/wp-json\/wp\/v2\/types\/post"}],"author":[{"embeddable":true,"href":"http:\/\/elcuartopoder.com.mx\/nw\/wp-json\/wp\/v2\/users\/2"}],"replies":[{"embeddable":true,"href":"http:\/\/elcuartopoder.com.mx\/nw\/wp-json\/wp\/v2\/comments?post=149892"}],"version-history":[{"count":1,"href":"http:\/\/elcuartopoder.com.mx\/nw\/wp-json\/wp\/v2\/posts\/149892\/revisions"}],"predecessor-version":[{"id":149894,"href":"http:\/\/elcuartopoder.com.mx\/nw\/wp-json\/wp\/v2\/posts\/149892\/revisions\/149894"}],"wp:featuredmedia":[{"embeddable":true,"href":"http:\/\/elcuartopoder.com.mx\/nw\/wp-json\/wp\/v2\/media\/149893"}],"wp:attachment":[{"href":"http:\/\/elcuartopoder.com.mx\/nw\/wp-json\/wp\/v2\/media?parent=149892"}],"wp:term":[{"taxonomy":"category","embeddable":true,"href":"http:\/\/elcuartopoder.com.mx\/nw\/wp-json\/wp\/v2\/categories?post=149892"},{"taxonomy":"post_tag","embeddable":true,"href":"http:\/\/elcuartopoder.com.mx\/nw\/wp-json\/wp\/v2\/tags?post=149892"}],"curies":[{"name":"wp","href":"https:\/\/api.w.org\/{rel}","templated":true}]}}