{"id":149895,"date":"2026-09-03T06:32:41","date_gmt":"2026-09-03T11:32:41","guid":{"rendered":"https:\/\/elcuartopoder.com.mx\/nw\/?p=149895"},"modified":"2026-09-03T06:32:43","modified_gmt":"2026-09-03T11:32:43","slug":"tecladista-de-camilo-septimo-advirtio-a-un-amigo-por-reunion-con-socio-esto-sabemos-del-homicidio-multiple","status":"publish","type":"post","link":"http:\/\/elcuartopoder.com.mx\/nw\/entretenimiento\/espectaculos\/tecladista-de-camilo-septimo-advirtio-a-un-amigo-por-reunion-con-socio-esto-sabemos-del-homicidio-multiple\/","title":{"rendered":"Tecladista de Camilo S\u00e9ptimo advirti\u00f3 a un amigo por reuni\u00f3n con socio: Esto sabemos del homicidio m\u00faltiple"},"content":{"rendered":"\n<p class=\"wp-block-paragraph\">Jonathan \u2018Honas\u2019 Mel\u00e9ndez era un m\u00fasico y productor que pertenec\u00eda a la banda Camilo S\u00e9ptimo, conocida por canciones como \u2018Mi\u00e9nteme\u2019, \u2018No conf\u00edes en m\u00ed\u2019 y \u2018Vicio\u2019.<\/p>\n\n\n\n<p class=\"wp-block-paragraph\">Jonathan \u2018Honas\u2019 Mel\u00e9ndez, tecladista de Camilo S\u00e9ptimo, fue asesinado en un domicilio particular en el\u00a0<strong>municipio de Atizap\u00e1n\u00a0<\/strong>junto a su esposa y su hija, crimen perpetrado presuntamente por un socio del m\u00fasico con quien ya ten\u00eda problemas.<\/p>\n\n\n\n<p class=\"wp-block-paragraph\">El artista advirti\u00f3 a un amigo sobre la reuni\u00f3n que tendr\u00eda con su socio y le pidi\u00f3 alertar a las autoridades si despu\u00e9s del encuentro no se comunicaba.<\/p>\n\n\n\n<p class=\"wp-block-paragraph\">De acuerdo con la Fiscal\u00eda del Estado de M\u00e9xico, ya se detuvieron a dos personas identificadas como los supuestos responsables del\u00a0asesinato del m\u00fasico.<\/p>\n\n\n\n<figure class=\"wp-block-image size-large\"><img loading=\"lazy\" decoding=\"async\" width=\"1024\" height=\"683\" src=\"https:\/\/elcuartopoder.com.mx\/nw\/wp-content\/uploads\/2026\/09\/imgi_172_LFKP5O5DRVBLHHKHUU3JVNOGUQ-1024x683.jpeg\" alt=\"\" class=\"wp-image-149897\" srcset=\"http:\/\/elcuartopoder.com.mx\/nw\/wp-content\/uploads\/2026\/09\/imgi_172_LFKP5O5DRVBLHHKHUU3JVNOGUQ-1024x683.jpeg 1024w, http:\/\/elcuartopoder.com.mx\/nw\/wp-content\/uploads\/2026\/09\/imgi_172_LFKP5O5DRVBLHHKHUU3JVNOGUQ-300x200.jpeg 300w, http:\/\/elcuartopoder.com.mx\/nw\/wp-content\/uploads\/2026\/09\/imgi_172_LFKP5O5DRVBLHHKHUU3JVNOGUQ-768x512.jpeg 768w, http:\/\/elcuartopoder.com.mx\/nw\/wp-content\/uploads\/2026\/09\/imgi_172_LFKP5O5DRVBLHHKHUU3JVNOGUQ-1536x1024.jpeg 1536w, http:\/\/elcuartopoder.com.mx\/nw\/wp-content\/uploads\/2026\/09\/imgi_172_LFKP5O5DRVBLHHKHUU3JVNOGUQ-696x464.jpeg 696w, http:\/\/elcuartopoder.com.mx\/nw\/wp-content\/uploads\/2026\/09\/imgi_172_LFKP5O5DRVBLHHKHUU3JVNOGUQ.jpeg 1920w\" sizes=\"auto, (max-width: 1024px) 100vw, 1024px\" \/><\/figure>\n\n\n\n<h2 class=\"wp-block-heading\">\u00bfQu\u00e9 sabemos del asesinato de Jonathan \u2018Honas\u2019 Mel\u00e9ndez, tecladista de Camilo S\u00e9ptimo?<\/h2>\n\n\n\n<p class=\"wp-block-paragraph\">La muerte del m\u00fasicode<strong>\u00a0Camilo S\u00e9ptimo\u00a0<\/strong>ocurri\u00f3 el pasado 1 de septiembre en un departamento ubicado en la torre residencial de fraccionamiento Grand Viure, en la Zona Esmeralda, en Atizap\u00e1n.<\/p>\n\n\n\n<p class=\"wp-block-paragraph\">Seg\u00fan informaci\u00f3n compartida por la Fiscal\u00eda del Edomex, \u2018Honas\u2019 fue encontrado sin vida junto a su esposa, quien ten\u00eda 4 meses de embarazo, una ni\u00f1a de 3 a\u00f1os identificada como su hija y una mujer de 21 a\u00f1os, atados y con heridas de bala.<\/p>\n\n\n\n<p class=\"wp-block-paragraph\"><strong>Telediario&nbsp;<\/strong>inform\u00f3 que uno de sus amigos acudi\u00f3 al departamento porque anteriormente el tecladista le pidi\u00f3 que informara a las autoridades si no lo contactaba, pues tendr\u00eda una reuni\u00f3n con un socio con el que ya ten\u00eda problemas.<\/p>\n\n\n\n<p class=\"wp-block-paragraph\">Cuando entraron al domicilio, localizaron algunos cuerpos en el ba\u00f1o y otro cad\u00e1ver m\u00e1s en la sala, todos con \u201cel tiro de gracia\u201d, un impacto de bala en la cabeza.<\/p>\n\n\n\n<p class=\"wp-block-paragraph\">La Fiscal\u00eda del Estado de M\u00e9xico confirm\u00f3 la detenci\u00f3n de dos sujetos: Diego Sebasti\u00e1n \u2018N\u2019, identificado como socio del\u00a0m\u00fasico y productor asesinado\u00a0y como probable autor del homicidio m\u00faltiple, y a Gerardo \u2018N\u2019, quien tambi\u00e9n tendr\u00eda participaci\u00f3n en el crimen.<\/p>\n\n\n\n<p class=\"wp-block-paragraph\">Diego Sebasti\u00e1n \u2018N\u2019 aprovech\u00f3 esa relaci\u00f3n de confianza con una de las v\u00edctimas para ingresar al domicilio, se\u00f1al\u00f3\u00a0<strong>Omar Garc\u00eda Harfuch<\/strong>, secretario de Seguridad y Protecci\u00f3n Ciudadana, en un comunicado.<\/p>\n\n\n\n<p class=\"wp-block-paragraph\">Uno de los hijos del&nbsp;<strong>tecladista de Camilo S\u00e9ptimo<\/strong>, de 6 a\u00f1os, se encontraba con vida, escondido debajo de las cobijas. Su llanto alert\u00f3 a las autoridades que ingresaron al domicilio.<\/p>\n\n\n\n<p class=\"wp-block-paragraph\">De acuerdo con Telediario, la familia ten\u00eda pocas semanas de que se mudaron al departamento donde ocurri\u00f3 el crimen, zona residencial donde hay seguridad durante las 24 horas, es decir que nadie puede ingresar sin que se de autorizaci\u00f3n.<\/p>\n\n\n\n<figure class=\"wp-block-image size-large\"><img loading=\"lazy\" decoding=\"async\" width=\"765\" height=\"1024\" src=\"https:\/\/elcuartopoder.com.mx\/nw\/wp-content\/uploads\/2026\/09\/imgi_36_2HMIH7LPX5B3POP5HF4FMD4ONY-765x1024.jpeg\" alt=\"\" class=\"wp-image-149898\" srcset=\"http:\/\/elcuartopoder.com.mx\/nw\/wp-content\/uploads\/2026\/09\/imgi_36_2HMIH7LPX5B3POP5HF4FMD4ONY-765x1024.jpeg 765w, http:\/\/elcuartopoder.com.mx\/nw\/wp-content\/uploads\/2026\/09\/imgi_36_2HMIH7LPX5B3POP5HF4FMD4ONY-224x300.jpeg 224w, http:\/\/elcuartopoder.com.mx\/nw\/wp-content\/uploads\/2026\/09\/imgi_36_2HMIH7LPX5B3POP5HF4FMD4ONY-768x1028.jpeg 768w, http:\/\/elcuartopoder.com.mx\/nw\/wp-content\/uploads\/2026\/09\/imgi_36_2HMIH7LPX5B3POP5HF4FMD4ONY-1148x1536.jpeg 1148w, http:\/\/elcuartopoder.com.mx\/nw\/wp-content\/uploads\/2026\/09\/imgi_36_2HMIH7LPX5B3POP5HF4FMD4ONY-696x931.jpeg 696w, http:\/\/elcuartopoder.com.mx\/nw\/wp-content\/uploads\/2026\/09\/imgi_36_2HMIH7LPX5B3POP5HF4FMD4ONY.jpeg 1200w\" sizes=\"auto, (max-width: 765px) 100vw, 765px\" \/><\/figure>\n\n\n\n<h2 class=\"wp-block-heading\">\u00bfQui\u00e9n fue \u2018Honas\u2019 Men\u00e9ndez, tecladista de Camilo S\u00e9ptimo asesinado?<\/h2>\n\n\n\n<p class=\"wp-block-paragraph\">Jonathan Men\u00e9ndez ten\u00eda 38 a\u00f1os cuando ocurri\u00f3 su asesinato. \u00c9l era miembro<strong>\u00a0fundador de la banda Camilo S\u00e9ptimo<\/strong>, quien comenz\u00f3 con peque\u00f1os conciertos en universidades como la FES Arag\u00f3n y la FES Zaragoza. ambas de la UNAM, pero gracias a su \u00e9xito, posteriormente tuvieron presentaciones en distintas ediciones del\u00a0Vive Latino\u00a0y hasta en el\u00a0Auditorio Nacional.<\/p>\n\n\n\n<p class=\"wp-block-paragraph\">El tecladista tambi\u00e9n fue productor y compositor, quien particip\u00f3 en la autor\u00eda y arreglos musicales de diferentes canciones que son un \u00e9xito de la banda tales como \u2018<strong>Mi\u00e9nteme<\/strong>\u2019, \u2018No conf\u00edes en m\u00ed\u2019 y \u2018No te puedo olvidar\u2019.<\/p>\n\n\n\n<p class=\"wp-block-paragraph\">\u00c9l estaba casado con una mujer identificada como Ana Paula, con quien ten\u00eda 2 hijos y estaba a la espera de uno m\u00e1s. El tecladista compart\u00eda fotos en sus redes sociales donde aparece junto a su pareja en diferentes viajes.<\/p>\n\n\n\n<p class=\"wp-block-paragraph\">Fuente: EF<\/p>\n","protected":false},"excerpt":{"rendered":"<p>Jonathan \u2018Honas\u2019 Mel\u00e9ndez era un m\u00fasico y productor que pertenec\u00eda a la banda Camilo S\u00e9ptimo, conocida por canciones como \u2018Mi\u00e9nteme\u2019, \u2018No conf\u00edes en m\u00ed\u2019 y \u2018Vicio\u2019. Jonathan \u2018Honas\u2019 Mel\u00e9ndez, tecladista de Camilo S\u00e9ptimo, fue asesinado en un domicilio particular en el\u00a0municipio de Atizap\u00e1n\u00a0junto a su esposa y su hija, crimen perpetrado presuntamente por un socio [&hellip;]<\/p>\n","protected":false},"author":2,"featured_media":149896,"comment_status":"open","ping_status":"open","sticky":false,"template":"","format":"standard","meta":{"footnotes":""},"categories":[11],"tags":[],"class_list":["post-149895","post","type-post","status-publish","format-standard","has-post-thumbnail","hentry","category-espectaculos"],"_links":{"self":[{"href":"http:\/\/elcuartopoder.com.mx\/nw\/wp-json\/wp\/v2\/posts\/149895","targetHints":{"allow":["GET"]}}],"collection":[{"href":"http:\/\/elcuartopoder.com.mx\/nw\/wp-json\/wp\/v2\/posts"}],"about":[{"href":"http:\/\/elcuartopoder.com.mx\/nw\/wp-json\/wp\/v2\/types\/post"}],"author":[{"embeddable":true,"href":"http:\/\/elcuartopoder.com.mx\/nw\/wp-json\/wp\/v2\/users\/2"}],"replies":[{"embeddable":true,"href":"http:\/\/elcuartopoder.com.mx\/nw\/wp-json\/wp\/v2\/comments?post=149895"}],"version-history":[{"count":1,"href":"http:\/\/elcuartopoder.com.mx\/nw\/wp-json\/wp\/v2\/posts\/149895\/revisions"}],"predecessor-version":[{"id":149899,"href":"http:\/\/elcuartopoder.com.mx\/nw\/wp-json\/wp\/v2\/posts\/149895\/revisions\/149899"}],"wp:featuredmedia":[{"embeddable":true,"href":"http:\/\/elcuartopoder.com.mx\/nw\/wp-json\/wp\/v2\/media\/149896"}],"wp:attachment":[{"href":"http:\/\/elcuartopoder.com.mx\/nw\/wp-json\/wp\/v2\/media?parent=149895"}],"wp:term":[{"taxonomy":"category","embeddable":true,"href":"http:\/\/elcuartopoder.com.mx\/nw\/wp-json\/wp\/v2\/categories?post=149895"},{"taxonomy":"post_tag","embeddable":true,"href":"http:\/\/elcuartopoder.com.mx\/nw\/wp-json\/wp\/v2\/tags?post=149895"}],"curies":[{"name":"wp","href":"https:\/\/api.w.org\/{rel}","templated":true}]}}