{"id":149900,"date":"2026-09-03T06:35:30","date_gmt":"2026-09-03T11:35:30","guid":{"rendered":"https:\/\/elcuartopoder.com.mx\/nw\/?p=149900"},"modified":"2026-09-03T06:35:32","modified_gmt":"2026-09-03T11:35:32","slug":"sheinbaum-aclara-su-relacion-con-adan-augusto-por-que-ahora-tiene-mayor-comunicacion-con-ignacio-mier","status":"publish","type":"post","link":"http:\/\/elcuartopoder.com.mx\/nw\/politica\/sheinbaum-aclara-su-relacion-con-adan-augusto-por-que-ahora-tiene-mayor-comunicacion-con-ignacio-mier\/","title":{"rendered":"Sheinbaum aclara su relaci\u00f3n con Ad\u00e1n Augusto: \u00bfPor qu\u00e9 ahora tiene mayor comunicaci\u00f3n con Ignacio Mier?"},"content":{"rendered":"\n<p class=\"wp-block-paragraph\">Claudia Sheinbaum explic\u00f3 por qu\u00e9 cambi\u00f3 su comunicaci\u00f3n con Ad\u00e1n Augusto L\u00f3pez y se\u00f1al\u00f3 qui\u00e9nes mantienen ahora mayor contacto dentro del Senado.<\/p>\n\n\n\n<p class=\"wp-block-paragraph\">La presidenta\u00a0Claudia Sheinbaum\u00a0aclar\u00f3 este mi\u00e9rcoles que la comunicaci\u00f3n con\u00a0Ad\u00e1n Augusto L\u00f3pez Hern\u00e1ndez\u00a0cambi\u00f3 luego de que renunci\u00f3 a la coordinaci\u00f3n de la bancada de Morena en el Senado.<\/p>\n\n\n\n<p class=\"wp-block-paragraph\">Explic\u00f3 que ahora mantiene una mayor comunicaci\u00f3n, de manera directa e indirecta, con\u00a0Ignacio Mier, quien sustituy\u00f3 a L\u00f3pez Hern\u00e1ndez, as\u00ed como con los presidentes de las C\u00e1maras del Congreso.<\/p>\n\n\n\n<p class=\"wp-block-paragraph\">\u201c<strong>No (me comunic\u00f3) como antes (con Ad\u00e1n Augusto L\u00f3pez)<\/strong>&nbsp;porque antes era el coordinador parlamentario de Morena, entonces ahora tengo mucha relaci\u00f3n, y a veces no yo: Luisa se coordina mucho, por obvias razones, Rosa Icela, con Nacho Mier o con los presidentes de las C\u00e1maras que son de otros partidos\u201d, respondi\u00f3 al cuestionamiento durante la ma\u00f1anera del 2 de septiembre.<\/p>\n\n\n\n<p class=\"wp-block-paragraph\">El comentario de la mandataria surge luego de que se evidenciara una supuesta conversaci\u00f3n entre Ad\u00e1n Augusto L\u00f3pez y el senador\u00a0Cuauht\u00e9moc Ochoa, quien le pide su parecer para presidir un cargo al interior del Senado.<\/p>\n\n\n\n<h2 class=\"wp-block-heading\">\u00bfPor qu\u00e9 dej\u00f3 Ad\u00e1n Augusto L\u00f3pez la coordinaci\u00f3n de Morena en el Senado?<\/h2>\n\n\n\n<p class=\"wp-block-paragraph\">En febrero, en medio de una serie de esc\u00e1ndalos que envolv\u00edan a Ad\u00e1n Augusto L\u00f3pez, en particular por los\u00a0presuntos v\u00ednculos con La Barredora, dej\u00f3 la coordinaci\u00f3n de Morena en el Senado.<\/p>\n\n\n\n<p class=\"wp-block-paragraph\">Adem\u00e1s, el senador estuvo bajo el escrutinio p\u00fablico tras revelarse que sus\u00a0ingresos de 2023 y 2024 ascend\u00edan a 79 millones de pesos, patrimonio que atribuy\u00f3 a una herencia y diversas actividades econ\u00f3micas.<\/p>\n\n\n\n<p class=\"wp-block-paragraph\">El legislador, exsecretario de Gobernaci\u00f3n de Andr\u00e9s Manuel L\u00f3pez Obrador, justific\u00f3 su decisi\u00f3n con el<strong>&nbsp;trabajo territorial de cara a las elecciones de 2027<\/strong>.<\/p>\n\n\n\n<p class=\"wp-block-paragraph\">En ese momento, desminti\u00f3 que fuera a dejar su cargo como senador o que fuera a ser nombrado como embajador de M\u00e9xico en el extranjero.<\/p>\n\n\n\n<p class=\"wp-block-paragraph\">Tras dejar su cargo al interior del Senado, las revelaciones y se\u00f1alamientos contra Ad\u00e1n Augusto L\u00f3pez disminuyeron, sin una respuesta clara sobre estos temas.<\/p>\n\n\n\n<p class=\"wp-block-paragraph\">A la par, el morenista minimiz\u00f3 sus apariciones ante los medios. Cuando es interrogado por reporteros, el servidor p\u00fablico rechaza hacer alg\u00fan tipo de comentario o responder a los cuestionamientos; se limita a decir:&nbsp;<strong>\u201cNo doy declaraciones\u201d<\/strong>.<\/p>\n\n\n\n<h2 class=\"wp-block-heading\">Investigan a Ad\u00e1n Augusto L\u00f3pez en EU<\/h2>\n\n\n\n<p class=\"wp-block-paragraph\">Recientemente, se difundi\u00f3 la versi\u00f3n de que&nbsp;<strong>L\u00f3pez Hern\u00e1ndez est\u00e1 bajo investigaci\u00f3n<\/strong>&nbsp;por autoridades de Estados Unidos.<\/p>\n\n\n\n<p class=\"wp-block-paragraph\">De acuerdo con<em>&nbsp;Mar\u00eda Idalia G\u00f3mez<\/em>, agencias de EU habr\u00edan retenido bienes relacionados con el exsecretario de Gobernaci\u00f3n como parte de las indagatorias.<\/p>\n\n\n\n<p class=\"wp-block-paragraph\">Las pesquisas habr\u00edan arrojado el supuesto an\u00e1lisis de llamadas y mensajes relacionados con operaciones de\u00a0huachicol fiscal, empresas factureras, actos de corrupci\u00f3n y v\u00ednculos con grupos delictivos.<\/p>\n\n\n\n<p class=\"wp-block-paragraph\">Fuente:EF<\/p>\n","protected":false},"excerpt":{"rendered":"<p>Claudia Sheinbaum explic\u00f3 por qu\u00e9 cambi\u00f3 su comunicaci\u00f3n con Ad\u00e1n Augusto L\u00f3pez y se\u00f1al\u00f3 qui\u00e9nes mantienen ahora mayor contacto dentro del Senado. La presidenta\u00a0Claudia Sheinbaum\u00a0aclar\u00f3 este mi\u00e9rcoles que la comunicaci\u00f3n con\u00a0Ad\u00e1n Augusto L\u00f3pez Hern\u00e1ndez\u00a0cambi\u00f3 luego de que renunci\u00f3 a la coordinaci\u00f3n de la bancada de Morena en el Senado. Explic\u00f3 que ahora mantiene una mayor [&hellip;]<\/p>\n","protected":false},"author":2,"featured_media":149901,"comment_status":"open","ping_status":"open","sticky":false,"template":"","format":"standard","meta":{"footnotes":""},"categories":[61],"tags":[],"class_list":["post-149900","post","type-post","status-publish","format-standard","has-post-thumbnail","hentry","category-politica"],"_links":{"self":[{"href":"http:\/\/elcuartopoder.com.mx\/nw\/wp-json\/wp\/v2\/posts\/149900","targetHints":{"allow":["GET"]}}],"collection":[{"href":"http:\/\/elcuartopoder.com.mx\/nw\/wp-json\/wp\/v2\/posts"}],"about":[{"href":"http:\/\/elcuartopoder.com.mx\/nw\/wp-json\/wp\/v2\/types\/post"}],"author":[{"embeddable":true,"href":"http:\/\/elcuartopoder.com.mx\/nw\/wp-json\/wp\/v2\/users\/2"}],"replies":[{"embeddable":true,"href":"http:\/\/elcuartopoder.com.mx\/nw\/wp-json\/wp\/v2\/comments?post=149900"}],"version-history":[{"count":1,"href":"http:\/\/elcuartopoder.com.mx\/nw\/wp-json\/wp\/v2\/posts\/149900\/revisions"}],"predecessor-version":[{"id":149902,"href":"http:\/\/elcuartopoder.com.mx\/nw\/wp-json\/wp\/v2\/posts\/149900\/revisions\/149902"}],"wp:featuredmedia":[{"embeddable":true,"href":"http:\/\/elcuartopoder.com.mx\/nw\/wp-json\/wp\/v2\/media\/149901"}],"wp:attachment":[{"href":"http:\/\/elcuartopoder.com.mx\/nw\/wp-json\/wp\/v2\/media?parent=149900"}],"wp:term":[{"taxonomy":"category","embeddable":true,"href":"http:\/\/elcuartopoder.com.mx\/nw\/wp-json\/wp\/v2\/categories?post=149900"},{"taxonomy":"post_tag","embeddable":true,"href":"http:\/\/elcuartopoder.com.mx\/nw\/wp-json\/wp\/v2\/tags?post=149900"}],"curies":[{"name":"wp","href":"https:\/\/api.w.org\/{rel}","templated":true}]}}