{"id":149903,"date":"2026-09-03T06:42:08","date_gmt":"2026-09-03T11:42:08","guid":{"rendered":"https:\/\/elcuartopoder.com.mx\/nw\/?p=149903"},"modified":"2026-09-03T06:42:10","modified_gmt":"2026-09-03T11:42:10","slug":"senadora-malu-micher-aclara-su-metida-de-pata-sobre-dinero-de-las-pensiones-del-bienestar","status":"publish","type":"post","link":"http:\/\/elcuartopoder.com.mx\/nw\/nacionales\/senadora-malu-micher-aclara-su-metida-de-pata-sobre-dinero-de-las-pensiones-del-bienestar\/","title":{"rendered":"Senadora Mal\u00fa Micher aclara su \u2018metida de pata\u2019 sobre dinero de las Pensiones del Bienestar"},"content":{"rendered":"\n<p class=\"wp-block-paragraph\">La senadora de Morena aclar\u00f3 el origen de los programas del Bienestar, incluida la Pensi\u00f3n para Adultos Mayores.<\/p>\n\n\n\n<p class=\"wp-block-paragraph\">Mal\u00fa Micher, senadora de Morena, aclar\u00f3 su error al decir que el dinero de las\u00a0Pensiones del Bienestar\u00a0y otros\u00a0<strong>programas sociales<\/strong>\u00a0no proviene de los impuestos de los mexicanos.<\/p>\n\n\n\n<p class=\"wp-block-paragraph\">\u201cSe\u00f1al\u00e9 que los\u00a0Programas para el Bienestar\u00a0no se financian de los impuestos. Omit\u00ed precisar que no se financian \u00fanicamente de los impuestos\u201d, agreg\u00f3 la legisladora.<\/p>\n\n\n\n<p class=\"wp-block-paragraph\">Micher agreg\u00f3 que los\u00a0<strong>programas para el Bienestar<\/strong>, como la\u00a0Pensi\u00f3n Bienestar para Adultos Mayores, son resultado de una pol\u00edtica integraldebido a la recaudaci\u00f3n, el combate a la evasi\u00f3n y privilegios fiscales.<\/p>\n\n\n\n<p class=\"wp-block-paragraph\">\u201cAs\u00ed como de una pol\u00edtica de austeridad que permite que los recursos p\u00fablicos regresen al pueblo convertidos en derechos\u201d, agreg\u00f3 la morenista.<\/p>\n\n\n\n<p class=\"wp-block-paragraph\">Mal\u00fa Micher, senadora de Morena, aclar\u00f3 su error al decir que el dinero de las\u00a0Pensiones del Bienestar\u00a0y otros\u00a0<strong>programas sociales<\/strong>\u00a0no proviene de los impuestos de los mexicanos.<\/p>\n\n\n\n<p class=\"wp-block-paragraph\">\u201cSe\u00f1al\u00e9 que los\u00a0Programas para el Bienestar\u00a0no se financian de los impuestos. Omit\u00ed precisar que no se financian \u00fanicamente de los impuestos\u201d, agreg\u00f3 la legisladora.<\/p>\n\n\n\n<p class=\"wp-block-paragraph\">Micher agreg\u00f3 que los\u00a0<strong>programas para el Bienestar<\/strong>, como la\u00a0Pensi\u00f3n Bienestar para Adultos Mayores, son resultado de una pol\u00edtica integraldebido a la recaudaci\u00f3n, el combate a la evasi\u00f3n y privilegios fiscales.<\/p>\n\n\n\n<p class=\"wp-block-paragraph\">\u201cAs\u00ed como de una pol\u00edtica de austeridad que permite que los recursos p\u00fablicos regresen al pueblo convertidos en derechos\u201d, agreg\u00f3 la morenista.<\/p>\n\n\n\n<h2 class=\"wp-block-heading\">\u00bfQu\u00e9 dijo Mal\u00fa Micher sobre el dinero de las Pensiones para el Bienestar?<\/h2>\n\n\n\n<p class=\"wp-block-paragraph\">La&nbsp;<strong>senadora de Morena<\/strong>&nbsp;asegur\u00f3 que durante 30 a\u00f1os se permiti\u00f3 que quienes tuvieran m\u00e1s ingresos, no pagaran impuestos, pero con la nueva pol\u00edtica de recaudaci\u00f3n, se combate la evasi\u00f3n fiscal.<\/p>\n\n\n\n<p class=\"wp-block-paragraph\">Mal\u00fa Micher tuvo una intervenci\u00f3n durante la sesi\u00f3n del Congreso en la que se refiri\u00f3 al origen de los\u00a0programas sociales.<\/p>\n\n\n\n<p class=\"wp-block-paragraph\">\u201cYa estuvo bueno de que anden diciendo que ese dinero es de nuestros&nbsp;<strong>impuestos<\/strong>, mentira, es de una austeridad republicana que logr\u00f3 que tuvi\u00e9ramos a 42 millones de familias en bienestar\u201d, dijo.<\/p>\n\n\n\n<p class=\"wp-block-paragraph\">Dichas declaraciones fueron duramente criticadas en redes sociales por distintos sectores debido a que comenzaron los cuestionamientos sobre el origen de los recursos.<\/p>\n\n\n\n<h2 class=\"wp-block-heading\">PRI cuestiona a Mal\u00fa Micher por origen de los programas sociales<\/h2>\n\n\n\n<p class=\"wp-block-paragraph\">Rub\u00e9n Moreira,\u00a0<strong>diputado del Partido Revolucionario Institucional (PRI)<\/strong>, cuestion\u00f3 las declaraciones de la\u00a0senadora Mal\u00fa M\u00edcher\u00a0sobre los programas sociales y el origen de los recursos para financiarlos.<\/p>\n\n\n\n<p class=\"wp-block-paragraph\">\u201cEsto de que los programas sociales no salen de los impuestos, caray \u00bfDe d\u00f3nde salen?\u201d, expres\u00f3.<\/p>\n\n\n\n<p class=\"wp-block-paragraph\">Por esa raz\u00f3n,&nbsp;<strong>Moreira<\/strong>&nbsp;insisti\u00f3 en la importancia de construir una coalici\u00f3n opositora para fortalecer los contrapesos pol\u00edticos y representar de mejor manera las voces de los mexicanos.<\/p>\n\n\n\n<p class=\"wp-block-paragraph\">El\u00a0PRI\u00a0y otros partidos de oposici\u00f3n acusan a Morena de usar los programas sociales para afiliar a las personas al partido, a pesar de que se usa el dinero de los contribuyentes para financiar dichos apoyos.<\/p>\n\n\n\n<p class=\"wp-block-paragraph\">Fuente:EF<\/p>\n","protected":false},"excerpt":{"rendered":"<p>La senadora de Morena aclar\u00f3 el origen de los programas del Bienestar, incluida la Pensi\u00f3n para Adultos Mayores. Mal\u00fa Micher, senadora de Morena, aclar\u00f3 su error al decir que el dinero de las\u00a0Pensiones del Bienestar\u00a0y otros\u00a0programas sociales\u00a0no proviene de los impuestos de los mexicanos. \u201cSe\u00f1al\u00e9 que los\u00a0Programas para el Bienestar\u00a0no se financian de los impuestos. [&hellip;]<\/p>\n","protected":false},"author":2,"featured_media":149904,"comment_status":"open","ping_status":"open","sticky":false,"template":"","format":"standard","meta":{"footnotes":""},"categories":[55],"tags":[],"class_list":["post-149903","post","type-post","status-publish","format-standard","has-post-thumbnail","hentry","category-nacionales"],"_links":{"self":[{"href":"http:\/\/elcuartopoder.com.mx\/nw\/wp-json\/wp\/v2\/posts\/149903","targetHints":{"allow":["GET"]}}],"collection":[{"href":"http:\/\/elcuartopoder.com.mx\/nw\/wp-json\/wp\/v2\/posts"}],"about":[{"href":"http:\/\/elcuartopoder.com.mx\/nw\/wp-json\/wp\/v2\/types\/post"}],"author":[{"embeddable":true,"href":"http:\/\/elcuartopoder.com.mx\/nw\/wp-json\/wp\/v2\/users\/2"}],"replies":[{"embeddable":true,"href":"http:\/\/elcuartopoder.com.mx\/nw\/wp-json\/wp\/v2\/comments?post=149903"}],"version-history":[{"count":1,"href":"http:\/\/elcuartopoder.com.mx\/nw\/wp-json\/wp\/v2\/posts\/149903\/revisions"}],"predecessor-version":[{"id":149905,"href":"http:\/\/elcuartopoder.com.mx\/nw\/wp-json\/wp\/v2\/posts\/149903\/revisions\/149905"}],"wp:featuredmedia":[{"embeddable":true,"href":"http:\/\/elcuartopoder.com.mx\/nw\/wp-json\/wp\/v2\/media\/149904"}],"wp:attachment":[{"href":"http:\/\/elcuartopoder.com.mx\/nw\/wp-json\/wp\/v2\/media?parent=149903"}],"wp:term":[{"taxonomy":"category","embeddable":true,"href":"http:\/\/elcuartopoder.com.mx\/nw\/wp-json\/wp\/v2\/categories?post=149903"},{"taxonomy":"post_tag","embeddable":true,"href":"http:\/\/elcuartopoder.com.mx\/nw\/wp-json\/wp\/v2\/tags?post=149903"}],"curies":[{"name":"wp","href":"https:\/\/api.w.org\/{rel}","templated":true}]}}