{"id":149907,"date":"2026-09-03T06:43:34","date_gmt":"2026-09-03T11:43:34","guid":{"rendered":"https:\/\/elcuartopoder.com.mx\/nw\/?p=149907"},"modified":"2026-09-03T06:43:36","modified_gmt":"2026-09-03T11:43:36","slug":"prepara-informe-de-labores-al-golpeteo-se-le-responde-con-trabajo-asegura-estefania-mercado-esperara-la-convocatoria-municipal-para-definir-si-se-separara-del-cargo","status":"publish","type":"post","link":"http:\/\/elcuartopoder.com.mx\/nw\/municipales\/prepara-informe-de-labores-al-golpeteo-se-le-responde-con-trabajo-asegura-estefania-mercado-esperara-la-convocatoria-municipal-para-definir-si-se-separara-del-cargo\/","title":{"rendered":"PREPARA INFORME DE LABORES: Al \u2018golpeteo\u2019 se le responde con trabajo, asegura Estefan\u00eda Mercado; esperar\u00e1 la convocatoria municipal para definir si se separar\u00e1 del cargo"},"content":{"rendered":"\n<p class=\"wp-block-paragraph\"><strong><strong>P<\/strong>LAYA DEL CARMEN, MX.-<\/strong>\u00a0En la democracia siempre habr\u00e1 voces opositoras, y en la pol\u00edtica el golpeteo es un tema constante, aleg\u00f3 Estefan\u00eda Mercado Asencio, presidente municipal de Playa del Carmen, quien exhort\u00f3 a quienes sean v\u00edctimas de \u201cguerra sucia\u201d a que contesten con trabajo.<\/p>\n\n\n\n<p class=\"wp-block-paragraph\">Aunque la edil aclar\u00f3 que no se debe normalizar este tipo de ataques, son una realidad que ella ha vivido desde que manifest\u00f3 su inter\u00e9s en contender en la pol\u00edtica y que est\u00e1n presentes en cualquier municipio y cualquier parte del mundo.<\/p>\n\n\n\n<p class=\"wp-block-paragraph\">\u201cSe contesta con trabajo, con resultados, como lo hace la gobernadora y todos los compa\u00f1eros que participan en el proceso. Todos son parte del mismo equipo\u201d, indic\u00f3.<\/p>\n\n\n\n<p class=\"wp-block-paragraph\">Cuestionada sobre si las acusaciones vistas en medios de comunicaci\u00f3n son \u201cfuego amigo\u201d proveniente de morenistas, la alcaldesa dijo ignorarlo, pues no puede hacer suposiciones.<\/p>\n\n\n\n<p class=\"wp-block-paragraph\">Sin embargo, record\u00f3 que todos quienes contienden por la coordinaci\u00f3n estatal son parte del mismo equipo y la instrucci\u00f3n que viene desde arriba es que deben trabajar con compa\u00f1erismo.<\/p>\n\n\n<div class=\"wp-block-image\">\n<figure class=\"aligncenter\"><img decoding=\"async\" src=\"https:\/\/noticaribe.com.mx\/wp\/wp-content\/uploads\/2026\/09\/ACCIEstefania-Mercado2.jpg\" alt=\"\" class=\"wp-image-817141\"\/><\/figure>\n<\/div>\n\n\n<p class=\"wp-block-paragraph\">Sobre el proceso interno de Morena en el que debe inscribirse, para contender por la reelecci\u00f3n, Estefan\u00eda Mercado explic\u00f3 que esperar\u00e1 a que su partido emita la convocatoria para los municipios, pues de momento est\u00e1n enfocados en la coordinaci\u00f3n estatal.<\/p>\n\n\n\n<p class=\"wp-block-paragraph\">\u201cPor ahora estamos concentrados en gobernar y, una vez que salga la convocatoria municipal, sabr\u00e9 si me separar\u00e9 o me quedo en el cargo\u201d, declar\u00f3.<\/p>\n\n\n\n<p class=\"wp-block-paragraph\">INFORME<br>Sobre su informe de gobierno, tentativamente proyectado para el 12 de septiembre, la presidenta municipal indic\u00f3 que detallar\u00e1 los resultados en seguridad, pues Playa del Carmen est\u00e1 entre los municipios m\u00e1s seguros del pa\u00eds, \u201clo que singifica que la inversi\u00f3n hecha ya da resultados, aunque queda mucho trabajo.\u201d<\/p>\n\n\n\n<p class=\"wp-block-paragraph\">Adem\u00e1s de lo realizado, tambi\u00e9n presentar\u00e1 los siguientes pasos, pues iniciar\u00e1 su tercer a\u00f1o con 10 acciones pensadas para fortalecer a Playa del Carmen, afirm\u00f3.<\/p>\n\n\n\n<p class=\"wp-block-paragraph\">Fuente:NC<\/p>\n","protected":false},"excerpt":{"rendered":"<p>PLAYA DEL CARMEN, MX.-\u00a0En la democracia siempre habr\u00e1 voces opositoras, y en la pol\u00edtica el golpeteo es un tema constante, aleg\u00f3 Estefan\u00eda Mercado Asencio, presidente municipal de Playa del Carmen, quien exhort\u00f3 a quienes sean v\u00edctimas de \u201cguerra sucia\u201d a que contesten con trabajo. Aunque la edil aclar\u00f3 que no se debe normalizar este tipo [&hellip;]<\/p>\n","protected":false},"author":2,"featured_media":149908,"comment_status":"open","ping_status":"open","sticky":false,"template":"","format":"standard","meta":{"footnotes":""},"categories":[6],"tags":[],"class_list":["post-149907","post","type-post","status-publish","format-standard","has-post-thumbnail","hentry","category-municipales"],"_links":{"self":[{"href":"http:\/\/elcuartopoder.com.mx\/nw\/wp-json\/wp\/v2\/posts\/149907","targetHints":{"allow":["GET"]}}],"collection":[{"href":"http:\/\/elcuartopoder.com.mx\/nw\/wp-json\/wp\/v2\/posts"}],"about":[{"href":"http:\/\/elcuartopoder.com.mx\/nw\/wp-json\/wp\/v2\/types\/post"}],"author":[{"embeddable":true,"href":"http:\/\/elcuartopoder.com.mx\/nw\/wp-json\/wp\/v2\/users\/2"}],"replies":[{"embeddable":true,"href":"http:\/\/elcuartopoder.com.mx\/nw\/wp-json\/wp\/v2\/comments?post=149907"}],"version-history":[{"count":1,"href":"http:\/\/elcuartopoder.com.mx\/nw\/wp-json\/wp\/v2\/posts\/149907\/revisions"}],"predecessor-version":[{"id":149909,"href":"http:\/\/elcuartopoder.com.mx\/nw\/wp-json\/wp\/v2\/posts\/149907\/revisions\/149909"}],"wp:featuredmedia":[{"embeddable":true,"href":"http:\/\/elcuartopoder.com.mx\/nw\/wp-json\/wp\/v2\/media\/149908"}],"wp:attachment":[{"href":"http:\/\/elcuartopoder.com.mx\/nw\/wp-json\/wp\/v2\/media?parent=149907"}],"wp:term":[{"taxonomy":"category","embeddable":true,"href":"http:\/\/elcuartopoder.com.mx\/nw\/wp-json\/wp\/v2\/categories?post=149907"},{"taxonomy":"post_tag","embeddable":true,"href":"http:\/\/elcuartopoder.com.mx\/nw\/wp-json\/wp\/v2\/tags?post=149907"}],"curies":[{"name":"wp","href":"https:\/\/api.w.org\/{rel}","templated":true}]}}