{"id":149910,"date":"2026-09-03T06:48:27","date_gmt":"2026-09-03T11:48:27","guid":{"rendered":"https:\/\/elcuartopoder.com.mx\/nw\/?p=149910"},"modified":"2026-09-03T06:48:29","modified_gmt":"2026-09-03T11:48:29","slug":"espana-toma-la-calle-a-favor-de-ceuta-y-en-contra-de-sanchez","status":"publish","type":"post","link":"http:\/\/elcuartopoder.com.mx\/nw\/internacionales\/espana-toma-la-calle-a-favor-de-ceuta-y-en-contra-de-sanchez\/","title":{"rendered":"Espa\u00f1a toma la calle a favor de Ceuta y en contra de S\u00e1nchez"},"content":{"rendered":"\n<h2 class=\"wp-block-heading\">Decenas de miles de ciudadanos abarrotan las plazas de las principales ciudades para apoyar a la ciudad aut\u00f3noma en su d\u00eda<\/h2>\n\n\n\n<p class=\"wp-block-paragraph\">A las 20.00 horas de este mi\u00e9rcoles, D\u00eda de Ceuta, las principales ciudades del pa\u00eds clamaron por la espa\u00f1olidad de la ciudad aut\u00f3noma, que atraviesa una situaci\u00f3n cr\u00edtica desde el pasado 30 de julio. Las calles se llenaron de cientos de miles de personas&nbsp;que se solidarizaron con los ciudadanos que sufren las consecuencias de una invasi\u00f3n que, seg\u00fan revel\u00f3 la Polic\u00eda en un informe, pudo estar urdida por \u00abpersonas vinculadas a las fuerzas de seguridad de Marruecos\u00bb.<\/p>\n\n\n\n<p class=\"wp-block-paragraph\">En&nbsp;<strong>Madrid<\/strong>&nbsp;se celebraron tres protestas independientes en un radio de menos de un kil\u00f3metro, y que concentraron a 150.000 personas, seg\u00fan el Ayuntamiento, y 50.000 seg\u00fan delegaci\u00f3n del Gobierno. La m\u00e1s multitudinaria, organizada en Cibeles por la Federaci\u00f3n Espa\u00f1ola de Municipios y Provincias (FEMP) \u2014entidad que ha llamado a convocar las concentraciones frente a los consistorios de toda Espa\u00f1a\u2014, reuni\u00f3 a cientos de miles de personas que han llenado las calles de la capital con banderas rojigualdas y de Ceuta. Tambi\u00e9n acudieron el n\u00facleo duro del Partido Popular y Vox: Alberto N\u00fa\u00f1ez Feij\u00f3o y Santiago Abascal han coincidido en la protesta.<\/p>\n\n\n\n<p class=\"wp-block-paragraph\">La Plaza de Sol y las inmediaciones del Congreso de los Diputados tambi\u00e9n fueron testigos del hartazgo de la poblaci\u00f3n espa\u00f1ola. \u00abCeuta se defiende, Ceuta se defiende\u00bb, fue uno de los principales c\u00e1nticos que se gritaron frente al consistorio madrile\u00f1o. Pasadas las 21.30, en el entorno del Congreso, agentes de la Polic\u00eda Nacional han disparado agua como advertencia. Los manifestantes han comenzado a lanzar sillas y botellas, provocando la respuesta de la polic\u00eda con gas lacrim\u00f3geno. Tras ello, la manifestaci\u00f3n se ha disuelto tras las cortas cargas de la polic\u00eda.<\/p>\n\n\n\n<p class=\"wp-block-paragraph\">En&nbsp;<strong>Barcelona<\/strong>, como acostumbra a suceder, la manifestaci\u00f3n tuvo su r\u00e9plica, aunque esta vez la balanza se inclin\u00f3 claramente hacia los partidarios de apoyar a Ceuta. La plaza de Sant Jaume qued\u00f3 dividida en dos por un cord\u00f3n de los Mossos. En uno de los extremos se situaron unos 300 manifestantes de extrema izquierda, con banderas palestinas y al grito de \u00abninguna persona es ilegal\u00bb y \u00abfuera fascistas de nuestros barrios\u00bb. Al otro lado, miles de personas abarrotaron el espacio disponible y las calles adyacentes. La imposibilidad de entrar en la plaza provoc\u00f3 cierto malestar entre los asistentes, que llegaron a reclamar a la Polic\u00eda: \u00ab\u00a1Dejadlos pasar!\u00bb.<\/p>\n\n\n\n<p class=\"wp-block-paragraph\">En&nbsp;<strong>Valencia<\/strong>, la concentraci\u00f3n convocada en la plaza del Ayuntamiento se convirti\u00f3 en todo un clamor contra la gesti\u00f3n de la crisis de Ceuta por parte del Gobierno de Pedro S\u00e1nchez, de quien exigieron su inmediata dimisi\u00f3n e, incluso, su \u00abingreso a prisi\u00f3n\u00bb tras calificarle de \u00abtraidor a la patria\u00bb. Miles de personas abarrotaron la cita organizada por la FVMP con banderas de Espa\u00f1a y de la ciudad aut\u00f3noma: \u00abYo soy espa\u00f1ol\u00bb y \u00abEspa\u00f1a no se vende, se defiende\u00bb, corearon los manifestantes en un acto que reuni\u00f3 a los primeros espadas del PP y Vox en la regi\u00f3n.<\/p>\n\n\n\n<p class=\"wp-block-paragraph\">Las plazas y consistorios de las ocho capitales\u00a0<strong>andaluzas<\/strong>\u00a0se convirtieron este mi\u00e9rcoles en el escenario de una movilizaci\u00f3n masiva de apoyo a Ceuta en el d\u00eda de su festividad oficial. La Polic\u00eda Local de Sevilla cifr\u00f3 los asistentes a la concentraci\u00f3n en 60.000 personas.<\/p>\n\n\n\n<p class=\"wp-block-paragraph\">Con gritos de \u00abCeuta no se vende, Ceuta se defiende\u00bb, miles de personas abarrotaron la plaza del Pilar, en\u00a0<strong>Zaragoza<\/strong>, el punto m\u00e1s emblem\u00e1tico de las decenas de ayuntamientos que en Arag\u00f3n han secundado este mi\u00e9rcoles por la tarde la convocatoria en solidaridad por Ceuta de la Federaci\u00f3n Espa\u00f1ola de Municipios y Provincias (FEMP). Cerca de 23.200 personas protestaron contra la indefensi\u00f3n de Ceuta y la mala gesti\u00f3n gubernamental de la crisis desatada tras la entrada de miles de ciudadanos de Marruecos a suelo nacional los pasados 30 y 31 de julio.<\/p>\n\n\n\n<p class=\"wp-block-paragraph\">M\u00e1s de 200 manifestaciones a lo largo y ancho de&nbsp;<strong>Galicia<\/strong>&nbsp;expresaron su solidaridad con Ceuta, con miles de ciudadanos en las plazas portando banderas de Espa\u00f1a y gritando \u00abPedro S\u00e1nchez dimisi\u00f3n\u00bb, el c\u00e1ntico m\u00e1s sonoro junto a la reivindicaci\u00f3n de que la Ciudad Aut\u00f3noma \u00abno se vende\u00bb. Las concentraciones m\u00e1s numerosas se han producido en las ciudades. En La Coru\u00f1a, donde particip\u00f3 el presidente gallego Alfonso Rueda, se llen\u00f3 la Plaza de Mar\u00eda Pita con m\u00e1s de 15.000 personas; en Ferrol, el c\u00e1lculo del gobierno local es de 5.000 personas en la Plaza de Armas; en Vigo, alrededor de 5.000 en la Plaza do Rei; Mariano Rajoy particip\u00f3 en la de Pontevedra, junto a otros 2.000 ciudadanos.<\/p>\n\n\n\n<p class=\"wp-block-paragraph\">Clamor tambi\u00e9n en&nbsp;<strong>Extremadura<\/strong>&nbsp;con im\u00e1genes especialmente contundentes en la Plaza de Espa\u00f1a de Badajoz, completamente abarrotada y copada de banderas, tanto de Espa\u00f1a como blanquinegras, como se\u00f1al de hermanamiento entre Ceuta y los colores del club de la capital pacense. Se estima la presencia de unas 10.000 personas.<\/p>\n\n\n\n<figure class=\"wp-block-image size-large\"><img loading=\"lazy\" decoding=\"async\" width=\"1024\" height=\"717\" src=\"https:\/\/elcuartopoder.com.mx\/nw\/wp-content\/uploads\/2026\/09\/imgi_6_1516722278-RFBAZtX5qmHksxfLAa5fYDP-1200x840@diario_abc-1024x717.jpg\" alt=\"\" class=\"wp-image-149912\" srcset=\"http:\/\/elcuartopoder.com.mx\/nw\/wp-content\/uploads\/2026\/09\/imgi_6_1516722278-RFBAZtX5qmHksxfLAa5fYDP-1200x840@diario_abc-1024x717.jpg 1024w, http:\/\/elcuartopoder.com.mx\/nw\/wp-content\/uploads\/2026\/09\/imgi_6_1516722278-RFBAZtX5qmHksxfLAa5fYDP-1200x840@diario_abc-300x210.jpg 300w, http:\/\/elcuartopoder.com.mx\/nw\/wp-content\/uploads\/2026\/09\/imgi_6_1516722278-RFBAZtX5qmHksxfLAa5fYDP-1200x840@diario_abc-768x538.jpg 768w, http:\/\/elcuartopoder.com.mx\/nw\/wp-content\/uploads\/2026\/09\/imgi_6_1516722278-RFBAZtX5qmHksxfLAa5fYDP-1200x840@diario_abc-100x70.jpg 100w, http:\/\/elcuartopoder.com.mx\/nw\/wp-content\/uploads\/2026\/09\/imgi_6_1516722278-RFBAZtX5qmHksxfLAa5fYDP-1200x840@diario_abc-696x487.jpg 696w, http:\/\/elcuartopoder.com.mx\/nw\/wp-content\/uploads\/2026\/09\/imgi_6_1516722278-RFBAZtX5qmHksxfLAa5fYDP-1200x840@diario_abc.jpg 1200w\" sizes=\"auto, (max-width: 1024px) 100vw, 1024px\" \/><\/figure>\n\n\n\n<p class=\"wp-block-paragraph\">La plaza de Cort en Palma acogi\u00f3 la concentraci\u00f3n m\u00e1s numerosa de cuantas se celebraron en&nbsp;<strong>Baleares<\/strong>, con la asistencia de unas 10.000 personas seg\u00fan la Polic\u00eda Local. Durante la concentraci\u00f3n se han proferido gritos contra S\u00e1nchez y el Gobierno y favor de Ceuta y de la unidad de Espa\u00f1a. El alcalde Jaime Mart\u00ednez ley\u00f3 una manifiesto y la banda municipal puso el colof\u00f3n interpretando el himno de Ceuta y Espa\u00f1a. En los proleg\u00f3menos, la presidenta balear Marga Prohens manifest\u00f3 que la concentraci\u00f3n \u00abno va de ideolog\u00edas ni de colores pol\u00edticos\u00ab.<\/p>\n\n\n\n<p class=\"wp-block-paragraph\">Los&nbsp;<strong>castellano y leoneses<\/strong>&nbsp;salieron masivamente a la calle y llenaron las plazas mayores de sus ciudades, especialmente en las capitales, como en Valladolid, Le\u00f3n, Burgos y Salamanca. En esta \u00faltima estuvo presente el presidente de la Junta, Alfonso Fern\u00e1ndez Ma\u00f1ueco. Muchas banderas y pancartas de apoyo al pueblo ceut\u00ed en unas concentraciones que transcurrieron con normalidad.<\/p>\n\n\n\n<p class=\"wp-block-paragraph\">M\u00e1s de 6.000 personas, seg\u00fan datos facilitados por el Partido Popular, se concentraron en la plaza del Ayuntamiento de&nbsp;<strong>Toledo<\/strong>&nbsp;para mostrar su apoyo al pueblo de Ceuta. Entre el p\u00fablico, el secretario general del PP, Miguel Tellado, quien puso blanco sobre negro la respuesta de la ciudadan\u00eda a la convocatoria. \u00abHoy Espa\u00f1a ha sido un clamor\u00bb, asegur\u00f3, no sin antes se\u00f1alar al ministro de Interior, Fernando Grande Marlaska<\/p>\n\n\n\n<p class=\"wp-block-paragraph\">Con informaci\u00f3n de Alex Gubern, David Maroto, Erika Monta\u00f1\u00e9s, Andr\u00e9s Lasaga, Jos\u00e9 Luis Jim\u00e9nez, Montse Serrador, Fernando Franco y Adri\u00e1n Garc\u00eda.<\/p>\n\n\n\n<p class=\"wp-block-paragraph\">Fuente: abc<\/p>\n","protected":false},"excerpt":{"rendered":"<p>Decenas de miles de ciudadanos abarrotan las plazas de las principales ciudades para apoyar a la ciudad aut\u00f3noma en su d\u00eda A las 20.00 horas de este mi\u00e9rcoles, D\u00eda de Ceuta, las principales ciudades del pa\u00eds clamaron por la espa\u00f1olidad de la ciudad aut\u00f3noma, que atraviesa una situaci\u00f3n cr\u00edtica desde el pasado 30 de julio. [&hellip;]<\/p>\n","protected":false},"author":2,"featured_media":149911,"comment_status":"open","ping_status":"open","sticky":false,"template":"","format":"standard","meta":{"footnotes":""},"categories":[8],"tags":[],"class_list":["post-149910","post","type-post","status-publish","format-standard","has-post-thumbnail","hentry","category-internacionales"],"_links":{"self":[{"href":"http:\/\/elcuartopoder.com.mx\/nw\/wp-json\/wp\/v2\/posts\/149910","targetHints":{"allow":["GET"]}}],"collection":[{"href":"http:\/\/elcuartopoder.com.mx\/nw\/wp-json\/wp\/v2\/posts"}],"about":[{"href":"http:\/\/elcuartopoder.com.mx\/nw\/wp-json\/wp\/v2\/types\/post"}],"author":[{"embeddable":true,"href":"http:\/\/elcuartopoder.com.mx\/nw\/wp-json\/wp\/v2\/users\/2"}],"replies":[{"embeddable":true,"href":"http:\/\/elcuartopoder.com.mx\/nw\/wp-json\/wp\/v2\/comments?post=149910"}],"version-history":[{"count":1,"href":"http:\/\/elcuartopoder.com.mx\/nw\/wp-json\/wp\/v2\/posts\/149910\/revisions"}],"predecessor-version":[{"id":149913,"href":"http:\/\/elcuartopoder.com.mx\/nw\/wp-json\/wp\/v2\/posts\/149910\/revisions\/149913"}],"wp:featuredmedia":[{"embeddable":true,"href":"http:\/\/elcuartopoder.com.mx\/nw\/wp-json\/wp\/v2\/media\/149911"}],"wp:attachment":[{"href":"http:\/\/elcuartopoder.com.mx\/nw\/wp-json\/wp\/v2\/media?parent=149910"}],"wp:term":[{"taxonomy":"category","embeddable":true,"href":"http:\/\/elcuartopoder.com.mx\/nw\/wp-json\/wp\/v2\/categories?post=149910"},{"taxonomy":"post_tag","embeddable":true,"href":"http:\/\/elcuartopoder.com.mx\/nw\/wp-json\/wp\/v2\/tags?post=149910"}],"curies":[{"name":"wp","href":"https:\/\/api.w.org\/{rel}","templated":true}]}}