{"id":149917,"date":"2026-09-03T09:16:38","date_gmt":"2026-09-03T14:16:38","guid":{"rendered":"https:\/\/elcuartopoder.com.mx\/nw\/?p=149917"},"modified":"2026-09-03T09:16:40","modified_gmt":"2026-09-03T14:16:40","slug":"operativo-de-busqueda-se-despliega-en-chetumal-y-calderitas","status":"publish","type":"post","link":"http:\/\/elcuartopoder.com.mx\/nw\/estatales\/operativo-de-busqueda-se-despliega-en-chetumal-y-calderitas\/","title":{"rendered":"Operativo de b\u00fasqueda se despliega en Chetumal y Calderitas"},"content":{"rendered":"\n<p class=\"wp-block-paragraph\">Las acciones forman parte de los esfuerzos para avanzar en la localizaci\u00f3n de personas cuyo paradero se desconoce y que han sido reportadas ante las autoridades.<\/p>\n\n\n\n<p class=\"wp-block-paragraph\">Ante el n\u00famero de personas reportadas como desaparecidas en el sur de Quintana Roo, particularmente en el municipio de Oth\u00f3n P. Blanco, la Comisi\u00f3n de B\u00fasqueda de Personas realiz\u00f3 un operativo en Chetumal, Calderitas y zonas aleda\u00f1as, con el respaldo del Grupo Operativo Interinstitucional.<\/p>\n\n\n\n<p class=\"wp-block-paragraph\">La ma\u00f1ana de este mi\u00e9rcoles, personal de la Comisi\u00f3n de B\u00fasqueda de Personas acudi\u00f3 a las instalaciones de la Polic\u00eda Quintana Roo, ubicadas sobre la avenida Insurgentes, en el cruce con la calle Corozal, para solicitar apoyo de seguridad durante las labores.<\/p>\n\n\n\n<h2 class=\"wp-block-heading\">Participan corporaciones de seguridad<\/h2>\n\n\n\n<p class=\"wp-block-paragraph\">En el punto de concentraci\u00f3n se reunieron elementos de la Polic\u00eda Quintana Roo, Polic\u00eda de Tr\u00e1nsito, Polic\u00eda Municipal y de la Secretar\u00eda de Marina, quienes acompa\u00f1aron al personal encargado de las labores de b\u00fasqueda.<\/p>\n\n\n\n<p class=\"wp-block-paragraph\">Una vez integrado el operativo, los participantes se trasladaron hacia el poblado de Calderitas y distintos puntos de los alrededores de Chetumal, donde realizaron recorridos para tratar de localizar indicios que pudieran estar relacionados con personas desaparecidas.<\/p>\n\n\n\n<p class=\"wp-block-paragraph\">Las acciones forman parte de los esfuerzos para avanzar en la localizaci\u00f3n de personas cuyo paradero se desconoce y que han sido reportadas ante las autoridades durante los \u00faltimos dos a\u00f1os en esta regi\u00f3n del estado.<\/p>\n\n\n\n<h2 class=\"wp-block-heading\">Sin resultados oficiales hasta el momento<\/h2>\n\n\n\n<p class=\"wp-block-paragraph\">Hasta el momento, las autoridades no han dado a conocer informaci\u00f3n oficial sobre los resultados del operativo de b\u00fasqueda en Chetumal y Calderitas.<\/p>\n\n\n\n<p class=\"wp-block-paragraph\">Por ello, permanece sin confirmarse si durante los recorridos fueron localizados restos humanos, objetos personales u otros indicios que pudieran contribuir a las investigaciones relacionadas con las personas desaparecidas.<\/p>\n\n\n\n<p class=\"wp-block-paragraph\">Fuente: SIPSE<\/p>\n","protected":false},"excerpt":{"rendered":"<p>Las acciones forman parte de los esfuerzos para avanzar en la localizaci\u00f3n de personas cuyo paradero se desconoce y que han sido reportadas ante las autoridades. Ante el n\u00famero de personas reportadas como desaparecidas en el sur de Quintana Roo, particularmente en el municipio de Oth\u00f3n P. Blanco, la Comisi\u00f3n de B\u00fasqueda de Personas realiz\u00f3 [&hellip;]<\/p>\n","protected":false},"author":2,"featured_media":149918,"comment_status":"open","ping_status":"open","sticky":false,"template":"","format":"standard","meta":{"footnotes":""},"categories":[60],"tags":[],"class_list":["post-149917","post","type-post","status-publish","format-standard","has-post-thumbnail","hentry","category-estatales"],"_links":{"self":[{"href":"http:\/\/elcuartopoder.com.mx\/nw\/wp-json\/wp\/v2\/posts\/149917","targetHints":{"allow":["GET"]}}],"collection":[{"href":"http:\/\/elcuartopoder.com.mx\/nw\/wp-json\/wp\/v2\/posts"}],"about":[{"href":"http:\/\/elcuartopoder.com.mx\/nw\/wp-json\/wp\/v2\/types\/post"}],"author":[{"embeddable":true,"href":"http:\/\/elcuartopoder.com.mx\/nw\/wp-json\/wp\/v2\/users\/2"}],"replies":[{"embeddable":true,"href":"http:\/\/elcuartopoder.com.mx\/nw\/wp-json\/wp\/v2\/comments?post=149917"}],"version-history":[{"count":1,"href":"http:\/\/elcuartopoder.com.mx\/nw\/wp-json\/wp\/v2\/posts\/149917\/revisions"}],"predecessor-version":[{"id":149919,"href":"http:\/\/elcuartopoder.com.mx\/nw\/wp-json\/wp\/v2\/posts\/149917\/revisions\/149919"}],"wp:featuredmedia":[{"embeddable":true,"href":"http:\/\/elcuartopoder.com.mx\/nw\/wp-json\/wp\/v2\/media\/149918"}],"wp:attachment":[{"href":"http:\/\/elcuartopoder.com.mx\/nw\/wp-json\/wp\/v2\/media?parent=149917"}],"wp:term":[{"taxonomy":"category","embeddable":true,"href":"http:\/\/elcuartopoder.com.mx\/nw\/wp-json\/wp\/v2\/categories?post=149917"},{"taxonomy":"post_tag","embeddable":true,"href":"http:\/\/elcuartopoder.com.mx\/nw\/wp-json\/wp\/v2\/tags?post=149917"}],"curies":[{"name":"wp","href":"https:\/\/api.w.org\/{rel}","templated":true}]}}