{"id":149930,"date":"2026-09-04T06:08:55","date_gmt":"2026-09-04T11:08:55","guid":{"rendered":"https:\/\/elcuartopoder.com.mx\/nw\/?p=149930"},"modified":"2026-09-04T06:08:57","modified_gmt":"2026-09-04T11:08:57","slug":"brote-de-gastroenteritis-infecciosa-aguda-afecta-a-135-medicos-del-hospital-general","status":"publish","type":"post","link":"http:\/\/elcuartopoder.com.mx\/nw\/entretenimiento\/salud\/brote-de-gastroenteritis-infecciosa-aguda-afecta-a-135-medicos-del-hospital-general\/","title":{"rendered":"Brote de gastroenteritis infecciosa aguda afecta a 135 m\u00e9dicos del Hospital General"},"content":{"rendered":"\n<p class=\"wp-block-paragraph\"><em>Ciudad de M\u00e9xico. &nbsp;<\/em>El hospital General de M\u00e9xico, Doctor Eduardo Liceaga inform\u00f3 esta ma\u00f1ana que se identific\u00f3 un brote de gastroenteritis infecciosa aguda que afecta a un grupo de m\u00e9dicos residentes y de alta especialidad asociado al consumo de alimentos proporcionados por el servicio subrogado de comedor institucional, quienes asegur\u00f3 reciben atenci\u00f3n.&nbsp;<\/p>\n\n\n\n<p class=\"wp-block-paragraph\">El hospital a trav\u00e9s de una tarjeta informativa asegur\u00f3 que la situaci\u00f3n fue identificada el pasado 31 de agosto cuando se registr\u00f3 un aumento s\u00fabito de personas con s\u00edntomas gastrointestinales.&nbsp;Aunque los afectados se\u00f1alaron que puede ser salmonella.<\/p>\n\n\n\n<p class=\"wp-block-paragraph\">De acuerdo con la informaci\u00f3n disponible 135 m\u00e9dicos residentes de alta especialidad presentaron s\u00edntomas, principalmente dolor abdominal, diarrea, febr\u00edcula y v\u00f3mitos.<\/p>\n\n\n\n<p class=\"wp-block-paragraph\">Hasta el d\u00eda de hoy 3 de septiembre, indic\u00f3 el hospital 41 personas permanecen hospitalizadas para vigilancia y tratamiento. \u201cTodas se encuentran estables y bajo vigilancia m\u00e9dica\u201d.<\/p>\n\n\n\n<p class=\"wp-block-paragraph\">Como parte de la investigaci\u00f3n se realizaron estudios de laboratorio que corroboraron la presencia de Salmonella spp. En los casos analizados se identific\u00f3 adem\u00e1s infecci\u00f3n escherichia coli enterotoxig\u00e9nica.<\/p>\n\n\n\n<p class=\"wp-block-paragraph\">Ante esta situaci\u00f3n el Hospital General de M\u00e9xico suspendi\u00f3 de inmediato el servicio subrogado de comedor para m\u00e9dicos residentes y mantiene una estrategia de b\u00fasqueda y seguimiento de casos entre las personas potencialmente expuestas.<\/p>\n\n\n\n<p class=\"wp-block-paragraph\">La investigaci\u00f3n epidemiol\u00f3gica y sanitaria continua para determinar la fuente espec\u00edfica de contaminaci\u00f3n y establecer las medidas adicionales de prevenci\u00f3n y control.<\/p>\n\n\n\n<p class=\"wp-block-paragraph\"><img decoding=\"async\" src=\"https:\/\/www.jornada.com.mx\/ndjsimg\/images\/jornada\/jornadaimg\/brote-de-gastroenteritis-infecciosa-aguda-afecta-a-135-medicos-del-hospital-general-de-mexico\/brote-de-gastroenteritis-infecciosa-aguda-afecta-a-135-medicos-del-hospital-general-de-mexico_16e9bb31-839c-4b5f-9f72-39db7f92744a_media\" alt=\"Imagen\">Jorge Angel Pablo Garc\u00eda<\/p>\n\n\n\n<h2 class=\"wp-block-heading\">Acude UNAM a investigar brote de gastroenteritis&nbsp;<\/h2>\n\n\n\n<p class=\"wp-block-paragraph\">Tras conocerse el brote de gastroenteritis infecciosa aguda que afecta al menos a 135 m\u00e9dicos residentes y de alta especialidad en el Hospital General de M\u00e9xico Dr Eduardo Liceaga de la Secretar\u00eda de Salud (Ssa), asociado al consumo de alimentos en el servicio subrogado de comedor institucional, la Facultad de Medicina de la UNAM inform\u00f3 que autoridades de la Divisi\u00f3n de Estudios de Posgrado de la instituci\u00f3n acudieron al nosocomio para investigar lo ocurrido, dar seguimiento y brindar apoyo al estudiantado afectado.<\/p>\n\n\n\n<p class=\"wp-block-paragraph\">A\u00f1adi\u00f3 que las autoridades de la Facultad de Medicina \u201cpermanecer\u00e1n atentas a la evoluci\u00f3n de su estado, de salud y a sus necesidades y mantendr\u00e1 la coordinaci\u00f3n con las autoridades hospitalarias para proporcionarle el acompa\u00f1amiento requerido\u201d.&nbsp;<\/p>\n\n\n\n<p class=\"wp-block-paragraph\">Seg\u00fan la Organizaci\u00f3n Mundial de la Salud (OMS) la\u00a0<em>Salmonella spp.<\/em>\u00a0es uno los principales\u00a0agentes bacterianos\u00a0causantes de enfermedad diarreica en el mundo y algunos tipos de la bacteria\u00a0<em>Escherichia coli<\/em>\u00a0pueden producir enfermedades y diarrea, y el peor tipo de E. coli es capaz de originar diarrea hemorr\u00e1gica.\u00a0<\/p>\n\n\n\n<p class=\"wp-block-paragraph\">Ambos agentes pueden contaminar alimentos cuando quienes los preparan no han tomado las medidas higi\u00e9nicas necesarias, entre ellas lavado de manos y uso de guantes.&nbsp;<\/p>\n\n\n\n<p class=\"wp-block-paragraph\">La Facultad de Medicina de la UNAM precis\u00f3 que quienes requieren apoyo, pueden comunicarse con la divisi\u00f3n de estudios de posgrado a los tel\u00e9fonos 5556237264 o al correo electr\u00f3nico:\u00a0comunicacion@fmposgrado.unam.mx.<\/p>\n\n\n\n<h2 class=\"wp-block-heading\">Deficiencias recurrentes en el servicio de comedor para m\u00e9dicos<\/h2>\n\n\n\n<p class=\"wp-block-paragraph\">En tanto, en una carta dirigida a Lorena Guti\u00e9rrez Mart\u00ednez, Encargada del servicio del comedor de residentes Hospital General De M\u00e9xico\u00bb Dr. Eduardo Liceaga\u00bb, los m\u00e9dicos residentes manifestaron su preocupaci\u00f3n por diversas deficiencias que \u201cse presentan de manera recurrente en el servicio del comedor destinado para nuestra alimentaci\u00f3n, particularmente en lo referente a los tiempos de atenci\u00f3n, disponibilidad y calidad de los alimentos, higiene de utensilios y, de manera especialmente preocupante, a la posible inocuidad de los alimentos proporcionados\u201d.&nbsp;<\/p>\n\n\n\n<p class=\"wp-block-paragraph\">Detallaron que, entre otras situaciones, enfrentan tiempos excesivos de espera para la toma de \u00f3rdenes, que habitualmente oscilan entre 15 y 25 minutos, as\u00ed como lapsos prolongados para recibir los alimentos, llegando en algunas ocasiones hasta aproximadamente una hora despu\u00e9s de haber realizado el pedido.&nbsp;<\/p>\n\n\n\n<p class=\"wp-block-paragraph\">Adem\u00e1s, denunciaron la entrega frecuente de alimentos a temperatura inadecuada, particularmente alimentos que deber\u00edan servirse calientes y que llegan fr\u00edos a la mesa.&nbsp;<\/p>\n\n\n\n<p class=\"wp-block-paragraph\">Los m\u00e9dicos residentes del citado nocosomio se\u00f1alaron que hay falta de disponibilidad de los alimentos ofrecidos, \u201csituaci\u00f3n que en ocasiones es informada despu\u00e9s de haber realizado el pedido y esperado por un periodo considerable\u201d, otra denuncia es la falta recurrente de cubiertos, lo que obliga a esperar para poder consumir los alimentos y, de manera adicional, \u201cse han observado en distintas ocasiones cubiertos con deficiencias evidentes en su limpieza y con presencia de residuos\u201d.<\/p>\n\n\n\n<p class=\"wp-block-paragraph\"><img decoding=\"async\" src=\"https:\/\/www.jornada.com.mx\/ndjsimg\/images\/jornada\/jornadaimg\/brote-de-gastroenteritis-infecciosa-aguda-afecta-a-135-medicos-del-hospital-general-de-mexico\/brote-de-gastroenteritis-infecciosa-aguda-afecta-a-135-medicos-del-hospital-general-de-mexico_cdbac2ab-04a3-4e6e-8608-29beb613ee5b_media\" alt=\"Imagen\">Jorge Angel Pablo Garc\u00eda<\/p>\n\n\n\n<h2 class=\"wp-block-heading\">UNAM reporta 131 residentes afectados<\/h2>\n\n\n\n<p class=\"wp-block-paragraph\">Del total de los afectados, 131 son estudiantes de la Universidad Nacional Aut\u00f3noma de M\u00e9xico (UNAM). Autoridades de la Facultad de Medicina de la UNAM, dirigida por la doctora Ana Carolina Sep\u00falveda, sostuvieron una reuni\u00f3n con la doctora Alma Rosa S\u00e1nchez Conejo, directora &nbsp;del Hospital de la Ssa, en la que participaron, entre otras autoridades, la Directora M\u00e9dica y el Director de Ense\u00f1anza.<\/p>\n\n\n\n<p class=\"wp-block-paragraph\">En esa junta se le detall\u00f3 que el lunes 31 de agosto, despu\u00e9s de haber proporcionado alimentos en el comedor destinado a los m\u00e9dicos residentes, varias personas presentaron s\u00edntomas gastrointestinales, principalmente v\u00f3mito y diarrea.<\/p>\n\n\n\n<p class=\"wp-block-paragraph\">Ante la problem\u00e1tica, Sep\u00falveda envi\u00f3 una nota informativa detallando la situaci\u00f3n a Leonardo Lomel\u00ed Vanegas, rector de la UNAM donde se le detalla todo lo que se sabe hasta ahora.<\/p>\n\n\n\n<p class=\"wp-block-paragraph\">Tambi\u00e9n en ese documento se reitera que en cuanto se supo de la situaci\u00f3n, autoridades de la Divisi\u00f3n de Estudios de Posgrado acudieron al Hospital para visitar a las y los residentes, conocer con mayor detalle lo ocurrido y ofrecerles el apoyo de la UNAM.<\/p>\n\n\n\n<p class=\"wp-block-paragraph\">Las autoridades hospitalarias contactaron a quienes hab\u00edan consumido alimentos en ese lugar para informarles de la situaci\u00f3n y ofrecerles las facilidades necesarias para privilegiar su atenci\u00f3n m\u00e9dica, conforme a su preferencia. Se les asegur\u00f3 que su atenci\u00f3n y convalecencia no tendr\u00edan consecuencias acad\u00e9micas ni laborales.<\/p>\n\n\n\n<p class=\"wp-block-paragraph\">Adem\u00e1s el Hospital General de M\u00e9xico abri\u00f3 un \u00e1rea para su hospitalizaci\u00f3n y tratamiento. \u201cPoniendo a su disposici\u00f3n &nbsp;personal de enfermer\u00eda y m\u00e9dico para su tratamiento\u201d, se\u00f1alaron fuentes.<\/p>\n\n\n\n<p class=\"wp-block-paragraph\">Fuente: lajornada<\/p>\n","protected":false},"excerpt":{"rendered":"<p>Ciudad de M\u00e9xico. &nbsp;El hospital General de M\u00e9xico, Doctor Eduardo Liceaga inform\u00f3 esta ma\u00f1ana que se identific\u00f3 un brote de gastroenteritis infecciosa aguda que afecta a un grupo de m\u00e9dicos residentes y de alta especialidad asociado al consumo de alimentos proporcionados por el servicio subrogado de comedor institucional, quienes asegur\u00f3 reciben atenci\u00f3n.&nbsp; El hospital a [&hellip;]<\/p>\n","protected":false},"author":2,"featured_media":149931,"comment_status":"open","ping_status":"open","sticky":false,"template":"","format":"standard","meta":{"footnotes":""},"categories":[56],"tags":[],"class_list":["post-149930","post","type-post","status-publish","format-standard","has-post-thumbnail","hentry","category-salud"],"_links":{"self":[{"href":"http:\/\/elcuartopoder.com.mx\/nw\/wp-json\/wp\/v2\/posts\/149930","targetHints":{"allow":["GET"]}}],"collection":[{"href":"http:\/\/elcuartopoder.com.mx\/nw\/wp-json\/wp\/v2\/posts"}],"about":[{"href":"http:\/\/elcuartopoder.com.mx\/nw\/wp-json\/wp\/v2\/types\/post"}],"author":[{"embeddable":true,"href":"http:\/\/elcuartopoder.com.mx\/nw\/wp-json\/wp\/v2\/users\/2"}],"replies":[{"embeddable":true,"href":"http:\/\/elcuartopoder.com.mx\/nw\/wp-json\/wp\/v2\/comments?post=149930"}],"version-history":[{"count":1,"href":"http:\/\/elcuartopoder.com.mx\/nw\/wp-json\/wp\/v2\/posts\/149930\/revisions"}],"predecessor-version":[{"id":149932,"href":"http:\/\/elcuartopoder.com.mx\/nw\/wp-json\/wp\/v2\/posts\/149930\/revisions\/149932"}],"wp:featuredmedia":[{"embeddable":true,"href":"http:\/\/elcuartopoder.com.mx\/nw\/wp-json\/wp\/v2\/media\/149931"}],"wp:attachment":[{"href":"http:\/\/elcuartopoder.com.mx\/nw\/wp-json\/wp\/v2\/media?parent=149930"}],"wp:term":[{"taxonomy":"category","embeddable":true,"href":"http:\/\/elcuartopoder.com.mx\/nw\/wp-json\/wp\/v2\/categories?post=149930"},{"taxonomy":"post_tag","embeddable":true,"href":"http:\/\/elcuartopoder.com.mx\/nw\/wp-json\/wp\/v2\/tags?post=149930"}],"curies":[{"name":"wp","href":"https:\/\/api.w.org\/{rel}","templated":true}]}}