{"id":149936,"date":"2026-09-04T06:14:11","date_gmt":"2026-09-04T11:14:11","guid":{"rendered":"https:\/\/elcuartopoder.com.mx\/nw\/?p=149936"},"modified":"2026-09-04T06:14:13","modified_gmt":"2026-09-04T11:14:13","slug":"uefa-considera-llevar-a-infantino-a-la-via-penal-en-suiza","status":"publish","type":"post","link":"http:\/\/elcuartopoder.com.mx\/nw\/entretenimiento\/deportes\/uefa-considera-llevar-a-infantino-a-la-via-penal-en-suiza\/","title":{"rendered":"UEFA considera llevar a Infantino a la v\u00eda penal en Suiza"},"content":{"rendered":"\n<p class=\"wp-block-paragraph\">La FIFA cubrir\u00eda los gastos legales de su presidente Gianni Infantino, mientras la UEFA considera iniciar un proceso penal en su contra en Suiza, acus\u00e1ndolo de \u201cpromover\u201d un \u201cprecio fraudulento para su propio beneficio\u201d, al proponer la venta de una participaci\u00f3n en las operaciones comerciales del m\u00e1ximo \u00f3rgano rector del futbol internacional, incluida la Copa del Mundo, report\u00f3&nbsp;<em>The Athletic.<\/em><\/p>\n\n\n\n<p class=\"wp-block-paragraph\">Pese a que el dirigente abandon\u00f3 su fallido plan FIFA Forward Enterprise (FFE), el cual recibi\u00f3 m\u00faltiples cr\u00edticas, debido a que implicaba vender a inversionistas privados una participaci\u00f3n minoritaria en las operaciones comerciales y de eventos del organismo, la UEFA a\u00fan intenta que el suizo renuncie a su cargo.<\/p>\n\n\n\n<p class=\"wp-block-paragraph\">Para lograr su objetivo, el organismo rector del futbol europeo ha presentado varias demandas legales en Estados Unidos.<\/p>\n\n\n\n<p class=\"wp-block-paragraph\">De acuerdo con&nbsp;<em>The Athletic,<\/em>&nbsp;el pasado 28 de agosto, la UEFA, en un documento legal presentado en el pa\u00eds vecino, acus\u00f3 a Infantino de \u201cpromover\u201d un \u201cprecio fraudulento fuera del mercado para su propio beneficio\u201d, al proponer la venta de una participaci\u00f3n de 20 por ciento en las operaciones comerciales y de eventos de la FIFA a Thrive Eternal, un fondo de inversi\u00f3n estadunidense dirigido por Joshua Kushner, por 4 mil 200 millones de d\u00f3lares.<\/p>\n\n\n\n<p class=\"wp-block-paragraph\">Los abogados de la UEFA afirmaron que la valoraci\u00f3n fue \u201cabsurdamente baja\u201d, y declararon que no fue \u201cel resultado de una subasta abierta y competitiva\u201d, y que tampoco \u201cfue evaluada por ning\u00fan tasador independiente\u201d.<\/p>\n\n\n\n<p class=\"wp-block-paragraph\">Seg\u00fan el medio estadunidense, la FIFA deber\u00e1 cubrir los gastos legales del dirigente en relaci\u00f3n con el caso, debido a que actu\u00f3 en nombre de la organizaci\u00f3n y en su calidad de presidente. Si Infantino hubiera realizado alguna acci\u00f3n a t\u00edtulo personal y no relacionada con su trabajo, el organismo rector del futbol no tendr\u00eda que sufragar esos gastos.<\/p>\n\n\n\n<p class=\"wp-block-paragraph\">El informe anual del organismo correspondiente a 2025 detall\u00f3 c\u00f3mo se erogaron algo menos de 34 millones de d\u00f3lares en gastos legales \u2013un aumento con respecto a los 14.5 millones de d\u00f3lares de 2024\u2013 para \u201ccubrir diversos asuntos legales relacionados con disputas y consultas derivadas de sus objetivos estatutarios, as\u00ed como los costos legales y de gobernanza relacionados con las investigaciones\u201d.<\/p>\n\n\n\n<p class=\"wp-block-paragraph\">Asimismo,&nbsp;<em>The Athletic<\/em>&nbsp;inform\u00f3 que tambi\u00e9n se presentaron demandas id\u00e9nticas contra Thrive, Kushner y JPMorgan en la ciudad de Nueva York, as\u00ed como contra Bann Ventures y su director ejecutivo, Greg Maffei, en Colorado.<\/p>\n\n\n\n<p class=\"wp-block-paragraph\">JPMorgan y Bann Ventures estaban previstos para trabajar junto con la FIFA en el proyecto FFE.<\/p>\n\n\n\n<p class=\"wp-block-paragraph\">Al pronunciarse por primera vez desde la controversia en torno al fallido plan, Kushner emiti\u00f3 el pasado lunes un comunicado en el que afirm\u00f3 que Thrive \u201cno logr\u00f3 comprender la din\u00e1mica pol\u00edtica del futbol mundial\u201d, y a\u00f1adi\u00f3 que si hubieran sabido \u201cen qu\u00e9 terminar\u00eda convirti\u00e9ndose esto, no nos habr\u00edamos involucrado\u201d.<\/p>\n\n\n\n<p class=\"wp-block-paragraph\">En tanto, el director general del club alem\u00e1n Bayer Leverkusen, el espa\u00f1ol Fernando Carro, asegur\u00f3 ayer que est\u00e1n \u201cluchando\u201d contra Infantino, y pidi\u00f3 cambios en la direcci\u00f3n de la FIFA, pues consider\u00f3 que la continuidad del suizo \u201cser\u00eda el peor resultado posible\u201d.<\/p>\n\n\n\n<p class=\"wp-block-paragraph\">\u201cEstamos luchando contra Infantino y tenemos que ganar esta lucha. La FIFA necesita un cambio, un liderazgo fiable y unas elecciones presidenciales aut\u00e9nticas en marzo. No veo posible que Infantino contin\u00fae en el cargo; ese ser\u00eda el peor resultado posible\u201d, declar\u00f3 Carro a la revista&nbsp;<em>Sport Bild.<\/em><\/p>\n\n\n\n<p class=\"wp-block-paragraph\">El directivo dej\u00f3 abierta la cuesti\u00f3n de qui\u00e9n deber\u00eda sustituir a Infantino, ya que la b\u00fasqueda de un candidato \u201cser\u00e1, sin duda, un reto\u201d. Para el espa\u00f1ol, el candidato ideal ser\u00eda alguien \u201cque tambi\u00e9n pueda ganarse a personas de fuera de Europa y conseguir mayor\u00edas. Mi impresi\u00f3n es que, al final, ser\u00e1 un candidato no europeo, pero que cuente con el apoyo de Europa\u201d, apunt\u00f3.<\/p>\n\n\n\n<h2 class=\"wp-block-heading\">Corrupci\u00f3n privada<\/h2>\n\n\n\n<p class=\"wp-block-paragraph\">Mientras esto ocurre, la fiscal\u00eda financiera francesa solicit\u00f3 a finales de agosto que se juzgue a cuatro personas, entre ellas, el ex directivo de la FIFA Reynald Temarii y el catar\u00ed Mohamed Bin Hammam, como parte de la investigaci\u00f3n sobre la atribuci\u00f3n del Mundial de futbol a Qatar.<\/p>\n\n\n\n<p class=\"wp-block-paragraph\">La petici\u00f3n fue revelada por el peri\u00f3dico&nbsp;<em>Le Monde<\/em>&nbsp;y confirmada a la Afp por la fiscal\u00eda. Ser\u00e1n los jueces de instrucci\u00f3n quienes decidir\u00e1n si habr\u00e1 juicio.<\/p>\n\n\n\n<p class=\"wp-block-paragraph\">La fiscal\u00eda nacional financiera (PNF) ha solicitado un juicio por \u201ccorrupci\u00f3n privada pasiva\u201d de Temarii, ex vicepresidente tahitiano de la FIFA.<\/p>\n\n\n\n<p class=\"wp-block-paragraph\">En 2023, el directivo declar\u00f3 que \u201cnunca hubo corrupci\u00f3n\u201d y en 2022 afirm\u00f3 haber sido \u00e9l mismo \u201cv\u00edctima de una estafa\u201d en este caso.<\/p>\n\n\n\n<p class=\"wp-block-paragraph\">La fiscal\u00eda financiera solicita que se juzgue por \u201ccorrupci\u00f3n privada activa\u201d al millonario catar\u00ed Mohamed Bin Hammam, ex vicepresidente de la FIFA.<\/p>\n\n\n\n<p class=\"wp-block-paragraph\">El ex jefe de la Confederaci\u00f3n Asi\u00e1tica de Futbol (AFC) est\u00e1 bajo una orden de arresto internacional desde junio de 2023, y ha sido vetado de por vida de los organismos futbol\u00edsticos a ra\u00edz de acusaciones de corrupci\u00f3n y conflictos de intereses.<\/p>\n\n\n\n<p class=\"wp-block-paragraph\">La justicia francesa sospecha que Bin Hammam intent\u00f3 influir en la votaci\u00f3n para el Mundial de 2022 pagando los gastos de defensa de Temarii, que hab\u00eda sido suspendido por infracci\u00f3n al c\u00f3digo de \u00e9tica de la FIFA.<\/p>\n\n\n\n<p class=\"wp-block-paragraph\">Al recurrir esta suspensi\u00f3n, Temarii impidi\u00f3 la presencia de un suplente que habr\u00eda dado su voto a Australia y, en caso de fracaso, a Estados Unidos, principales rivales de Qatar. Tambi\u00e9n est\u00e1n incluidos en la solicitud de juicio el consultor Jean-Charles Brisard, as\u00ed como su ex esposa y ex abogada de Temarii, G\u00e9raldine Lesieur. La fiscal\u00eda solicita que comparezcan por \u201cestafa y encubrimiento de corrupci\u00f3n\u201d.<\/p>\n\n\n\n<p class=\"wp-block-paragraph\">Fuente:lajornada<\/p>\n","protected":false},"excerpt":{"rendered":"<p>La FIFA cubrir\u00eda los gastos legales de su presidente Gianni Infantino, mientras la UEFA considera iniciar un proceso penal en su contra en Suiza, acus\u00e1ndolo de \u201cpromover\u201d un \u201cprecio fraudulento para su propio beneficio\u201d, al proponer la venta de una participaci\u00f3n en las operaciones comerciales del m\u00e1ximo \u00f3rgano rector del futbol internacional, incluida la Copa [&hellip;]<\/p>\n","protected":false},"author":2,"featured_media":149937,"comment_status":"open","ping_status":"open","sticky":false,"template":"","format":"standard","meta":{"footnotes":""},"categories":[7],"tags":[],"class_list":["post-149936","post","type-post","status-publish","format-standard","has-post-thumbnail","hentry","category-deportes"],"_links":{"self":[{"href":"http:\/\/elcuartopoder.com.mx\/nw\/wp-json\/wp\/v2\/posts\/149936","targetHints":{"allow":["GET"]}}],"collection":[{"href":"http:\/\/elcuartopoder.com.mx\/nw\/wp-json\/wp\/v2\/posts"}],"about":[{"href":"http:\/\/elcuartopoder.com.mx\/nw\/wp-json\/wp\/v2\/types\/post"}],"author":[{"embeddable":true,"href":"http:\/\/elcuartopoder.com.mx\/nw\/wp-json\/wp\/v2\/users\/2"}],"replies":[{"embeddable":true,"href":"http:\/\/elcuartopoder.com.mx\/nw\/wp-json\/wp\/v2\/comments?post=149936"}],"version-history":[{"count":1,"href":"http:\/\/elcuartopoder.com.mx\/nw\/wp-json\/wp\/v2\/posts\/149936\/revisions"}],"predecessor-version":[{"id":149938,"href":"http:\/\/elcuartopoder.com.mx\/nw\/wp-json\/wp\/v2\/posts\/149936\/revisions\/149938"}],"wp:featuredmedia":[{"embeddable":true,"href":"http:\/\/elcuartopoder.com.mx\/nw\/wp-json\/wp\/v2\/media\/149937"}],"wp:attachment":[{"href":"http:\/\/elcuartopoder.com.mx\/nw\/wp-json\/wp\/v2\/media?parent=149936"}],"wp:term":[{"taxonomy":"category","embeddable":true,"href":"http:\/\/elcuartopoder.com.mx\/nw\/wp-json\/wp\/v2\/categories?post=149936"},{"taxonomy":"post_tag","embeddable":true,"href":"http:\/\/elcuartopoder.com.mx\/nw\/wp-json\/wp\/v2\/tags?post=149936"}],"curies":[{"name":"wp","href":"https:\/\/api.w.org\/{rel}","templated":true}]}}