{"id":149939,"date":"2026-09-04T06:24:44","date_gmt":"2026-09-04T11:24:44","guid":{"rendered":"https:\/\/elcuartopoder.com.mx\/nw\/?p=149939"},"modified":"2026-09-04T06:24:46","modified_gmt":"2026-09-04T11:24:46","slug":"ejidatarios-de-carrillo-puerto-amenazan-con-bloquear-la-carretera-307-por-perdidas-agricolas","status":"publish","type":"post","link":"http:\/\/elcuartopoder.com.mx\/nw\/municipales\/ejidatarios-de-carrillo-puerto-amenazan-con-bloquear-la-carretera-307-por-perdidas-agricolas\/","title":{"rendered":"Ejidatarios de Carrillo Puerto amenazan con bloquear la carretera 307 por p\u00e9rdidas agr\u00edcolas"},"content":{"rendered":"\n<p class=\"wp-block-paragraph\"><strong>FELIPE CARRILLO PUERTO, MX.-<\/strong>&nbsp;La carretera federal 307 podr\u00eda ser bloqueada este domingo a la altura del entronque de Felipe Carrillo Puerto, como medida de presi\u00f3n de representantes ejidales que reclaman una respuesta a las p\u00e9rdidas que productores de distintas comunidades atribuyen a la prolongada sequ\u00eda.<\/p>\n\n\n\n<p class=\"wp-block-paragraph\">La movilizaci\u00f3n est\u00e1 condicionada a la respuesta que reciban del Gobierno del Estado antes del viernes, luego de que los comisariados entregaron a la Secretar\u00eda de Desarrollo Agropecuario, Rural y Pesca (Sedarpe) los censos levantados entre campesinos con cultivos afectados.<\/p>\n\n\n\n<p class=\"wp-block-paragraph\">Jorge Correa Ventura Ek, comisariado ejidal de Filomeno Mata, se\u00f1al\u00f3 que existe un acuerdo entre autoridades ejidales de diferentes localidades para recurrir al cierre carretero si sus gestiones no avanzan.<\/p>\n\n\n\n<p class=\"wp-block-paragraph\">\u201cEmplazamos a que nos den respuesta el pr\u00f3ximo viernes y, en caso de no existir, hemos tomado acuerdos con las autoridades ejidales de diferentes localidades para que el pr\u00f3ximo domingo, que es el informe de la gobernadora Mara Lezama, bloqueemos la carretera 307 a la altura del entronque de esta ciudad\u201d, advirti\u00f3.<\/p>\n\n\n\n<p class=\"wp-block-paragraph\">La fecha planteada para la protesta coincide con el Cuarto Informe de Gobierno de Mara Lezama, previsto para este domingo 6 de septiembre en Chetumal.<\/p>\n\n\n\n<p class=\"wp-block-paragraph\">El reclamo se origina por las afectaciones que campesinos de diferentes comunidades reportan en sus cultivos de ma\u00edz, frijol y productos de la milpa a consecuencia de la falta de lluvias.<\/p>\n\n\n\n<p class=\"wp-block-paragraph\">Como parte de las gestiones, cada autoridad ejidal realiz\u00f3 su propio levantamiento de da\u00f1os y concentr\u00f3 nombres y firmas de los productores afectados.<\/p>\n\n\n\n<p class=\"wp-block-paragraph\">Esa documentaci\u00f3n fue entregada esta semana a la Sedarpe, luego de que fuera solicitada por la dependencia estatal.<\/p>\n\n\n\n<p class=\"wp-block-paragraph\">Hasta ahora, los representantes no cuentan con un balance consolidado que permita establecer cu\u00e1ntos productores participan en la solicitud ni la extensi\u00f3n total de los cultivos siniestrados en el municipio.<\/p>\n\n\n\n<p class=\"wp-block-paragraph\">Filomeno Mata ofrece, sin embargo, una primera dimensi\u00f3n de las afectaciones.<\/p>\n\n\n\n<p class=\"wp-block-paragraph\">Correa Ventura Ek se\u00f1al\u00f3 que \u00fanicamente en ese ejido se tienen identificados alrededor de 350 campesinos con da\u00f1os en sus siembras.<br>Las superficies de milpa de estos productores oscilan entre una y cinco hect\u00e1reas, aunque el comisariado no proporcion\u00f3 un acumulado de la extensi\u00f3n siniestrada.<\/p>\n\n\n\n<p class=\"wp-block-paragraph\">Con los censos entregados, los representantes buscan que las autoridades estatales determinen qu\u00e9 apoyo puede otorgarse ante las p\u00e9rdidas y han planteado la activaci\u00f3n de un seguro agr\u00edcola o alg\u00fan mecanismo de compensaci\u00f3n.<\/p>\n\n\n\n<p class=\"wp-block-paragraph\">El plazo establecido por los propios representantes vence este viernes. La respuesta que reciban determinar\u00e1 si mantienen o no la movilizaci\u00f3n anunciada para el domingo sobre la carretera federal 307.&nbsp;<\/p>\n\n\n\n<p class=\"wp-block-paragraph\">Fuente: NC<\/p>\n","protected":false},"excerpt":{"rendered":"<p>FELIPE CARRILLO PUERTO, MX.-&nbsp;La carretera federal 307 podr\u00eda ser bloqueada este domingo a la altura del entronque de Felipe Carrillo Puerto, como medida de presi\u00f3n de representantes ejidales que reclaman una respuesta a las p\u00e9rdidas que productores de distintas comunidades atribuyen a la prolongada sequ\u00eda. La movilizaci\u00f3n est\u00e1 condicionada a la respuesta que reciban del [&hellip;]<\/p>\n","protected":false},"author":2,"featured_media":149940,"comment_status":"open","ping_status":"open","sticky":false,"template":"","format":"standard","meta":{"footnotes":""},"categories":[6],"tags":[],"class_list":["post-149939","post","type-post","status-publish","format-standard","has-post-thumbnail","hentry","category-municipales"],"_links":{"self":[{"href":"http:\/\/elcuartopoder.com.mx\/nw\/wp-json\/wp\/v2\/posts\/149939","targetHints":{"allow":["GET"]}}],"collection":[{"href":"http:\/\/elcuartopoder.com.mx\/nw\/wp-json\/wp\/v2\/posts"}],"about":[{"href":"http:\/\/elcuartopoder.com.mx\/nw\/wp-json\/wp\/v2\/types\/post"}],"author":[{"embeddable":true,"href":"http:\/\/elcuartopoder.com.mx\/nw\/wp-json\/wp\/v2\/users\/2"}],"replies":[{"embeddable":true,"href":"http:\/\/elcuartopoder.com.mx\/nw\/wp-json\/wp\/v2\/comments?post=149939"}],"version-history":[{"count":1,"href":"http:\/\/elcuartopoder.com.mx\/nw\/wp-json\/wp\/v2\/posts\/149939\/revisions"}],"predecessor-version":[{"id":149941,"href":"http:\/\/elcuartopoder.com.mx\/nw\/wp-json\/wp\/v2\/posts\/149939\/revisions\/149941"}],"wp:featuredmedia":[{"embeddable":true,"href":"http:\/\/elcuartopoder.com.mx\/nw\/wp-json\/wp\/v2\/media\/149940"}],"wp:attachment":[{"href":"http:\/\/elcuartopoder.com.mx\/nw\/wp-json\/wp\/v2\/media?parent=149939"}],"wp:term":[{"taxonomy":"category","embeddable":true,"href":"http:\/\/elcuartopoder.com.mx\/nw\/wp-json\/wp\/v2\/categories?post=149939"},{"taxonomy":"post_tag","embeddable":true,"href":"http:\/\/elcuartopoder.com.mx\/nw\/wp-json\/wp\/v2\/tags?post=149939"}],"curies":[{"name":"wp","href":"https:\/\/api.w.org\/{rel}","templated":true}]}}