{"id":149945,"date":"2026-09-04T06:30:04","date_gmt":"2026-09-04T11:30:04","guid":{"rendered":"https:\/\/elcuartopoder.com.mx\/nw\/?p=149945"},"modified":"2026-09-04T06:30:06","modified_gmt":"2026-09-04T11:30:06","slug":"criminal","status":"publish","type":"post","link":"http:\/\/elcuartopoder.com.mx\/nw\/editorial\/criminal\/","title":{"rendered":"Criminal"},"content":{"rendered":"\n<p class=\"wp-block-paragraph\">\u00abHabr\u00eda que preguntarse \u00bfqu\u00e9 tanto est\u00e1 extendida la violencia y la cultura homicida en nuestra sociedad?\u00bb.<\/p>\n\n\n\n<p class=\"wp-block-paragraph\">\u00bfDe d\u00f3nde viene tanta violencia? \u00bfcu\u00e1nta enloquecida furia debe de tener alguien para asesinar a una familia entera, matar a sangre fr\u00eda a dos mujeres, una de ella embarazada, la otra empleada dom\u00e9stica, a una ni\u00f1a de tres a\u00f1os, y a su padre en su propia casa y hasta su mascota? La noticia es escalofriante, querido lector. El m\u00fasico Jonathan Mel\u00e9ndez, tecladista de la banda Camilo S\u00e9ptimo, fue asesinado junto con su familia por un socio y \u201camigo\u201d en su casa en Atizap\u00e1n.<\/p>\n\n\n\n<p class=\"wp-block-paragraph\">Seg\u00fan refieren las investigaciones de las autoridades, el asesino lleg\u00f3 a su departamento y debido a que lo conoc\u00edan aprovech\u00f3 para entrar, maniatar a sus habitantes y masacrar a todos. S\u00f3lo sobrevivi\u00f3 de la familia el hijo de siete a\u00f1os que se escondi\u00f3 debajo de una cama y se encontraba en otro cuarto.<\/p>\n\n\n\n<p class=\"wp-block-paragraph\">El presunto asesino, un empresario argentino, fue posteriormente detenido por la polic\u00eda, junto con su chofer. La polic\u00eda pudo seguirlos a trav\u00e9s de c\u00e1maras de seguridad, detenerlos y entregarlos a la justicia, afortunadamente.<\/p>\n\n\n\n<p class=\"wp-block-paragraph\">Este horror recuerda al terrible multihomicidio que se cometi\u00f3 en la colonia Narvarte, hace poco m\u00e1s de una d\u00e9cada con una pulsi\u00f3n asesina total y que no ha sido esclarecido del todo.<\/p>\n\n\n\n<p class=\"wp-block-paragraph\">Aunque este caso se ha resuelto muy r\u00e1pidamente, y parece que no ha ca\u00eddo en la espiral de la impunidad, no deja de asombrar. Y no porque este pa\u00eds no conozca la peor violencia homicida, que vaya que la conocemos. Sino precisamente porque este caso no parece estar relacionado con drogas o \u201cdelincuencia organizada\u201d, al menos como la conocemos. Lo cual es muy inquietante, querido lector, porque indica que los niveles de descomposici\u00f3n en que vivimos son verdaderamente terribles. Y es que matar, en M\u00e9xico, es algo que se volvi\u00f3 ordinario, por desgracia. Los asesinos, mexicanos o extranjeros, creen que pueden cometer las peores atrocidades y salirse con la suya. Aunque, como dec\u00eda, en esta ocasi\u00f3n las autoridades actuaron de manera pronta y expedita lo que nos ha posibilitado conocer, al menos parcialmente, c\u00f3mo se cometi\u00f3 el multihomicidio y qui\u00e9n lo cometi\u00f3 lo que ciertamente es una anomal\u00eda entre tanta impunidad, una anomal\u00eda que da cierto alivio y esperanza en que las autoridades pueden hacer bien su trabajo.<\/p>\n\n\n\n<p class=\"wp-block-paragraph\">Sin embargo, habr\u00eda que preguntarse \u00bfqu\u00e9 tanto est\u00e1 extendida la violencia y la cultura homicida en nuestra sociedad? Tras d\u00e9cadas de padecer la violencia m\u00e1s atroz \u00bfse ha convertido en algo mucho m\u00e1s extendido donde cualquiera puede ejercerla? \u00bfpertenece a la misma violencia que calcina y descompone cuerpos o a otro tipo de violencia? Y si es as\u00ed \u00bfde d\u00f3nde viene ese nivel de deshumanizaci\u00f3n?<\/p>\n\n\n\n<p class=\"wp-block-paragraph\">A m\u00ed me horroriza, querido lector, pensar que alguien puede asesinar a toda una familia por un pleito de dinero, por ejemplo. \u00bfQu\u00e9 pasa por la cabeza de esos seres desalmados para maniatar a una ni\u00f1a de tres a\u00f1os, a una mujer embarazada, a un perro y matarlos? \u00bfPor qu\u00e9 asesinar a una empleada tambi\u00e9n?<\/p>\n\n\n\n<p class=\"wp-block-paragraph\">Le confieso que me declaro totalmente incapaz de entender ese abismo de crueldad criminal. No s\u00e9 exactamente c\u00f3mo alguien puede cometer esa atrocidad \u201cpor un pleito\u201d. Esa atrocidad planeada y llevada a cabo con total frialdad contra toda una familia. No s\u00e9 si el odio explique ese fen\u00f3meno o qu\u00e9 podr\u00eda echar luz sobre esa densa oscuridad. Afortunadamente, las instituciones judiciales se encargar\u00e1n de juzgar el crimen y el asesino tendr\u00e1 que pagar con el tiempo que le queda de vida la atrocidad que cometi\u00f3. Claro, eso no borra la enorme tragedia que sufri\u00f3 la familia, sus seres queridos y amigos. El hijo que ha quedado hu\u00e9rfano y ha perdido a todo su mundo por la mano de un homicida desalmado.<\/p>\n\n\n\n<p class=\"wp-block-paragraph\">Esto me lleva a otro punto, querido lector. Si la polic\u00eda pudo detener a este criminal \u00bfpor qu\u00e9 no han podido esclarecer tantos casos de personas desaparecidas o asesinadas? \u00bfPor qu\u00e9 no sabemos qu\u00e9 les ocurri\u00f3 a tantos otros que sencillamente no aparecen, parece que se los trag\u00f3 la tierra sin que la polic\u00eda haya podido hacer nada en semanas, meses, a\u00f1os?<\/p>\n\n\n\n<p class=\"wp-block-paragraph\">Yo quisiera preguntarle a Omar Garc\u00eda Harfuch \u00bfqu\u00e9 le ocurri\u00f3 a Kimberly Moya, la estudiante raptada en Naucalpan? \u00bfd\u00f3nde est\u00e1? y \u00bfd\u00f3nde est\u00e1 Ana Ameli Garc\u00eda, estudiante de la UNAM que desapareci\u00f3 en el Ajusco hace m\u00e1s de un a\u00f1o? \u00bfpor qu\u00e9 nadie ha podido encontrarlas ni decir qu\u00e9 les ocurri\u00f3? \u00bfy los responsables qui\u00e9nes son y por qu\u00e9 no han sido presentados ante la justicia?<\/p>\n\n\n\n<p class=\"wp-block-paragraph\">Hay que hacer estas preguntas, querido lector. Por supuesto, uno agradece y celebra que un crimen como el que sufri\u00f3 el m\u00fasico Jonathan Mel\u00e9ndez y su familia sea r\u00e1pidamente atendido y los responsables llevados ante la justicia. Lo que una no puede celebrar es que detr\u00e1s haya miles de casos ante los cuales no hay s\u00faper polic\u00eda que responda, sino un silencio tan atroz y ominoso como el que dej\u00f3 a su paso el multihomicida en Atizap\u00e1n cuando asesin\u00f3 a toda una familia.<\/p>\n\n\n\n<p class=\"wp-block-paragraph\">Fuente:lajornada<\/p>\n","protected":false},"excerpt":{"rendered":"<p>\u00abHabr\u00eda que preguntarse \u00bfqu\u00e9 tanto est\u00e1 extendida la violencia y la cultura homicida en nuestra sociedad?\u00bb. \u00bfDe d\u00f3nde viene tanta violencia? \u00bfcu\u00e1nta enloquecida furia debe de tener alguien para asesinar a una familia entera, matar a sangre fr\u00eda a dos mujeres, una de ella embarazada, la otra empleada dom\u00e9stica, a una ni\u00f1a de tres a\u00f1os, [&hellip;]<\/p>\n","protected":false},"author":2,"featured_media":149946,"comment_status":"open","ping_status":"open","sticky":false,"template":"","format":"standard","meta":{"footnotes":""},"categories":[63],"tags":[],"class_list":["post-149945","post","type-post","status-publish","format-standard","has-post-thumbnail","hentry","category-editorial"],"_links":{"self":[{"href":"http:\/\/elcuartopoder.com.mx\/nw\/wp-json\/wp\/v2\/posts\/149945","targetHints":{"allow":["GET"]}}],"collection":[{"href":"http:\/\/elcuartopoder.com.mx\/nw\/wp-json\/wp\/v2\/posts"}],"about":[{"href":"http:\/\/elcuartopoder.com.mx\/nw\/wp-json\/wp\/v2\/types\/post"}],"author":[{"embeddable":true,"href":"http:\/\/elcuartopoder.com.mx\/nw\/wp-json\/wp\/v2\/users\/2"}],"replies":[{"embeddable":true,"href":"http:\/\/elcuartopoder.com.mx\/nw\/wp-json\/wp\/v2\/comments?post=149945"}],"version-history":[{"count":1,"href":"http:\/\/elcuartopoder.com.mx\/nw\/wp-json\/wp\/v2\/posts\/149945\/revisions"}],"predecessor-version":[{"id":149947,"href":"http:\/\/elcuartopoder.com.mx\/nw\/wp-json\/wp\/v2\/posts\/149945\/revisions\/149947"}],"wp:featuredmedia":[{"embeddable":true,"href":"http:\/\/elcuartopoder.com.mx\/nw\/wp-json\/wp\/v2\/media\/149946"}],"wp:attachment":[{"href":"http:\/\/elcuartopoder.com.mx\/nw\/wp-json\/wp\/v2\/media?parent=149945"}],"wp:term":[{"taxonomy":"category","embeddable":true,"href":"http:\/\/elcuartopoder.com.mx\/nw\/wp-json\/wp\/v2\/categories?post=149945"},{"taxonomy":"post_tag","embeddable":true,"href":"http:\/\/elcuartopoder.com.mx\/nw\/wp-json\/wp\/v2\/tags?post=149945"}],"curies":[{"name":"wp","href":"https:\/\/api.w.org\/{rel}","templated":true}]}}