{"id":74267,"date":"2019-11-15T20:35:06","date_gmt":"2019-11-16T01:35:06","guid":{"rendered":"http:\/\/elcuartopoder.com.mx\/nw\/?p=74267"},"modified":"2019-11-15T20:37:01","modified_gmt":"2019-11-16T01:37:01","slug":"obtiene-mario-villanueva-suspencion-provisional-para-no-ser-trasladado-al-ceferepsi-de-morelos","status":"publish","type":"post","link":"http:\/\/elcuartopoder.com.mx\/nw\/estatales\/obtiene-mario-villanueva-suspencion-provisional-para-no-ser-trasladado-al-ceferepsi-de-morelos\/","title":{"rendered":"Obtiene Mario Villanueva suspenci\u00f3n provisional para no ser trasladado al CEFEREPSI de Morelos"},"content":{"rendered":"\n<p>El ex gobernador de Quintana Roo Mario Villanueva Madrid, no ser\u00e1 trasladado al Centro Federal de Rehabilitaci\u00f3n Psicosocial (Ceferepsi) en Morelos, esto tras conseguir un amparo provisional al resolutivo emitido por el juez del Tribunal Unitario con sede en Toluca, la defensa del ex mandatario confi\u00f3 que se les otorgue la suspensi\u00f3n definitiva para que permanezca en chetumal en tanto se define la prisi\u00f3n domiciliaria o en su caso la amnist\u00eda que lo dejar\u00eda en libertad. <\/p>\n\n\n\n<blockquote class=\"wp-block-quote is-layout-flow wp-block-quote-is-layout-flow\"><p> <br><strong>Se promovi\u00f3 el amparo contra la orden de traslado nos otorgaron la suspensi\u00f3n provisional de este caso y en estos d\u00edas deben de dar respuesta a esta situaci\u00f3n, en ese sentido el ingeniero sigue aqu\u00ed en la ciudad de Chetumal y sin embargo estamos a la espera de que resuelvan.<\/strong><br><\/p><\/blockquote>\n\n\n\n<figure class=\"wp-block-image\"><img loading=\"lazy\" decoding=\"async\" width=\"810\" height=\"608\" src=\"http:\/\/elcuartopoder.com.mx\/nw\/wp-content\/uploads\/2019\/11\/img_7564.jpg\" alt=\"\" class=\"wp-image-74269\" srcset=\"http:\/\/elcuartopoder.com.mx\/nw\/wp-content\/uploads\/2019\/11\/img_7564.jpg 810w, http:\/\/elcuartopoder.com.mx\/nw\/wp-content\/uploads\/2019\/11\/img_7564-300x225.jpg 300w, http:\/\/elcuartopoder.com.mx\/nw\/wp-content\/uploads\/2019\/11\/img_7564-768x576.jpg 768w, http:\/\/elcuartopoder.com.mx\/nw\/wp-content\/uploads\/2019\/11\/img_7564-80x60.jpg 80w, http:\/\/elcuartopoder.com.mx\/nw\/wp-content\/uploads\/2019\/11\/img_7564-265x198.jpg 265w, http:\/\/elcuartopoder.com.mx\/nw\/wp-content\/uploads\/2019\/11\/img_7564-696x522.jpg 696w\" sizes=\"auto, (max-width: 810px) 100vw, 810px\" \/><\/figure>\n\n\n\n<p>Enrique Thompson Olivera, secretario t\u00e9cnico de la Comisi\u00f3n Especial para la atenci\u00f3n y el seguimiento del caso en el Congreso del Estado, asegur\u00f3 que Villanueva Madrid sigue internado en la cl\u00ednica particular en Chetumal, en tanto no se tenga una respuesta con respecto a la suspensi\u00f3n provisional, mientras que por otra v\u00eda trabajan con la Presidencia de la Rep\u00fablica y la Secretar\u00eda de Gobierno en los tr\u00e1mites solicitados para la iniciativa que se formular\u00e1 con respecto a que pueda conseguir el indulto de manera legal.<\/p>\n\n\n\n<blockquote class=\"wp-block-quote is-layout-flow wp-block-quote-is-layout-flow\"><p><strong>En el inter de esto han salido muchas cuestiones al comentario que realiz\u00f3 el presidente en Felipe Carrillo Puerto, la intervenci\u00f3n del senador en la cual en la ciudad de M\u00e9xico intervino para solicitar el arraigo domiciliario a favor del ingeniero y en su momento el indulto.<\/strong><br><\/p><\/blockquote>\n\n\n\n<p>Como se recordar\u00e1 Mario Villanueva Madrid cumple una sentencia de 22 a\u00f1os de prisi\u00f3n por la comisi\u00f3n de los delitos de contra la salud y lavado de dinero. Fue detenido en 2001, en el poblado de Alfredo V. Bonfil, a poco m\u00e1s de siete kil\u00f3metros de Canc\u00fan, luego de permanecer un a\u00f1o pr\u00f3fugo de la justicia.<\/p>\n\n\n\n<p><strong>Fuente:<\/strong> puntodequiebre<\/p>\n","protected":false},"excerpt":{"rendered":"<p>El ex gobernador de Quintana Roo Mario Villanueva Madrid, no ser\u00e1 trasladado al Centro Federal de Rehabilitaci\u00f3n Psicosocial (Ceferepsi) en Morelos, esto tras conseguir un amparo provisional al resolutivo emitido por el juez del Tribunal Unitario con sede en Toluca, la defensa del ex mandatario confi\u00f3 que se les otorgue la suspensi\u00f3n definitiva para que [&hellip;]<\/p>\n","protected":false},"author":2,"featured_media":74271,"comment_status":"open","ping_status":"open","sticky":false,"template":"","format":"standard","meta":{"footnotes":""},"categories":[60],"tags":[],"class_list":["post-74267","post","type-post","status-publish","format-standard","has-post-thumbnail","hentry","category-estatales"],"_links":{"self":[{"href":"http:\/\/elcuartopoder.com.mx\/nw\/wp-json\/wp\/v2\/posts\/74267","targetHints":{"allow":["GET"]}}],"collection":[{"href":"http:\/\/elcuartopoder.com.mx\/nw\/wp-json\/wp\/v2\/posts"}],"about":[{"href":"http:\/\/elcuartopoder.com.mx\/nw\/wp-json\/wp\/v2\/types\/post"}],"author":[{"embeddable":true,"href":"http:\/\/elcuartopoder.com.mx\/nw\/wp-json\/wp\/v2\/users\/2"}],"replies":[{"embeddable":true,"href":"http:\/\/elcuartopoder.com.mx\/nw\/wp-json\/wp\/v2\/comments?post=74267"}],"version-history":[{"count":1,"href":"http:\/\/elcuartopoder.com.mx\/nw\/wp-json\/wp\/v2\/posts\/74267\/revisions"}],"predecessor-version":[{"id":74270,"href":"http:\/\/elcuartopoder.com.mx\/nw\/wp-json\/wp\/v2\/posts\/74267\/revisions\/74270"}],"wp:featuredmedia":[{"embeddable":true,"href":"http:\/\/elcuartopoder.com.mx\/nw\/wp-json\/wp\/v2\/media\/74271"}],"wp:attachment":[{"href":"http:\/\/elcuartopoder.com.mx\/nw\/wp-json\/wp\/v2\/media?parent=74267"}],"wp:term":[{"taxonomy":"category","embeddable":true,"href":"http:\/\/elcuartopoder.com.mx\/nw\/wp-json\/wp\/v2\/categories?post=74267"},{"taxonomy":"post_tag","embeddable":true,"href":"http:\/\/elcuartopoder.com.mx\/nw\/wp-json\/wp\/v2\/tags?post=74267"}],"curies":[{"name":"wp","href":"https:\/\/api.w.org\/{rel}","templated":true}]}}