{"id":74272,"date":"2019-11-15T20:41:49","date_gmt":"2019-11-16T01:41:49","guid":{"rendered":"http:\/\/elcuartopoder.com.mx\/nw\/?p=74272"},"modified":"2019-11-15T20:41:51","modified_gmt":"2019-11-16T01:41:51","slug":"la-corrupcion-limita-el-ejercicio-de-los-derechos-humanos-ministra-yasmin-esquivel","status":"publish","type":"post","link":"http:\/\/elcuartopoder.com.mx\/nw\/varios\/la-corrupcion-limita-el-ejercicio-de-los-derechos-humanos-ministra-yasmin-esquivel\/","title":{"rendered":"La corrupci\u00f3n limita el ejercicio de los derechos humanos: ministra Yasm\u00edn Esquivel"},"content":{"rendered":"\n<p>La ministra de la&nbsp;<strong>Suprema Corte de Justicia de la Naci\u00f3n<\/strong>, Yasm\u00edn Esquivel Mossa, advirti\u00f3 que la&nbsp;<strong>corrupci\u00f3n&nbsp;<\/strong>limita el ejercicio de derechos humanos, como servicios m\u00e9dicos, opciones educativas, viviendas dignas, alimentaci\u00f3n suficiente, la seguridad social y el nivel de vida adecuado.<\/p>\n\n\n\n<p>Las dificultades para acabar con la corrupci\u00f3n en M\u00e9xico se han debido, sobre todo, a la simulaci\u00f3n y complicidad en la que, por d\u00e9cadas, vivieron muchos pol\u00edticos y servidores p\u00fablicos, y a la ineficacia de las estrategias emprendidas en el pasado reciente para erradicarla, manifest\u00f3.<\/p>\n\n\n\n<p>La corrupci\u00f3n, se\u00f1al\u00f3 la ministra, es el segundo problema que los mexicanos perciben como m\u00e1s importante a nivel nacional, s\u00f3lo despu\u00e9s de la inseguridad y la delincuencia, por encima del desempleo.<\/p>\n\n\n\n<p>Durante su participaci\u00f3n en el Congreso Nacional \u201cLa justicia administrativa en el nuevo proyecto de pa\u00eds\u201d, en Tijuana, organizado por la Asociaci\u00f3n de Magistrados de Tribunales de Justicia Administrativa, Esquivel Mossa lament\u00f3 la forma en que la&nbsp;<strong>corrupci\u00f3n&nbsp;<\/strong>afecta los derechos humanos en M\u00e9xico. &nbsp;&nbsp;<\/p>\n\n\n\n<p>\u201cAfecta a los derechos humanos por distintas razones: porque al solicitar sobornos se condicionan o encarecen servicios p\u00fablicos; porque se inhibe la inversi\u00f3n que genera empleos e impulsa el crecimiento; porque realizando cobros (y pagos) ilegales se permiten acciones prohibidas\u201d, expuso.<\/p>\n\n\n\n<p>\u201cY dada la disminuci\u00f3n de recursos p\u00fablicos que tiene lugar cuando se desv\u00edan o malversan, en lugar de destinarse a pol\u00edticas, programas y acciones en beneficio de la sociedad\u201d.<\/p>\n\n\n\n<figure class=\"wp-block-image\"><img loading=\"lazy\" decoding=\"async\" width=\"768\" height=\"1024\" src=\"http:\/\/elcuartopoder.com.mx\/nw\/wp-content\/uploads\/2019\/11\/5ff11212-63dc-4ca5-95b6-a32c4ae2113b-768x1024.jpg\" alt=\"\" class=\"wp-image-74273\" srcset=\"http:\/\/elcuartopoder.com.mx\/nw\/wp-content\/uploads\/2019\/11\/5ff11212-63dc-4ca5-95b6-a32c4ae2113b-768x1024.jpg 768w, http:\/\/elcuartopoder.com.mx\/nw\/wp-content\/uploads\/2019\/11\/5ff11212-63dc-4ca5-95b6-a32c4ae2113b-225x300.jpg 225w, http:\/\/elcuartopoder.com.mx\/nw\/wp-content\/uploads\/2019\/11\/5ff11212-63dc-4ca5-95b6-a32c4ae2113b-696x928.jpg 696w, http:\/\/elcuartopoder.com.mx\/nw\/wp-content\/uploads\/2019\/11\/5ff11212-63dc-4ca5-95b6-a32c4ae2113b.jpg 960w\" sizes=\"auto, (max-width: 768px) 100vw, 768px\" \/><\/figure>\n\n\n\n<p>Pr\u00e1cticas deshonestas y fraudulentas, como sobornos, desv\u00edo de recursos y tr\u00e1fico de influencias, mencion\u00f3 la ministra, condicionan el ejercicio del derecho humano de acceso a la justicia, principalmente, trat\u00e1ndose de personas en situaci\u00f3n de pobreza.<\/p>\n\n\n\n<p>\u201cDe por s\u00ed batallan mucho para comprender y llevar cualquier juicio, ahora imag\u00ednense que adem\u00e1s tienen que pagar sobornos y enfrentar abusos\u201d.<\/p>\n\n\n\n<p>La ministra de la SCJN llam\u00f3 a construir una hoja de ruta y a emprender acciones para cumplir con la obligaci\u00f3n de propiciar la plena efectividad de los derechos humanos de todas las personas, a partir de disminuir los elevados \u00edndices de corrupci\u00f3n.<\/p>\n\n\n\n<p><strong>Fuente: <\/strong>eluniversal<\/p>\n","protected":false},"excerpt":{"rendered":"<p>La ministra de la&nbsp;Suprema Corte de Justicia de la Naci\u00f3n, Yasm\u00edn Esquivel Mossa, advirti\u00f3 que la&nbsp;corrupci\u00f3n&nbsp;limita el ejercicio de derechos humanos, como servicios m\u00e9dicos, opciones educativas, viviendas dignas, alimentaci\u00f3n suficiente, la seguridad social y el nivel de vida adecuado. Las dificultades para acabar con la corrupci\u00f3n en M\u00e9xico se han debido, sobre todo, a la [&hellip;]<\/p>\n","protected":false},"author":2,"featured_media":74274,"comment_status":"open","ping_status":"open","sticky":false,"template":"","format":"standard","meta":{"footnotes":""},"categories":[64],"tags":[],"class_list":["post-74272","post","type-post","status-publish","format-standard","has-post-thumbnail","hentry","category-varios"],"_links":{"self":[{"href":"http:\/\/elcuartopoder.com.mx\/nw\/wp-json\/wp\/v2\/posts\/74272","targetHints":{"allow":["GET"]}}],"collection":[{"href":"http:\/\/elcuartopoder.com.mx\/nw\/wp-json\/wp\/v2\/posts"}],"about":[{"href":"http:\/\/elcuartopoder.com.mx\/nw\/wp-json\/wp\/v2\/types\/post"}],"author":[{"embeddable":true,"href":"http:\/\/elcuartopoder.com.mx\/nw\/wp-json\/wp\/v2\/users\/2"}],"replies":[{"embeddable":true,"href":"http:\/\/elcuartopoder.com.mx\/nw\/wp-json\/wp\/v2\/comments?post=74272"}],"version-history":[{"count":1,"href":"http:\/\/elcuartopoder.com.mx\/nw\/wp-json\/wp\/v2\/posts\/74272\/revisions"}],"predecessor-version":[{"id":74275,"href":"http:\/\/elcuartopoder.com.mx\/nw\/wp-json\/wp\/v2\/posts\/74272\/revisions\/74275"}],"wp:featuredmedia":[{"embeddable":true,"href":"http:\/\/elcuartopoder.com.mx\/nw\/wp-json\/wp\/v2\/media\/74274"}],"wp:attachment":[{"href":"http:\/\/elcuartopoder.com.mx\/nw\/wp-json\/wp\/v2\/media?parent=74272"}],"wp:term":[{"taxonomy":"category","embeddable":true,"href":"http:\/\/elcuartopoder.com.mx\/nw\/wp-json\/wp\/v2\/categories?post=74272"},{"taxonomy":"post_tag","embeddable":true,"href":"http:\/\/elcuartopoder.com.mx\/nw\/wp-json\/wp\/v2\/tags?post=74272"}],"curies":[{"name":"wp","href":"https:\/\/api.w.org\/{rel}","templated":true}]}}