{"id":74526,"date":"2019-11-26T18:45:35","date_gmt":"2019-11-26T23:45:35","guid":{"rendered":"http:\/\/elcuartopoder.com.mx\/nw\/?p=74526"},"modified":"2019-11-26T18:45:37","modified_gmt":"2019-11-26T23:45:37","slug":"magra-cosecha-para-q-roo-en-la-vendimia-de-la-4t","status":"publish","type":"post","link":"http:\/\/elcuartopoder.com.mx\/nw\/estatales\/magra-cosecha-para-q-roo-en-la-vendimia-de-la-4t\/","title":{"rendered":"Magra cosecha para Q. Roo en la vendimia de la 4T"},"content":{"rendered":"\n<p>Dentro de los 147 proyectos con inversi\u00f3n privada que anunci\u00f3 esta ma\u00f1ana el presidente de M\u00e9xico, Andr\u00e9s Manuel L\u00f3pez Obrador, junto con el jefe de la Oficina de la Presidencia, Alfonso Romo, destacan 6 planteamientos para Quintana Roo en 2020.<\/p>\n\n\n\n<p>Sin embargo, ninguno de ellos es para infraestructura carretera, ni para movilidad, como puentes o pasos a desnivel para ciudades como Canc\u00fan y Playa del Carmen.<\/p>\n\n\n\n<p>En el primer paquete para el desarrollo sur-sureste, se contemplan 42 proyectos con inversiones asociadas por 137 mil 302 millones de pesos en carreteras, puertos, aeropuertos, energ\u00eda y turismo.<\/p>\n\n\n\n<p>Para Quintana Roo fueron incluidos 6 planteamientos, 4 en materia de turismo y 2 para los aeropuertos de Canc\u00fan y Cozumel.<\/p>\n\n\n\n<p>Aunque no se detall\u00f3 cada uno de los planes, los 4 proyectos tur\u00edsticos para la entidad est\u00e1n ubicados en Canc\u00fan, Playa del Carmen, Cozumel y Tulum, y podr\u00edan ser dentro del \u00e1mbito de la recuperaci\u00f3n de playas o infraestructura hotelera, empero, esto se precisar\u00e1 en enero pr\u00f3ximo.<\/p>\n\n\n\n<p>Por lo pronto en 2020 arrancar\u00e1 la primera fase de construcci\u00f3n de Grand Island Canc\u00fan (GIC), que contar\u00e1 con 3 mil habitaciones de hotel y un centro de convenciones, en el kil\u00f3metro 16.5 del bulevar Kukulc\u00e1n.<\/p>\n\n\n\n<p>En el caso del estado de Yucat\u00e1n, fueron incluidos tres proyectos, dos en la capital M\u00e9rida, uno de \u00edndole tur\u00edstico y otro para el aeropuerto; en tanto, para el puerto de Progreso tambi\u00e9n hay un plan. <\/p>\n\n\n\n<p><strong>Fuente:<\/strong> Noticaribe<\/p>\n","protected":false},"excerpt":{"rendered":"<p>Dentro de los 147 proyectos con inversi\u00f3n privada que anunci\u00f3 esta ma\u00f1ana el presidente de M\u00e9xico, Andr\u00e9s Manuel L\u00f3pez Obrador, junto con el jefe de la Oficina de la Presidencia, Alfonso Romo, destacan 6 planteamientos para Quintana Roo en 2020. Sin embargo, ninguno de ellos es para infraestructura carretera, ni para movilidad, como puentes o [&hellip;]<\/p>\n","protected":false},"author":2,"featured_media":74527,"comment_status":"open","ping_status":"open","sticky":false,"template":"","format":"standard","meta":{"footnotes":""},"categories":[60],"tags":[],"class_list":["post-74526","post","type-post","status-publish","format-standard","has-post-thumbnail","hentry","category-estatales"],"_links":{"self":[{"href":"http:\/\/elcuartopoder.com.mx\/nw\/wp-json\/wp\/v2\/posts\/74526","targetHints":{"allow":["GET"]}}],"collection":[{"href":"http:\/\/elcuartopoder.com.mx\/nw\/wp-json\/wp\/v2\/posts"}],"about":[{"href":"http:\/\/elcuartopoder.com.mx\/nw\/wp-json\/wp\/v2\/types\/post"}],"author":[{"embeddable":true,"href":"http:\/\/elcuartopoder.com.mx\/nw\/wp-json\/wp\/v2\/users\/2"}],"replies":[{"embeddable":true,"href":"http:\/\/elcuartopoder.com.mx\/nw\/wp-json\/wp\/v2\/comments?post=74526"}],"version-history":[{"count":1,"href":"http:\/\/elcuartopoder.com.mx\/nw\/wp-json\/wp\/v2\/posts\/74526\/revisions"}],"predecessor-version":[{"id":74529,"href":"http:\/\/elcuartopoder.com.mx\/nw\/wp-json\/wp\/v2\/posts\/74526\/revisions\/74529"}],"wp:featuredmedia":[{"embeddable":true,"href":"http:\/\/elcuartopoder.com.mx\/nw\/wp-json\/wp\/v2\/media\/74527"}],"wp:attachment":[{"href":"http:\/\/elcuartopoder.com.mx\/nw\/wp-json\/wp\/v2\/media?parent=74526"}],"wp:term":[{"taxonomy":"category","embeddable":true,"href":"http:\/\/elcuartopoder.com.mx\/nw\/wp-json\/wp\/v2\/categories?post=74526"},{"taxonomy":"post_tag","embeddable":true,"href":"http:\/\/elcuartopoder.com.mx\/nw\/wp-json\/wp\/v2\/tags?post=74526"}],"curies":[{"name":"wp","href":"https:\/\/api.w.org\/{rel}","templated":true}]}}