{"id":74581,"date":"2019-11-28T19:07:34","date_gmt":"2019-11-29T00:07:34","guid":{"rendered":"http:\/\/elcuartopoder.com.mx\/nw\/?p=74581"},"modified":"2019-11-28T19:07:36","modified_gmt":"2019-11-29T00:07:36","slug":"alex-lebaron-ex-diputado-priista-en-la-era-cesar-duarte-levanta-polvo-por-pedirle-ayuda-a-trump","status":"publish","type":"post","link":"http:\/\/elcuartopoder.com.mx\/nw\/politica\/alex-lebaron-ex-diputado-priista-en-la-era-cesar-duarte-levanta-polvo-por-pedirle-ayuda-a-trump\/","title":{"rendered":"Alex LeBar\u00f3n, ex Diputado priista en la era C\u00e9sar Duarte, levanta polvo por pedirle ayuda a Trump"},"content":{"rendered":"\n<p>Ciudad de M\u00e9xico.- \u201cNo abogamos por \u2018invasi\u00f3n\u2019, ya estamos invadidos por c\u00e1rteles terroristas en territorio mexicano\u2026 Exigimos coordinaci\u00f3n real entre ambos pa\u00edses!\u2026\u201d, public\u00f3 el pol\u00edtico integrante de la comunidad mormona Alex LeBar\u00f3n, despu\u00e9s que el Presidente de Estados Unidos, Donald Trump, dijo que pretende designar como Organizaciones Terroristas Extranjeras a los c\u00e1rteles mexicanos.<\/p>\n\n\n\n<p>El anuncio del Presidente estadounidense la noche de este martes cay\u00f3 como \u201cbomba\u201d. La clasificaci\u00f3n a los c\u00e1rteles mexicanos como terroristas le permitir\u00eda al Gobierno de Estados Unidos una intervenci\u00f3n unilateral, es decir, sin pedir permiso en territorio nacional, destacaron los medios en el pa\u00eds.<\/p>\n\n\n\n<p>La atenci\u00f3n p\u00fablica volte\u00f3 a los integrantes de la comunidad LeBar\u00f3n, pues esta familia desde el pasado 4 de noviembre a pedido que los c\u00e1rteles de M\u00e9xico sean nombrados como terroristas, esto a ra\u00edz de la masacre de tres mujeres y seis infantes en Bavispe, Sonora; y el pasado domingo formalizaron la solicitud con una petici\u00f3n a la Casa Blanca.<\/p>\n\n\n\n<p>En cuesti\u00f3n de horas en las redes sociales empezaron a culpar a la familia LeBar\u00f3n por la reacci\u00f3n de Trump y atacar a los integrantes de la comunidad mormona, primero, bajo el hashtag #FueraLeBarondeM\u00e9xico, seguido de otros como #LebaronTraidoresDeLaPatria. Las tendencias duraron horas.<\/p>\n\n\n\n<p>Algunos integrantes de la familia LeBar\u00f3n, como Adri\u00e1n y Alex, explicaron en diversos medios de comunicaci\u00f3n que su solicitud giraba en torno a reconocer que los grupos del crimen organizado en M\u00e9xico operan con t\u00e1cticas de terror. Dijeron que su demanda es para que se ejecute una pol\u00edtica binacional efectiva contra el crimen, con base a una coordinaci\u00f3n real para generar estrategias conjuntas y combatir  a la delincuencia organizada.<\/p>\n\n\n\n<p>Adem\u00e1s, aclararon que no pretend\u00edan que su solicitud tuviera una implicaci\u00f3n mayor, como la de una intervenci\u00f3n militar estadounidense en territorio mexicano.<\/p>\n\n\n\n<p>\u201cEstamos buscando que el Gobierno de Estados Unidos y el mexicano reconozcan lo que es una realidad: los c\u00e1rteles mexicanos se han vuelto tan poderosos que no tienen control, y el Gobierno mexicano no tiene la capacidad de negociar con ellos [\u2026] los gobiernos de todos los niveles no han tenido la capacidad de imponer su autoridad constitucional y ante ello han crecido con tal crueldad y grado, no tenemos otra opci\u00f3n que denominarlos c\u00e1rteles del terror\u201d, dijo Alex LeBaron en una entrevista en el programa Los Periodistas.<\/p>\n\n\n\n<p>LeBar\u00f3n Gonz\u00e1lez destac\u00f3 que \u201ccuando hablamos de enfrentarlos no hablamos de intervenci\u00f3n sino de una coordinaci\u00f3n\u201d. Adem\u00e1s, reconoci\u00f3 que los c\u00e1rteles se afianzaron en M\u00e9xico a ra\u00edz de la corrupci\u00f3n en administraciones del PRI y tras la declaratoria de \u201cGuerra contra el Narco\u201d, del ex Presidente, Felipe Calder\u00f3n Hinojosa. \u201d Totalmente de acuerdo\u201d, dijo, \u201cla historia no la podemos cambiar, lo que s\u00ed podemos hacer es tomar mejores decisiones [\u2026]\u201d, y a\u00f1adi\u00f3 que la responsabilidad ahora es del Gobierno en turno.<\/p>\n\n\n\n<p>En la historia reciente, a la familia LeBar\u00f3n en M\u00e9xico se le ubica en la pol\u00edtica y activismo a ra\u00edz del asesinato de Benjam\u00edn en 2009, despu\u00e9s del secuestro de Erick que provoc\u00f3 un fuerte movimiento. En el activismo destaca Juli\u00e1n LeBar\u00f3n, sin embargo en el \u00e1mbito pol\u00edtico quien ha incursionado es Alex LeBar\u00f3n Gonz\u00e1lez, y lo hizo dentro de las filas del Partido Revolucionario Institucional (PRI).<\/p>\n\n\n\n<p>Alex LeBar\u00f3n cobr\u00f3 mayor notoriedad tras la masacre, al informar v\u00eda Twitter sobre la tragedia de la familia y compartir videos de sus integrantes, principalmente del ni\u00f1o Trevor, una de las v\u00edctimas. Las im\u00e1genes se hicieron virales, al tiempo en que el pol\u00edtico chihuahuense reclamaba por la inseguridad.<\/p>\n\n\n\n<p>LeBar\u00f3n Gonz\u00e1lez, de 39 a\u00f1os de edad, incursion\u00f3 en la pol\u00edtica desde el a\u00f1o 2000 como asesor y colaborador en la Comisi\u00f3n de Relaciones Exteriores de la C\u00e1mara de Diputados federal.<\/p>\n\n\n\n<p>En el 2002 egres\u00f3 de la Licenciatura en Administraci\u00f3n de Empresas por la Universidad Estatal de Nuevo M\u00e9xico-Las Cruces, EU.<\/p>\n\n\n\n<p>LeBar\u00f3n empez\u00f3 a figurar en la pol\u00edtica local de Chihuahua cuando fue l\u00edder movimiento campesino Agrodin\u00e1mica Nacional, en el municipio de Galeana, Chihuahua, de 2008 a 2010, periodo posterior al asesinato del reconocido activista Armando Villarreal Martha, el 14 de marzo de 2008, en Nuevo Casas Grandes, al noroeste del estado de Chihuahua.<\/p>\n\n\n\n<p>El crimen de Villareal Martha conmocion\u00f3 en su momento, al ser un defensor de los derechos del sector agropecuario, que se destac\u00f3 por su lucha para la revisi\u00f3n las tarifas el\u00e9ctricas, as\u00ed como de los combustibles y fertilizantes para el consumo agr\u00edcola. Adem\u00e1s, se ser opositor al Tratado de Libre Comercio.<\/p>\n\n\n\n<p>Su incursi\u00f3n como pol\u00edtico inici\u00f3 desde las filas del Partido Revolucionario Institucional: primero fue Consejero pol\u00edtico estatal de la Confederaci\u00f3n Nacional Campesina, en 2009m, y luego coordinador de precampa\u00f1as en los procesos a Gobernador.<\/p>\n\n\n\n<p>LeBar\u00f3n Gonz\u00e1lez fue Diputado local del 2010 al 2013, esto es en la primera mitad del sexenio del priista C\u00e9sar Duarte J\u00e1quez \u2013quien tuvo control de ese partido en la entidad y hoy es pr\u00f3fugo de la justicia\u2013, y luego delegado de la Comisi\u00f3n Nacional del Agua en Chihuahua, entre el 2010 a 2015. Despu\u00e9s, tambi\u00e9n fue legislador federal.<\/p>\n\n\n\n<p>A la fecha, LeBar\u00f3n asegur\u00f3 que ya no incursiona en la vida pol\u00edtica y que no tienes planes de hacerlo. En entrevista con Los Periodistas, LeBar\u00f3n incluso se deslind\u00f3 del PRI, partido que lo impuls\u00f3:<\/p>\n\n\n\n<p>\u201c[Ahora ] Hablo en calidad de ciudadano. Mi participaci\u00f3n pol\u00edtica termin\u00f3 hace m\u00e1s de un a\u00f1o y no tengo, ni he tenido intenciones de regresar a la actividad pol\u00edtica y mucho menos con el partido por el cual particip\u00e9 algunos a\u00f1os\u201d.<\/p>\n\n\n\n<p><strong>PETICI\u00d3N DE NOMBRAR A LOS CARTELES<\/strong><\/p>\n\n\n\n<p>La masacre a tres mujeres y seis ni\u00f1os de la familia Langford y LeBar\u00f3n provoc\u00f3 que algunos de sus integrantes solicitaran v\u00eda redes el apoyo de Estados Unidos, algunos en concreto a Donald Trump bajo el hashtag #helpmxusa.<\/p>\n\n\n\n<p>Integrantes de la comunidad LeBar\u00f3n calificaron en sus redes como grupos terroristas a los c\u00e1rteles de droga y salaron que, si L\u00f3pez Obrador no acepta la participaci\u00f3n de Estados Unidos para erradicarlos con una fuerza militar, como la que ha \u201cerradicado a ISIS\u201d, significar\u00eda que el Gobierno mexicano est\u00e1 involucrado con los grupos criminales y \u201cdeber\u00eda ser considerado ileg\u00edtimo en este momento\u201d, escribi\u00f3 entonces Jacob LeBar\u00f3n.<\/p>\n\n\n\n<p>El domingo pasado, la familia LeBar\u00f3n solicit\u00f3 formalmente a la Casa Blanca que designe a los c\u00e1rteles mexicanos como organizaciones terroristas extranjeras, luego del asesinato de nueve miembros de su comunidad en los l\u00edmites de Chihuahua y Sonora.<\/p>\n\n\n\n<p>La petici\u00f3n, difundida a trav\u00e9s de la p\u00e1gina web Petitions White House, acusa que los grupos del crimen organizado buscan crear un narco-Estado en M\u00e9xico y asegura que los c\u00e1rteles mexicanos \u201cson terroristas y es hora de reconocerlo\u201d.<\/p>\n\n\n\n<p>\u201cNo podemos permitirnos continuar con las mismas pol\u00edticas fallidas que se usan para combatir el crimen organizado. \u00a1Son terroristas, y es hora de reconocerlo!\u201d, se lee en la petici\u00f3n difundida a trav\u00e9s de la p\u00e1gina web Petitions White House.<\/p>\n\n\n\n<p><strong>LOS CONSERVADORES DETR\u00c1S<\/strong><\/p>\n\n\n\n<p>Los reclamos de la familia no tardaron en ser usados por grupos pol\u00edticos conservadores de Estados Unidos, quienes renovaron la intenci\u00f3n, \u2013que han tenido desde hace a\u00f1os antes\u2013, que los grupos criminales sean considerados como \u201cterroristas\u201d.<\/p>\n\n\n\n<p>La intencionalidad de Trump de clasificar a los c\u00e1rteles de la droga como terroristas no es nuevo. El mismo Presidente de Estados Unidos indic\u00f3 al informar en su tuit, que desde hace tres meses ya trabajan en ello.<\/p>\n\n\n\n<p>Desde el inicio la cr\u00edtica del Presidente de Estados Unidos a M\u00e9xico en el tema de narcotr\u00e1fico y delincuencia organizada ha sido constante. En agosto pasado, el presidente estadounidense amenaz\u00f3 con quitar \u201cdescertificar a M\u00e9xico\u201d en su lucha contra el crimen organizado.<\/p>\n\n\n\n<p>No obstante, la b\u00fasqueda por clasificar los c\u00e1rteles ha sido un tema en la agenda de los grupos conservadores de estados unidos, desde hace varios atr\u00e1s.<\/p>\n\n\n\n<p>Guadalupe Correa-Cabrera, profesora asociada de la Escuela Schar de Pol\u00edtica y Gobierno en la Universidad de George Mason, record\u00f3 que desde hace m\u00e1s de una d\u00e9cada se han tenido varios intentos importantes en Estados Unidos por tratar catalogar a las estructuras del narcotr\u00e1fico en M\u00e9xico como terroristas extranjeros.<\/p>\n\n\n\n<p>\u201cCongresos locales y ciertos legisladoras han intentado o tratar que los c\u00e1rteles mexicanos catalogarlas como organizaciones terroristas y vincularlas a Hezbollah por una investigaci\u00f3n de un banco Liban\u00e9s donde presuntamente hab\u00eda recursos, tanto de los Zetas como de Hezbollah, pero eso esto nunca se prob\u00f3 bien, no se vincul\u00f3 bien\u201d, narr\u00f3.<\/p>\n\n\n\n<p>En marzo de 2011, el republicano Michael McCaul present\u00f3 ante la C\u00e1mara una iniciativa de ley para incluir a seis c\u00e1rteles mexicanos \u2013entre ellos, a Arellano F\u00e9lix, los Beltr\u00e1n Leyva, La Familia Michoacana, el c\u00e1rtel de Sinaloa, el c\u00e1rtel del Golfo y Los Zetas\u2013 en la lista de \u201corganizaciones terroristas extranjeras\u201d, para limitar sus intereses financieros y otros bienes, y dar castigo a quienes les den apoyo log\u00edstico. En 2015, Barry McCaffrey, ex zar antidrogas de EUA, se\u00f1alaba que el narco mexicano era hasta m\u00e1s peligroso que grupos extremistas del estado Isl\u00e1mico (ISIS).<\/p>\n\n\n\n<p>En 2017, nuevamente McCaul puso el tema en la agenda medi\u00e1tica: el congresista republicano le pregunt\u00f3 \u2013durante una comparecencia\u2013 al Secretario de Estado de Estados Unidos, Rex Tillerson, si estaba de acuerdo con el Secretario de Seguridad, John Kelly, en relaci\u00f3n a que los c\u00e1rteles mexicanos tienen nexos con organizaciones terrorista. Rex Tillerson respondi\u00f3 afirmativamente: \u201cClaramente vemos estas conexiones de estas actividades con organizaciones terroristas, incluyendo el Estado Isl\u00e1mico de Irak y Siria (ISIS)\u201d.<\/p>\n\n\n\n<p>A inicios de noviembre pasado, ya ocurrida la masacre a Lebar\u00f3n, congresistas de Estados Unidos pidieron que se modifique el estatus legal de las organizaciones criminales en M\u00e9xico a \u201cterroristas\u201d para poder ordenar operaciones militares en suelo M\u00e9xico, como se hace en Irak, Afganist\u00e1n, Siria y otros pa\u00edses, sobre todo de Oriente Medio y Asia Menor.<\/p>\n\n\n\n<p>En una entrevista con Fox News, el Senador estadounidense Tom Cotton dijo: \u201cSi el Gobierno mexicano no puede proteger a los ciudadanos estadounidenses en M\u00e9xico, en Estados Unidos tal vez tengamos que tomar las cosas en nuestras manos\u201d.<\/p>\n\n\n\n<p>El Senador republicano Lindsey Graham anunci\u00f3 que propondr\u00e1 una reforma de ley para calificar a los c\u00e1rteles mexicanos \u201cOrganizaciones Terroristas Extranjeras\u201d. El Ej\u00e9rcito de Estados Unidos opera, justificado en ese estatus, en varios pa\u00edses del mundo. No tiene que consultar con autoridades locales cuando realiza ataques que considera de \u201cleg\u00edtima defensa\u201d porque est\u00e1n justificados en su propia legislaci\u00f3n como ataques \u201cpreventivos\u201d.<\/p>\n\n\n\n<p>La postura de los congresistas da seguimiento a las declaraciones hechos por Donald Trump, quien no tard\u00f3 en recomendar al Presidente de M\u00e9xico,Andr\u00e9s Manuel L\u00f3pez Obrador utilizar \u201cun ej\u00e9rcito para derrotar a un ej\u00e9rcito\u201d, a ra\u00edz de la matanza LeBar\u00f3n.<\/p>\n\n\n\n<p>Despu\u00e9s de que Trump asegurara que se clasificar\u00e1n como grupos terroristas a los c\u00e1rteles de la droga mexicanos, Marcelo Ebrard Casaub\u00f3n, Secretario de Relaciones Exteriores, dijo que M\u00e9xico no permitir\u00e1 que se viole su soberan\u00eda.<\/p>\n\n\n\n<p>El Canciller mexicano consider\u00f3 este lunes \u201cinnecesario\u201d calificar de \u201cterrorismo\u201d la actividad de los c\u00e1rteles tal y como pidieron al Gobierno de Estados Unidos familias mormonas v\u00edctimas de la masacre del 4 de noviembre.<\/p>\n\n\n\n<p>Por su parte, el Presidente, Andr\u00e9s Manuel L\u00f3pez Obrador respondi\u00f3 \u201cCooperaci\u00f3n, s\u00ed; intervencionismo, no. Y all\u00ed lo dejamos\u201d.<\/p>\n\n\n\n<p><strong>Fuente: <\/strong>sinembargo<\/p>\n","protected":false},"excerpt":{"rendered":"<p>Ciudad de M\u00e9xico.- \u201cNo abogamos por \u2018invasi\u00f3n\u2019, ya estamos invadidos por c\u00e1rteles terroristas en territorio mexicano\u2026 Exigimos coordinaci\u00f3n real entre ambos pa\u00edses!\u2026\u201d, public\u00f3 el pol\u00edtico integrante de la comunidad mormona Alex LeBar\u00f3n, despu\u00e9s que el Presidente de Estados Unidos, Donald Trump, dijo que pretende designar como Organizaciones Terroristas Extranjeras a los c\u00e1rteles mexicanos. El anuncio [&hellip;]<\/p>\n","protected":false},"author":2,"featured_media":74582,"comment_status":"open","ping_status":"open","sticky":false,"template":"","format":"standard","meta":{"footnotes":""},"categories":[61],"tags":[],"class_list":["post-74581","post","type-post","status-publish","format-standard","has-post-thumbnail","hentry","category-politica"],"_links":{"self":[{"href":"http:\/\/elcuartopoder.com.mx\/nw\/wp-json\/wp\/v2\/posts\/74581","targetHints":{"allow":["GET"]}}],"collection":[{"href":"http:\/\/elcuartopoder.com.mx\/nw\/wp-json\/wp\/v2\/posts"}],"about":[{"href":"http:\/\/elcuartopoder.com.mx\/nw\/wp-json\/wp\/v2\/types\/post"}],"author":[{"embeddable":true,"href":"http:\/\/elcuartopoder.com.mx\/nw\/wp-json\/wp\/v2\/users\/2"}],"replies":[{"embeddable":true,"href":"http:\/\/elcuartopoder.com.mx\/nw\/wp-json\/wp\/v2\/comments?post=74581"}],"version-history":[{"count":1,"href":"http:\/\/elcuartopoder.com.mx\/nw\/wp-json\/wp\/v2\/posts\/74581\/revisions"}],"predecessor-version":[{"id":74583,"href":"http:\/\/elcuartopoder.com.mx\/nw\/wp-json\/wp\/v2\/posts\/74581\/revisions\/74583"}],"wp:featuredmedia":[{"embeddable":true,"href":"http:\/\/elcuartopoder.com.mx\/nw\/wp-json\/wp\/v2\/media\/74582"}],"wp:attachment":[{"href":"http:\/\/elcuartopoder.com.mx\/nw\/wp-json\/wp\/v2\/media?parent=74581"}],"wp:term":[{"taxonomy":"category","embeddable":true,"href":"http:\/\/elcuartopoder.com.mx\/nw\/wp-json\/wp\/v2\/categories?post=74581"},{"taxonomy":"post_tag","embeddable":true,"href":"http:\/\/elcuartopoder.com.mx\/nw\/wp-json\/wp\/v2\/tags?post=74581"}],"curies":[{"name":"wp","href":"https:\/\/api.w.org\/{rel}","templated":true}]}}