{"id":74613,"date":"2019-11-29T19:45:40","date_gmt":"2019-11-30T00:45:40","guid":{"rendered":"http:\/\/elcuartopoder.com.mx\/nw\/?p=74613"},"modified":"2019-11-29T19:45:42","modified_gmt":"2019-11-30T00:45:42","slug":"la-corte-electoral-da-la-victoria-por-la-minima-a-lacalle-pou-en-las-presidenciales-de-uruguay","status":"publish","type":"post","link":"http:\/\/elcuartopoder.com.mx\/nw\/internacionales\/la-corte-electoral-da-la-victoria-por-la-minima-a-lacalle-pou-en-las-presidenciales-de-uruguay\/","title":{"rendered":"La Corte Electoral da la victoria por la m\u00ednima a Lacalle Pou en las presidenciales de Uruguay"},"content":{"rendered":"\n<p>El recuento de la Corte Electoral uruguaya ha dado este jueves la victoria por la m\u00ednima a Luis Lacalle Pou. Aunque el conteo no ha finalizado \u2014el resultado definitivo se dar\u00e1 a conocer el s\u00e1bado\u2014, la diferencia de votos es ya suficiente como para anunciar el ganador. Con la victoria de la coalici\u00f3n conservadora, que re\u00fane a varios partidos incluyendo a la extrema derecha de Cabildo Abierto, terminan 15 a\u00f1os de Gobierno del izquierdista Frente Amplio.<\/p>\n\n\n\n<p>La votaci\u00f3n del pasado domingo dej\u00f3 la imagen de un pa\u00eds dividido en dos fuertes bloques enfrentados. El escrutinio tras la jornada electoral se cerr\u00f3 con un 48,71% para Lacalle Pou y un 47,51% para Mart\u00ednez. Una diferencia tan m\u00ednima que la Corte Electoral no pudo dar un ganador el domingo y oblig\u00f3 a un recuento de los votos. <\/p>\n\n\n\n<p>\u00abLa evoluci\u00f3n del escrutinio de los votos observados no modifica la tendencia. Por lo tanto, saludamos al presidente electo Luis Lacalle Pou, con quien mantendr\u00e9 una reuni\u00f3n ma\u00f1ana\u00bb, ha asegurado Mart\u00ednez este jueves en su cuenta de Twitter.<\/p>\n\n\n\n<p>En estos d\u00edas de espera, Lacalle Pou, que part\u00eda como favorito, ha ido configurando su gabinete. Aunque no hay nada confirmado, el economista Ernesto Talvi, l\u00edder del Partido Colorado, suena como ministro de Exteriores. La cartera clave de Interior estar\u00eda encabezada por el dirigente hist\u00f3rico del Partido Nacional, Jorge Larra\u00f1aga, quien impuls\u00f3 un refer\u00e9ndum que propon\u00eda luchar contra la delincuencia con una bater\u00eda de medidas represivas. Larra\u00f1aga perdi\u00f3 la consulta, pero su iniciativa le sirvi\u00f3 para propulsarse como un referente contra la inseguridad.<\/p>\n\n\n\n<p>La atenci\u00f3n est\u00e1 centrada en qu\u00e9 carteras tendr\u00e1 la extrema derecha de Cabildo Abierto. Entre las posibilidades que se barajan est\u00e1 que se ocupe de Sanidad. El manejo de la salud por parte de este partido, encabezado por un militar retirado, preocupa especialmente a las organizaciones feministas, ya que ese ministerio tiene un papel clave en la implementaci\u00f3n de la ley que despenaliz\u00f3 el aborto en 2012.<\/p>\n\n\n\n<p>La coalici\u00f3n ha asegurado que no alterar\u00e1 la \u201cagenda de derechos\u201d que impuls\u00f3 el Frente Amplio en los \u00faltimos 15 a\u00f1os y que incluye la legalizaci\u00f3n de la marihuana, el matrimonio homosexual o la ley de personas trans. Sin embargo, el aborto legal tiene aspectos que pueden llegar a cuestionarse, ya que la ley establece que las mujeres tienen que reunirse con un equipo interdisciplinario y tomarse cinco d\u00edas de reflexi\u00f3n antes de poder interrumpir su embarazo, algo que debe hacerse con rapidez para que todo entre dentro del periodo de las 12 semanas legales. Por otro lado, algunos m\u00e9dicos se han declarado objetores de conciencia, dejando amplias regiones del pa\u00eds sin acceso al aborto. Una situaci\u00f3n que fue resuelta con personal sanitario itinerante enviado por el Ministerio de Salud.<\/p>\n\n\n\n<p>Luis Lacalle Pou, de 46 a\u00f1os de edad, es el l\u00edder del Partido Nacional, hijo y bisnieto de presidentes de esta formaci\u00f3n pol\u00edtica uruguaya. Abogado de profesi\u00f3n, entr\u00f3 en el Parlamento como diputado a los 20 a\u00f1os, ocupando la suplencia que dej\u00f3 su madre. Desde entonces se dedic\u00f3 a la tarea legislativa. Los analistas sit\u00faan al pr\u00f3ximo presidente de Uruguay dentro de la derecha cristiana, de hecho, algunos de sus referentes y el probable ministro de Desarrollo Social, Pablo Bartol, pertenecen al Opus Dei.<\/p>\n\n\n\n<p>Lacalle Pou ha prometido mejorar la econom\u00eda, que en los \u00faltimos a\u00f1os ha dado se\u00f1ales de estancamiento, con una subida del desempleo y un aumento del d\u00e9ficit p\u00fablico. Su equipo prev\u00e9 una reforma de los impuestos a los productores agr\u00edcolas y varias medidas para fomentar el emprendimiento. Su administraci\u00f3n tambi\u00e9n se centrar\u00e1 en la lucha contra el aumento de la delincuencia, una de las mayores preocupaciones de los uruguayos y que el Frente Amplio no supo frenar en sus sucesivos Gobiernos.<\/p>\n\n\n\n<p>El Frente Amplio se prepara para pasar a la oposici\u00f3n, bajo el liderazgo de Daniel Mart\u00ednez reforzado por su inesperado resultado electoral en la segunda vuelta. Pese a que la semana anterior a los comicios los sondeos daban una victoria holgada a la derecha, Mart\u00ednez logr\u00f3 en los \u00faltimos d\u00edas reducir esa diferencia. La compleja coalici\u00f3n de izquierdas se mantiene como el mayor partido de Uruguay, pero no tiene mayor\u00eda en el Parlamento y si la coalici\u00f3n gobernante se mantiene cohesionada, tendr\u00e1 poco margen de acci\u00f3n.<\/p>\n\n\n\n<p><strong>Fuente:<\/strong> elpa\u00eds<\/p>\n","protected":false},"excerpt":{"rendered":"<p>El recuento de la Corte Electoral uruguaya ha dado este jueves la victoria por la m\u00ednima a Luis Lacalle Pou. Aunque el conteo no ha finalizado \u2014el resultado definitivo se dar\u00e1 a conocer el s\u00e1bado\u2014, la diferencia de votos es ya suficiente como para anunciar el ganador. Con la victoria de la coalici\u00f3n conservadora, que [&hellip;]<\/p>\n","protected":false},"author":2,"featured_media":74614,"comment_status":"open","ping_status":"open","sticky":false,"template":"","format":"standard","meta":{"footnotes":""},"categories":[8],"tags":[],"class_list":["post-74613","post","type-post","status-publish","format-standard","has-post-thumbnail","hentry","category-internacionales"],"_links":{"self":[{"href":"http:\/\/elcuartopoder.com.mx\/nw\/wp-json\/wp\/v2\/posts\/74613","targetHints":{"allow":["GET"]}}],"collection":[{"href":"http:\/\/elcuartopoder.com.mx\/nw\/wp-json\/wp\/v2\/posts"}],"about":[{"href":"http:\/\/elcuartopoder.com.mx\/nw\/wp-json\/wp\/v2\/types\/post"}],"author":[{"embeddable":true,"href":"http:\/\/elcuartopoder.com.mx\/nw\/wp-json\/wp\/v2\/users\/2"}],"replies":[{"embeddable":true,"href":"http:\/\/elcuartopoder.com.mx\/nw\/wp-json\/wp\/v2\/comments?post=74613"}],"version-history":[{"count":1,"href":"http:\/\/elcuartopoder.com.mx\/nw\/wp-json\/wp\/v2\/posts\/74613\/revisions"}],"predecessor-version":[{"id":74615,"href":"http:\/\/elcuartopoder.com.mx\/nw\/wp-json\/wp\/v2\/posts\/74613\/revisions\/74615"}],"wp:featuredmedia":[{"embeddable":true,"href":"http:\/\/elcuartopoder.com.mx\/nw\/wp-json\/wp\/v2\/media\/74614"}],"wp:attachment":[{"href":"http:\/\/elcuartopoder.com.mx\/nw\/wp-json\/wp\/v2\/media?parent=74613"}],"wp:term":[{"taxonomy":"category","embeddable":true,"href":"http:\/\/elcuartopoder.com.mx\/nw\/wp-json\/wp\/v2\/categories?post=74613"},{"taxonomy":"post_tag","embeddable":true,"href":"http:\/\/elcuartopoder.com.mx\/nw\/wp-json\/wp\/v2\/tags?post=74613"}],"curies":[{"name":"wp","href":"https:\/\/api.w.org\/{rel}","templated":true}]}}