{"id":74959,"date":"2019-12-13T19:46:35","date_gmt":"2019-12-14T00:46:35","guid":{"rendered":"http:\/\/elcuartopoder.com.mx\/nw\/?p=74959"},"modified":"2019-12-13T19:46:39","modified_gmt":"2019-12-14T00:46:39","slug":"podria-mario-villanueva-pasar-navidad-en-casa-entregan-senadores-de-morena-solicitud-y-olga-sanchez-ofrece-hacer-todo-lo-posible","status":"publish","type":"post","link":"http:\/\/elcuartopoder.com.mx\/nw\/politica\/podria-mario-villanueva-pasar-navidad-en-casa-entregan-senadores-de-morena-solicitud-y-olga-sanchez-ofrece-hacer-todo-lo-posible\/","title":{"rendered":"Podr\u00eda Mario Villanueva pasar navidad en casa: entregan senadores de morena solicitud y Olga S\u00e1nchez ofrece \u201chacer todo lo posible\u201d"},"content":{"rendered":"\n<p>CIUDAD DE M\u00c9XICO.- Encabezados por Marybel Villegas Canch\u00e9, alrededor de 40 senadores de MORENA presentaron una solicitud al presidente de la Rep\u00fablica, Andr\u00e9s Manuel L\u00f3pez Obrador, para que se le conceda al ex gobernador del Estado, Mario Villanueva, una preliberaci\u00f3n o se le otorgue el beneficio del indulto.<\/p>\n\n\n\n<p>Mediante un comunicado de prensa, se inform\u00f3 que la solicitud fue recibida por la secretaria de Gobernaci\u00f3n, Olga S\u00e1nchez Cordero, en sus oficinas de Bucareli en la Ciudad de M\u00e9xico. Adem\u00e1s, realizaron una declaraci\u00f3n conjunta en donde la secretaria se\u00f1al\u00f3 que se har\u00e1 todo lo posible para que el ex gobernador pase Navidad en su casa con su familia.<\/p>\n\n\n\n<p>\u201cLa solicitud que hoy presentamos es en respuesta a la petici\u00f3n hecha por familiares del ex Gobernador para que sea considerado su deteriorado estado de salud como la principal para su preliberaci\u00f3n\u201d, se\u00f1al\u00f3 al respecto Marybel Villegas, representante del Estado en el Senado.<\/p>\n\n\n\n<p>La legisladora manifest\u00f3 que la petici\u00f3n cuenta con el respaldo del Grupo Parlamentario de MORENA, pues consideran que es un acto humanitario el apoyar al ex funcionario en el tratamiento de sus diversos padecimientos.<\/p>\n\n\n\n<p>Agradeci\u00f3 especialmente al coordinador de la bancada de MORENA y presidente de la Junta de Coordinaci\u00f3n Pol\u00edtica, Ricardo Monreal \u00c1vila.<\/p>\n\n\n\n<p>El s\u00e1bado pasado en la Ciudad de Canc\u00fan durante el primer informe legislativo de Marybel Villegas, el senador Monreal hizo el compromiso p\u00fablico para ayudar a la pronta liberaci\u00f3n del ex gobernador de Quintana Roo. <\/p>\n\n\n\n<p><strong>Fuente:<\/strong> Noticaribe<\/p>\n","protected":false},"excerpt":{"rendered":"<p>CIUDAD DE M\u00c9XICO.- Encabezados por Marybel Villegas Canch\u00e9, alrededor de 40 senadores de MORENA presentaron una solicitud al presidente de la Rep\u00fablica, Andr\u00e9s Manuel L\u00f3pez Obrador, para que se le conceda al ex gobernador del Estado, Mario Villanueva, una preliberaci\u00f3n o se le otorgue el beneficio del indulto. Mediante un comunicado de prensa, se inform\u00f3 [&hellip;]<\/p>\n","protected":false},"author":2,"featured_media":74960,"comment_status":"open","ping_status":"open","sticky":false,"template":"","format":"standard","meta":{"footnotes":""},"categories":[61],"tags":[],"class_list":["post-74959","post","type-post","status-publish","format-standard","has-post-thumbnail","hentry","category-politica"],"_links":{"self":[{"href":"http:\/\/elcuartopoder.com.mx\/nw\/wp-json\/wp\/v2\/posts\/74959","targetHints":{"allow":["GET"]}}],"collection":[{"href":"http:\/\/elcuartopoder.com.mx\/nw\/wp-json\/wp\/v2\/posts"}],"about":[{"href":"http:\/\/elcuartopoder.com.mx\/nw\/wp-json\/wp\/v2\/types\/post"}],"author":[{"embeddable":true,"href":"http:\/\/elcuartopoder.com.mx\/nw\/wp-json\/wp\/v2\/users\/2"}],"replies":[{"embeddable":true,"href":"http:\/\/elcuartopoder.com.mx\/nw\/wp-json\/wp\/v2\/comments?post=74959"}],"version-history":[{"count":1,"href":"http:\/\/elcuartopoder.com.mx\/nw\/wp-json\/wp\/v2\/posts\/74959\/revisions"}],"predecessor-version":[{"id":74961,"href":"http:\/\/elcuartopoder.com.mx\/nw\/wp-json\/wp\/v2\/posts\/74959\/revisions\/74961"}],"wp:featuredmedia":[{"embeddable":true,"href":"http:\/\/elcuartopoder.com.mx\/nw\/wp-json\/wp\/v2\/media\/74960"}],"wp:attachment":[{"href":"http:\/\/elcuartopoder.com.mx\/nw\/wp-json\/wp\/v2\/media?parent=74959"}],"wp:term":[{"taxonomy":"category","embeddable":true,"href":"http:\/\/elcuartopoder.com.mx\/nw\/wp-json\/wp\/v2\/categories?post=74959"},{"taxonomy":"post_tag","embeddable":true,"href":"http:\/\/elcuartopoder.com.mx\/nw\/wp-json\/wp\/v2\/tags?post=74959"}],"curies":[{"name":"wp","href":"https:\/\/api.w.org\/{rel}","templated":true}]}}