{"id":75007,"date":"2019-12-16T09:43:24","date_gmt":"2019-12-16T14:43:24","guid":{"rendered":"http:\/\/elcuartopoder.com.mx\/nw\/?p=75007"},"modified":"2019-12-16T09:43:26","modified_gmt":"2019-12-16T14:43:26","slug":"epidemia-de-bronquiolitis-sintomas-tratamiento-y-prevencion","status":"publish","type":"post","link":"http:\/\/elcuartopoder.com.mx\/nw\/internacionales\/epidemia-de-bronquiolitis-sintomas-tratamiento-y-prevencion\/","title":{"rendered":"Epidemia de bronquiolitis: s\u00edntomas, tratamiento y prevenci\u00f3n"},"content":{"rendered":"\n<p>Espa\u00f1a est\u00e1 viviendo el pico de m\u00e1xima incidencia de bronquiolitis aguda y est\u00e1 previsto que se prolongue, al menos, 6 semanas m\u00e1s, seg\u00fan informa la Sociedad Espa\u00f1ola de Urgencias de Pediatr\u00eda (SEUP), integrada en la Asociaci\u00f3n Espa\u00f1ola de Pediatr\u00eda (AEP),<\/p>\n\n\n\n<p>En palabras del presidente de SEUP, el doctor Francisco Javier Benito Fern\u00e1ndez, \u00abestamos ante el inicio de lo que llamamos la epidemia de los ni\u00f1os m\u00e1s peque\u00f1os, ya que esta enfermedad afecta principalmente a los ni\u00f1os menores de 2 a\u00f1os. Y es que hay un incremento importante del n\u00famero de casos atendidos en las consultas de atenci\u00f3n primaria y en los servicios de urgencias hospitalarios\u00bb.<\/p>\n\n\n\n<p>La bronquiolitis aguda afecta a los ni\u00f1os menores de 2 a\u00f1os y los s\u00edntomas son tos, mucosidad nasal, fiebre y dificultad respiratoria que puede durar entre dos y tres semanas. Se estima que aproximadamente un 20% de los ni\u00f1os tendr\u00e1 un episodio de bronquiolitis en su primer a\u00f1o de vida. En nuestro pa\u00eds se producen cada a\u00f1o alrededor de 100.000 episodios de bronquiolitis en ni\u00f1os menores de 2 a\u00f1os, y es la principal causa de hospitalizaci\u00f3n en pediatr\u00eda. Entre un 15 y un 20% de los ni\u00f1os con bronquiolitis es ingresado, especialmente los menores de 6 meses de edad.<\/p>\n\n\n\n<p>\u00abEl virus respiratorio sincitial (VRS) es el causante de la mayor proporci\u00f3n de los casos y de las formas m\u00e1s graves\u00bb, recuerda el doctor Benito Fern\u00e1ndez, quien a\u00f1ade que \u00abadem\u00e1s de los problemas de salud que ocasiona a los ni\u00f1os y la preocupaci\u00f3n que genera en las familias, provoca una sobrecarga muy importante del sistema sanitario, en un periodo muy corto de tiempo\u00bb.<\/p>\n\n\n\n<p>A este respecto, desde la SEUP advierten de que ante este pico que se est\u00e1 produciendo, los servicios de urgencias se encuentran ya con m\u00e1xima actividad y las plantas de hospitalizaci\u00f3n cerca del l\u00edmite de su capacidad. \u00abEn los \u00faltimos a\u00f1os, en algunos hospitales espa\u00f1oles se han constituido comisiones para tratar sobre esta enfermedad durante el periodo epid\u00e9mico, similares a las que se constituyen durante la epidemia de gripe que est\u00e1n aportando soluciones que han mejorado la calidad de la asistencia a los ni\u00f1os y sus familias y la respuesta a la sobrecarga de los servicios que genera la epidemia de Bronquiolitis Aguda. Creemos que es el momento de que las organizaciones sanitarias, cuenten con los pediatras para buscar mejoras y aprovechen todos sus recursos para dar respuesta a la bronquiolitis aguda\u00bb, subraya el presidente de SEUP.<\/p>\n\n\n\n<p><strong>Tratamiento<\/strong><\/p>\n\n\n\n<p>Por otro lado, desde la SEUP insisten en que, al tratarse de una enfermedad producida por virus, no tiene tratamiento, y que los medicamentos que se utilizan para el asma no son \u00fatiles en la bronquiolitis aguda, a pesar de que ambas enfermedades tengan alg\u00fan parecido. \u00abLas medidas m\u00e1s eficaces ser\u00e1n aquellas que incrementen el confort del ni\u00f1o, como la limpieza de las secreciones nasales y la administraci\u00f3n de antit\u00e9rmicos cuando exista fiebre. La curaci\u00f3n se produce en 2 a 3 semanas y \u00fanicamente los ni\u00f1os que son hospitalizados, necesitar\u00e1n ayuda con aparatos para respirar mejor\u00bb, resume el doctor Benito, quien admite que \u00abla mayor parte de los casos de bronquiolitis aguda no ser\u00e1 grave, aunque interferir\u00e1n en la calidad de vida del ni\u00f1o y su familia durante un tiempo prolongado\u00bb.<\/p>\n\n\n\n<p>Por su parte, los doctores Elena Blanco y Gonzalo O\u00f1oro, autores de \u00ab Dos pediatras en casa\u00bb, recuerdan que no se trata con antibi\u00f3ticos y que no se deben usar de forma general jarabes para la tos, mucol\u00edticos ni descongestionantes. Lo que s\u00ed puede aliviar a los m\u00e1s peque\u00f1os mientras pasan el virus son los lavados nasales frecuentes, la posici\u00f3n semiincorporada para dormir, las tomas fraccionadas (comer m\u00e1s veces, menos cantidad) y lavarse mucho las manos para prevenir los contagios.<\/p>\n\n\n\n<p><strong>Fuente:<\/strong> ABC<\/p>\n","protected":false},"excerpt":{"rendered":"<p>Espa\u00f1a est\u00e1 viviendo el pico de m\u00e1xima incidencia de bronquiolitis aguda y est\u00e1 previsto que se prolongue, al menos, 6 semanas m\u00e1s, seg\u00fan informa la Sociedad Espa\u00f1ola de Urgencias de Pediatr\u00eda (SEUP), integrada en la Asociaci\u00f3n Espa\u00f1ola de Pediatr\u00eda (AEP), En palabras del presidente de SEUP, el doctor Francisco Javier Benito Fern\u00e1ndez, \u00abestamos ante el [&hellip;]<\/p>\n","protected":false},"author":2,"featured_media":75008,"comment_status":"open","ping_status":"open","sticky":false,"template":"","format":"standard","meta":{"footnotes":""},"categories":[8],"tags":[],"class_list":["post-75007","post","type-post","status-publish","format-standard","has-post-thumbnail","hentry","category-internacionales"],"_links":{"self":[{"href":"http:\/\/elcuartopoder.com.mx\/nw\/wp-json\/wp\/v2\/posts\/75007","targetHints":{"allow":["GET"]}}],"collection":[{"href":"http:\/\/elcuartopoder.com.mx\/nw\/wp-json\/wp\/v2\/posts"}],"about":[{"href":"http:\/\/elcuartopoder.com.mx\/nw\/wp-json\/wp\/v2\/types\/post"}],"author":[{"embeddable":true,"href":"http:\/\/elcuartopoder.com.mx\/nw\/wp-json\/wp\/v2\/users\/2"}],"replies":[{"embeddable":true,"href":"http:\/\/elcuartopoder.com.mx\/nw\/wp-json\/wp\/v2\/comments?post=75007"}],"version-history":[{"count":1,"href":"http:\/\/elcuartopoder.com.mx\/nw\/wp-json\/wp\/v2\/posts\/75007\/revisions"}],"predecessor-version":[{"id":75009,"href":"http:\/\/elcuartopoder.com.mx\/nw\/wp-json\/wp\/v2\/posts\/75007\/revisions\/75009"}],"wp:featuredmedia":[{"embeddable":true,"href":"http:\/\/elcuartopoder.com.mx\/nw\/wp-json\/wp\/v2\/media\/75008"}],"wp:attachment":[{"href":"http:\/\/elcuartopoder.com.mx\/nw\/wp-json\/wp\/v2\/media?parent=75007"}],"wp:term":[{"taxonomy":"category","embeddable":true,"href":"http:\/\/elcuartopoder.com.mx\/nw\/wp-json\/wp\/v2\/categories?post=75007"},{"taxonomy":"post_tag","embeddable":true,"href":"http:\/\/elcuartopoder.com.mx\/nw\/wp-json\/wp\/v2\/tags?post=75007"}],"curies":[{"name":"wp","href":"https:\/\/api.w.org\/{rel}","templated":true}]}}