{"id":75987,"date":"2020-01-22T10:14:10","date_gmt":"2020-01-22T15:14:10","guid":{"rendered":"http:\/\/elcuartopoder.com.mx\/nw\/?p=75987"},"modified":"2020-01-22T10:14:13","modified_gmt":"2020-01-22T15:14:13","slug":"un-nuevo-virus-ahora-en-brasil-provoca-la-primera-muerte-por-fiebre-hemorragica-en-20-anos","status":"publish","type":"post","link":"http:\/\/elcuartopoder.com.mx\/nw\/entretenimiento\/salud\/un-nuevo-virus-ahora-en-brasil-provoca-la-primera-muerte-por-fiebre-hemorragica-en-20-anos\/","title":{"rendered":"Un nuevo virus, ahora en Brasil, provoca la primera muerte por fiebre hemorr\u00e1gica en 20 a\u00f1os"},"content":{"rendered":"\n<p>Sao Paulo, Brasil.- <strong>Brasil<\/strong>\u00a0<strong>registr\u00f3<\/strong>\u00a0<strong>por<\/strong>\u00a0<strong>primera<\/strong>\u00a0vez en<strong>\u00a020 a\u00f1os una muerte por fiebre hemorr\u00e1gica<\/strong>, la cual habr\u00eda sido causada por\u00a0<strong>un nuevo virus detectado<\/strong>\u00a0en el pa\u00eds suramericano, inform\u00f3 el Ministerio de Salud.<\/p>\n\n\n\n<blockquote class=\"wp-block-quote is-layout-flow wp-block-quote-is-layout-flow\"><p>El&nbsp;<strong>paciente<\/strong>&nbsp;<strong>falleci\u00f3<\/strong>&nbsp;en el estado de Sao Paulo el pasado 11 de enero tras ser atendido en tres hospitales, donde fue sometido a diferentes an\u00e1lisis para identificar enfermedades como la fiebre amarilla, una hepatitis viral, el dengue o el virus del zika, aunque todas ellas fueron descartadas.<\/p><\/blockquote>\n\n\n\n<p>Ex\u00e1menes complementares\u00a0<strong>detectaron la presencia del arenavirus,<\/strong>\u00a0un c<strong>onjunto de virus<\/strong>\u00a0generalmente asociados a enfermedades que le transmiten los roedores a los humanos y que provocan la\u00a0<strong>fiebre hemorr\u00e1gica<\/strong>, un s\u00edndrome que afecta m\u00faltiples \u00f3rganos.<\/p>\n\n\n\n<figure class=\"wp-block-embed-twitter wp-block-embed is-type-rich is-provider-twitter\"><div class=\"wp-block-embed__wrapper\">\n<blockquote class=\"twitter-tweet\" data-width=\"550\" data-dnt=\"true\"><p lang=\"pt\" dir=\"ltr\"><a href=\"https:\/\/twitter.com\/hashtag\/AvisodePauta?src=hash&amp;ref_src=twsrc%5Etfw\">#AvisodePauta<\/a> | <a href=\"https:\/\/twitter.com\/minsaude?ref_src=twsrc%5Etfw\">@minsaude<\/a> esclarece d\u00favidas sobre arenav\u00edrus. O dir. do Dep. de Vigil\u00e2ncia das Doen\u00e7as Transmiss\u00edveis, J\u00falio Croda, atende a imprensa, \u00e0s 16h, p\/ esclarecimentos sobre o v\u00edrus q causou a morte de uma pessoa em SP. Acompanhe tamb\u00e9m <a href=\"https:\/\/twitter.com\/hashtag\/AoVivo?src=hash&amp;ref_src=twsrc%5Etfw\">#AoVivo<\/a> nas redes sociais.<\/p>&mdash; Minist\u00e9rio da Sa\u00fade (@minsaude) <a href=\"https:\/\/twitter.com\/minsaude\/status\/1219665223889641473?ref_src=twsrc%5Etfw\">January 21, 2020<\/a><\/blockquote><script async src=\"https:\/\/platform.twitter.com\/widgets.js\" charset=\"utf-8\"><\/script>\n<\/div><\/figure>\n\n\n\n<p>Por su parte, el Ministerio de Salud de dicho pa\u00eds, inform\u00f3 a trav\u00e9s de Twitter que el director del Departamento de Vigilancia de Enfermedades Transmisibles, J\u00falio Croda, estar\u00e1 aclarando dudas sobre el paciente fallecido por \u201carenavirus\u201d en una rueda de prensa.<\/p>\n\n\n\n<p>La enfermedad, de acuerdo con el Ministerio de Salud, es \u201cextremadamente rara\u201d y muy letal y los s\u00edntomas iniciales son fiebre, malestar, dolores musculares, manchas rojas en el cuerpo, dolor de garganta, de est\u00f3mago y de cabeza y mareos, entre otros.<\/p>\n\n\n\n<blockquote class=\"wp-block-quote is-layout-flow wp-block-quote-is-layout-flow\"><p>Las autoridades sanitarias no confirmaron todav\u00eda el origen de la contaminaci\u00f3n del paciente, pero recordaron que, en la mayor\u00eda de casos, las personas contraen dicha enfermedad a trav\u00e9s de la inhalaci\u00f3n de part\u00edculas formadas a partir de la orina, las heces y la saliva de roedores infectados.<\/p><p>La transmisi\u00f3n del arenavirus entre personas puede ocurrir cuando hay un contacto muy pr\u00f3ximo y prolongado o en ambientes hospitalarios, siempre y cuando no sean utilizados los equipos de protecci\u00f3n, o a trav\u00e9s de la orina, heces, saliva, v\u00f3mito y semen.<\/p><\/blockquote>\n\n\n\n<p>Por esa raz\u00f3n, el Ministerio de Salud inform\u00f3 que los funcionarios de los hospitales donde el paciente fue atendido, as\u00ed como los familiares del paciente fallecido, est\u00e1n siendo monitorizados y deber\u00e1n ser sometidos a diversos ex\u00e1menes.<\/p>\n\n\n\n<p><strong>Fuente: <\/strong>POR ESTO!<\/p>\n","protected":false},"excerpt":{"rendered":"<p>Sao Paulo, Brasil.- Brasil\u00a0registr\u00f3\u00a0por\u00a0primera\u00a0vez en\u00a020 a\u00f1os una muerte por fiebre hemorr\u00e1gica, la cual habr\u00eda sido causada por\u00a0un nuevo virus detectado\u00a0en el pa\u00eds suramericano, inform\u00f3 el Ministerio de Salud. El&nbsp;paciente&nbsp;falleci\u00f3&nbsp;en el estado de Sao Paulo el pasado 11 de enero tras ser atendido en tres hospitales, donde fue sometido a diferentes an\u00e1lisis para identificar enfermedades como [&hellip;]<\/p>\n","protected":false},"author":2,"featured_media":75988,"comment_status":"open","ping_status":"open","sticky":false,"template":"","format":"standard","meta":{"footnotes":""},"categories":[56],"tags":[],"class_list":["post-75987","post","type-post","status-publish","format-standard","has-post-thumbnail","hentry","category-salud"],"_links":{"self":[{"href":"http:\/\/elcuartopoder.com.mx\/nw\/wp-json\/wp\/v2\/posts\/75987","targetHints":{"allow":["GET"]}}],"collection":[{"href":"http:\/\/elcuartopoder.com.mx\/nw\/wp-json\/wp\/v2\/posts"}],"about":[{"href":"http:\/\/elcuartopoder.com.mx\/nw\/wp-json\/wp\/v2\/types\/post"}],"author":[{"embeddable":true,"href":"http:\/\/elcuartopoder.com.mx\/nw\/wp-json\/wp\/v2\/users\/2"}],"replies":[{"embeddable":true,"href":"http:\/\/elcuartopoder.com.mx\/nw\/wp-json\/wp\/v2\/comments?post=75987"}],"version-history":[{"count":1,"href":"http:\/\/elcuartopoder.com.mx\/nw\/wp-json\/wp\/v2\/posts\/75987\/revisions"}],"predecessor-version":[{"id":75989,"href":"http:\/\/elcuartopoder.com.mx\/nw\/wp-json\/wp\/v2\/posts\/75987\/revisions\/75989"}],"wp:featuredmedia":[{"embeddable":true,"href":"http:\/\/elcuartopoder.com.mx\/nw\/wp-json\/wp\/v2\/media\/75988"}],"wp:attachment":[{"href":"http:\/\/elcuartopoder.com.mx\/nw\/wp-json\/wp\/v2\/media?parent=75987"}],"wp:term":[{"taxonomy":"category","embeddable":true,"href":"http:\/\/elcuartopoder.com.mx\/nw\/wp-json\/wp\/v2\/categories?post=75987"},{"taxonomy":"post_tag","embeddable":true,"href":"http:\/\/elcuartopoder.com.mx\/nw\/wp-json\/wp\/v2\/tags?post=75987"}],"curies":[{"name":"wp","href":"https:\/\/api.w.org\/{rel}","templated":true}]}}