{"id":75996,"date":"2020-01-22T10:48:49","date_gmt":"2020-01-22T15:48:49","guid":{"rendered":"http:\/\/elcuartopoder.com.mx\/nw\/?p=75996"},"modified":"2020-01-22T10:48:52","modified_gmt":"2020-01-22T15:48:52","slug":"estados-unidos-exige-a-mexico-una-mayor-presion-en-la-lucha-contra-el-narcotrafico","status":"publish","type":"post","link":"http:\/\/elcuartopoder.com.mx\/nw\/opinion\/estados-unidos-exige-a-mexico-una-mayor-presion-en-la-lucha-contra-el-narcotrafico\/","title":{"rendered":"Estados Unidos exige a M\u00e9xico una mayor presi\u00f3n en la lucha contra el narcotr\u00e1fico"},"content":{"rendered":"\n<p>La relaci\u00f3n entre M\u00e9xico y Estados Unidos entra en una nueva fase. En pleno a\u00f1o electoral, Washington ha aumentado las exigencias al Gobierno de Andr\u00e9s Manuel L\u00f3pez Obrador en materia de seguridad y combate al narcotr\u00e1fico. El Ejecutivo de Donald Trump espera que un aumento de la presi\u00f3n contra el tr\u00e1fico de drogas obtenga para sus intereses resultados como los logrados en migraci\u00f3n, donde los mexicanos han reducido con mano dura el flujo hacia la frontera estadounidense entre mayo y diciembre de 2019.<\/p>\n\n\n\n<p>Esta presi\u00f3n sobre M\u00e9xico la personifica ahora el fiscal general estadounidense, William Barr, que el viernes de la semana pasada culmin\u00f3 su segunda visita al pa\u00eds. El responsable del Departamento de Justicia se reuni\u00f3 en la semana con funcionarios de la Administraci\u00f3n mexicana para exigir un freno al tr\u00e1fico del fentanilo, un opioide sint\u00e9tico proveniente de China. Como moneda de cambio, los funcionarios mexicanos, encabezados por el secretario de Relaciones Exteriores, Marcelo Ebrard, piden concreci\u00f3n en los operativos que deben reducir el flujo de armas que viajan de Estados Unidos al sur y que alimentan el poder de fuego de los carteles. Barr volver\u00e1 a visitar M\u00e9xico en febrero, donde celebrar\u00e1 una nueva reuni\u00f3n con sus hom\u00f3logos locales.<\/p>\n\n\n\n<p>De momento, M\u00e9xico ha aumentado el ritmo de sus extradiciones al norte. El lunes 13 de enero, las autoridades mexicanas entregaron a la justicia estadounidense a ocho criminales. Entre ellos Gilberto Barrag\u00e1n Balderas, l\u00edder del Cartel del Golfo y uno de los diez delincuentes m\u00e1s buscados por el cap\u00edtulo en Texas de la agencia antidrogas estadounidense (DEA). Tambi\u00e9n fueron extraditados capos de organizaciones criminales como el Cartel de Ju\u00e1rez y la L\u00ednea, que operan al norte de M\u00e9xico y en la zona de la frontera com\u00fan.<\/p>\n\n\n\n<p>Las autoridades estadounidenses tambi\u00e9n recibieron esta semana a Jos\u00e9 S\u00e1nchez Villalobos, conocido como El se\u00f1or de los t\u00faneles, del Cartel de Sinaloa. Villalobos est\u00e1 considerado un operador de alto nivel dentro de la estructura criminal y enfrenta un juicio en las cortes de California por tr\u00e1fico de drogas a trav\u00e9s de dos t\u00faneles que conectaban Tijuana, en M\u00e9xico, con San Diego, en California. Uno de ellos ten\u00eda 122 metros de largo. El juicio a Joaqu\u00edn El Chapo Guzm\u00e1n, quien ya est\u00e1 cumpliendo una cadena perpetua en una prisi\u00f3n de m\u00e1xima seguridad, no ha puesto punto final a la ofensiva legal contra el Cartel de Sinaloa.<\/p>\n\n\n\n<p>En diciembre pasado, y casi en medio del silencio absoluto, M\u00e9xico entreg\u00f3 a Estados Unidos a Ismael Zambada Imperial, uno de los hijos de Ismael El Mayo Zambada, el veterano l\u00edder del Cartel de Sinaloa y uno de los capos m\u00e1s poderosos de M\u00e9xico junto al de Cartel Jalisco Nueva Generaci\u00f3n, Nemesio Oseguera. Zambada Imperial, llamado Mayito Gordo, cumpl\u00eda una sentencia de diez a\u00f1os de c\u00e1rcel en M\u00e9xico y llevaba un lustro luchando en los tribunales locales para impedir su viaje a Estados Unidos, donde tambi\u00e9n es requerido por una corte californiana.<\/p>\n\n\n\n<p>Es en este contexto donde se inserta el caso que la fiscal\u00eda de Nueva York construye en contra de Genaro Garc\u00eda Luna, destacado funcionario de seguridad durante los Gobiernos de los presidentes Vicente Fox y Felipe Calder\u00f3n. Garc\u00eda Luna, quien fue el encargado de la estrategia antinarco entre 2006 y 2012 con ayuda de la DEA y el FBI, fue detenido a principios de diciembre en Texas y est\u00e1 acusado de haber recibido millones de d\u00f3lares en sobornos de la organizaci\u00f3n delictiva encabezada por El Chapo Guzm\u00e1n y El Mayo Zambada. Este martes, el exsecretario de Estado ver\u00e1 por primera vez a la cara al juez Brian Cogan, el juez de distrito con sede en Brooklyn que llev\u00f3 el juicio contra El Chapo.<\/p>\n\n\n\n<h4 class=\"wp-block-heading\">Posible acuerdo<\/h4>\n\n\n\n<p>Nada garantiza que M\u00e9xico sea testigo de un proceso judicial contra Garc\u00eda Luna similar al de Joaqu\u00edn Guzm\u00e1n. La defensa de Garc\u00eda Luna ha sondeado durante enero con las autoridades estadounidenses la posibilidad de un acuerdo para evitar, a cambio de una pena reducida, un proceso p\u00fablico que tendr\u00eda una importante repercusi\u00f3n en el pa\u00eds y arrojar\u00eda nueva luz sobre la corrupci\u00f3n pol\u00edtica en M\u00e9xico. De momento, la Fiscal\u00eda del Distrito Este de Nueva York no ha cedido y prepara \u201cvoluminosas\u201d pruebas para demostrar la conducta criminal de Garc\u00eda Luna durante \u201cdos d\u00e9cadas\u201d. Estos descubrimientos se basar\u00edan en evidencias obtenidas con registros fiscales, de propiedad y en datos obtenidos en otros pa\u00edses.<\/p>\n\n\n\n<p>El presidente L\u00f3pez Obrador dijo a inicios de este a\u00f1o que el eventual juicio de Estados Unidos en contra de Garc\u00eda Luna es m\u00e1s importante que el caso Odebrecht, que ha desnudado una trama de corrupci\u00f3n entre gobiernos locales y la constructora brasile\u00f1a en varios pa\u00edses de Am\u00e9rica Latina. El expediente en contra del exdirector de la petrolera mexicana Pemex, Emilio Lozoya, est\u00e1 abierto en la Fiscal\u00eda por lavado de dinero, pero el presidente parece tener m\u00e1s esperanzas en lo que pueda revelarse en la corte del juez Cogan.<\/p>\n\n\n\n<p><strong>Fuente:<\/strong> elpa\u00eds<\/p>\n","protected":false},"excerpt":{"rendered":"<p>La relaci\u00f3n entre M\u00e9xico y Estados Unidos entra en una nueva fase. En pleno a\u00f1o electoral, Washington ha aumentado las exigencias al Gobierno de Andr\u00e9s Manuel L\u00f3pez Obrador en materia de seguridad y combate al narcotr\u00e1fico. El Ejecutivo de Donald Trump espera que un aumento de la presi\u00f3n contra el tr\u00e1fico de drogas obtenga para [&hellip;]<\/p>\n","protected":false},"author":2,"featured_media":75997,"comment_status":"open","ping_status":"open","sticky":false,"template":"","format":"standard","meta":{"footnotes":""},"categories":[62],"tags":[],"class_list":["post-75996","post","type-post","status-publish","format-standard","has-post-thumbnail","hentry","category-opinion"],"_links":{"self":[{"href":"http:\/\/elcuartopoder.com.mx\/nw\/wp-json\/wp\/v2\/posts\/75996","targetHints":{"allow":["GET"]}}],"collection":[{"href":"http:\/\/elcuartopoder.com.mx\/nw\/wp-json\/wp\/v2\/posts"}],"about":[{"href":"http:\/\/elcuartopoder.com.mx\/nw\/wp-json\/wp\/v2\/types\/post"}],"author":[{"embeddable":true,"href":"http:\/\/elcuartopoder.com.mx\/nw\/wp-json\/wp\/v2\/users\/2"}],"replies":[{"embeddable":true,"href":"http:\/\/elcuartopoder.com.mx\/nw\/wp-json\/wp\/v2\/comments?post=75996"}],"version-history":[{"count":1,"href":"http:\/\/elcuartopoder.com.mx\/nw\/wp-json\/wp\/v2\/posts\/75996\/revisions"}],"predecessor-version":[{"id":75998,"href":"http:\/\/elcuartopoder.com.mx\/nw\/wp-json\/wp\/v2\/posts\/75996\/revisions\/75998"}],"wp:featuredmedia":[{"embeddable":true,"href":"http:\/\/elcuartopoder.com.mx\/nw\/wp-json\/wp\/v2\/media\/75997"}],"wp:attachment":[{"href":"http:\/\/elcuartopoder.com.mx\/nw\/wp-json\/wp\/v2\/media?parent=75996"}],"wp:term":[{"taxonomy":"category","embeddable":true,"href":"http:\/\/elcuartopoder.com.mx\/nw\/wp-json\/wp\/v2\/categories?post=75996"},{"taxonomy":"post_tag","embeddable":true,"href":"http:\/\/elcuartopoder.com.mx\/nw\/wp-json\/wp\/v2\/tags?post=75996"}],"curies":[{"name":"wp","href":"https:\/\/api.w.org\/{rel}","templated":true}]}}