{"id":76002,"date":"2020-01-22T11:01:23","date_gmt":"2020-01-22T16:01:23","guid":{"rendered":"http:\/\/elcuartopoder.com.mx\/nw\/?p=76002"},"modified":"2020-01-22T11:01:25","modified_gmt":"2020-01-22T16:01:25","slug":"el-padre-que-retuvo-a-sus-hijos-en-una-granja-holandesa-queria-evitar-espiritus-malignos","status":"publish","type":"post","link":"http:\/\/elcuartopoder.com.mx\/nw\/varios\/el-padre-que-retuvo-a-sus-hijos-en-una-granja-holandesa-queria-evitar-espiritus-malignos\/","title":{"rendered":"El padre que retuvo a sus hijos en una granja holandesa quer\u00eda \u201cevitar esp\u00edritus malignos\u201d"},"content":{"rendered":"\n<p>La fiscal\u00eda neerlandesa ha desvelado este martes detalles del duro r\u00e9gimen de vida impuesto por Gerrit Jan van Dorsten, de 67 a\u00f1os, a nueve de sus hijos, hoy todos mayores de edad, seis de los cuales vivieron escondidos con \u00e9l entre 2010 y 2019 en una granja de Ruinerwold, al este de los Pa\u00edses Bajos. En una audiencia previa al juicio formal, para el que no hay a\u00fan fecha, la acusaci\u00f3n ha explicado que el progenitor convenci\u00f3 a su prole de que \u201clos malos esp\u00edritus se apoderar\u00edan de sus cuerpos de entrar en contacto con extra\u00f1os\u201d. Tambi\u00e9n les asegur\u00f3 que \u201cel mundo se acabar\u00eda de forma violenta si sal\u00edan al exterior, les met\u00eda en ba\u00f1os de agua helada, golpeaba y tiraba del pelo\u201d. Los fiscales han indicado a su vez que dos de los hijos, una chica y un chico [que se alejaron del padre, junto con otro hermano, antes de su entrada en la finca], dicen que abus\u00f3 sexualmente de ellos cuando ten\u00edan 12 y 15 a\u00f1os. El encierro fue descubierto en octubre pasado, cuando Jan, de 25 a\u00f1os, el mayor de los hermanos ocultados, consigui\u00f3 salir y alertar de su situaci\u00f3n al due\u00f1o de un bar cercano.<\/p>\n\n\n\n<p>Los fiscales han le\u00eddo los diarios de Van Dorsten para poder centrar los hechos y han atendido a su vez a las declaraciones de los hijos, en particular sobre los abusos. El var\u00f3n afectado ha se\u00f1alado que su padre les dijo que \u201cten\u00edan esp\u00edritus femeninos metidos dentro, entre ellos el de su madre, fallecida en 2004\u201d cuando le agredi\u00f3 sexualmente. Seg\u00fan la v\u00edctima, el progenitor sab\u00eda que obraba mal \u201cporque cerraba la puerta y se aseguraba de que no hubiera nadie cerca\u201d. Los tres hermanos mayores (hay un d\u00e9cimo hijo, de otra mujer) fueron a la escuela durante un tiempo, pero no pod\u00edan decir que hab\u00eda otros ni\u00f1os en casa; los seis peque\u00f1os no estaban inscritos en el registro civil. \u201cPod\u00edamos salir al jard\u00edn de la granja, y dimos un par de pasos alguna vez, pero en seguida nos encontr\u00e1bamos mal y volv\u00edamos dentro\u201d, han declarado los hermanos a los fiscales. Estos \u00faltimos han constatado que su padre les obligaba a rezar, a veces durante meses, les daba poca comida, o solo agua, y les re\u00f1\u00eda por ser malos. Los castigos eran frecuentes. \u201cUnas veces les pegaba con una vara. Otras, los met\u00eda en un ba\u00f1o de agua fr\u00eda hasta que se desmayaban. Otras m\u00e1s, un grupo era obligados a lanzarle barro al que deb\u00eda ser penalizado. Los vigilaba con c\u00e1maras, y culp\u00f3 a los tres mayores de la muerte materna. Para librarle de los malos esp\u00edritus, meti\u00f3 a uno de estos en una caseta de perro. Ten\u00eda 12 a\u00f1os\u201d, siguen los fiscales.<\/p>\n\n\n\n<p>Gerrit Jan Van Dorsten sufri\u00f3 un derrame cerebral en 2016, estando ya en la granja, pero no pidi\u00f3 ayuda m\u00e9dica y ahora no puede hablar. Una exploraci\u00f3n neurol\u00f3gica pedida por la fiscal\u00eda determinar\u00e1 si puede acudir al juicio cuando se celebre. En la sesi\u00f3n preliminar de hoy, s\u00ed estaba Josef Brunner, de 58 a\u00f1os, un amigo suyo, que pagaba el alquiler. Oficialmente, es tambi\u00e9n sospechoso de detenci\u00f3n ilegal, pero ha calificado de \u201ccaza de brujas\u201d las acusaciones. \u201cNo estaban retenidos\u201d, ha dicho, para aludir luego a \u201cla libertad de creencias\u201d y presentarse como \u201cun disc\u00edpulo\u201d de Van Dorsten. Como Brunner sigue en custodia, sus abogados han pedido su puesta en libertad preguntando a los fiscales: \u201c\u00bfPerseguir\u00e1n tambi\u00e9n ahora a los monjes?\u201d.<\/p>\n\n\n\n<p>La procedencia del dinero hallado en la granja, cerca de 100.000 euros, debe ser asimismo aclarada por la justicia. De momento, se considera fruto del blanqueo, aunque los abogados de ambos sospechosos han recordado que pagar en efectivo sigue siendo legal. Aunque Brunner subraya que los hijos no estaban escondidos, el atestado policial de la entrada de los agentes en la granja, el pasado octubre, contradice sus palabras: \u201cJan [el que dio la voz de alerta] nos abri\u00f3 una puerta que hab\u00eda detr\u00e1s de un armario y desembocaba en un cuarto peque\u00f1o. All\u00ed estaban metidos el padre, en la cama, y sus otros hijos\u201d. Todos est\u00e1n siendo tratados por psic\u00f3logos, y los cinco menores defienden por ahora las pr\u00e1cticas paternas. Los jueces deben decidir si son citados a declarar durante el juicio.<\/p>\n\n\n\n<p><strong>Fuente: <\/strong>elpa\u00eds<\/p>\n","protected":false},"excerpt":{"rendered":"<p>La fiscal\u00eda neerlandesa ha desvelado este martes detalles del duro r\u00e9gimen de vida impuesto por Gerrit Jan van Dorsten, de 67 a\u00f1os, a nueve de sus hijos, hoy todos mayores de edad, seis de los cuales vivieron escondidos con \u00e9l entre 2010 y 2019 en una granja de Ruinerwold, al este de los Pa\u00edses Bajos. [&hellip;]<\/p>\n","protected":false},"author":2,"featured_media":76003,"comment_status":"open","ping_status":"open","sticky":false,"template":"","format":"standard","meta":{"footnotes":""},"categories":[64],"tags":[],"class_list":["post-76002","post","type-post","status-publish","format-standard","has-post-thumbnail","hentry","category-varios"],"_links":{"self":[{"href":"http:\/\/elcuartopoder.com.mx\/nw\/wp-json\/wp\/v2\/posts\/76002","targetHints":{"allow":["GET"]}}],"collection":[{"href":"http:\/\/elcuartopoder.com.mx\/nw\/wp-json\/wp\/v2\/posts"}],"about":[{"href":"http:\/\/elcuartopoder.com.mx\/nw\/wp-json\/wp\/v2\/types\/post"}],"author":[{"embeddable":true,"href":"http:\/\/elcuartopoder.com.mx\/nw\/wp-json\/wp\/v2\/users\/2"}],"replies":[{"embeddable":true,"href":"http:\/\/elcuartopoder.com.mx\/nw\/wp-json\/wp\/v2\/comments?post=76002"}],"version-history":[{"count":1,"href":"http:\/\/elcuartopoder.com.mx\/nw\/wp-json\/wp\/v2\/posts\/76002\/revisions"}],"predecessor-version":[{"id":76004,"href":"http:\/\/elcuartopoder.com.mx\/nw\/wp-json\/wp\/v2\/posts\/76002\/revisions\/76004"}],"wp:featuredmedia":[{"embeddable":true,"href":"http:\/\/elcuartopoder.com.mx\/nw\/wp-json\/wp\/v2\/media\/76003"}],"wp:attachment":[{"href":"http:\/\/elcuartopoder.com.mx\/nw\/wp-json\/wp\/v2\/media?parent=76002"}],"wp:term":[{"taxonomy":"category","embeddable":true,"href":"http:\/\/elcuartopoder.com.mx\/nw\/wp-json\/wp\/v2\/categories?post=76002"},{"taxonomy":"post_tag","embeddable":true,"href":"http:\/\/elcuartopoder.com.mx\/nw\/wp-json\/wp\/v2\/tags?post=76002"}],"curies":[{"name":"wp","href":"https:\/\/api.w.org\/{rel}","templated":true}]}}