{"id":76027,"date":"2020-01-23T10:16:26","date_gmt":"2020-01-23T15:16:26","guid":{"rendered":"http:\/\/elcuartopoder.com.mx\/nw\/?p=76027"},"modified":"2020-01-23T10:16:29","modified_gmt":"2020-01-23T15:16:29","slug":"flor-amargo-con-el-arte-callejero-se-combate-la-violencia-en-mexico","status":"publish","type":"post","link":"http:\/\/elcuartopoder.com.mx\/nw\/entretenimiento\/espectaculos\/flor-amargo-con-el-arte-callejero-se-combate-la-violencia-en-mexico\/","title":{"rendered":"Flor Amargo: \u201cCon el arte callejero se combate la violencia en M\u00e9xico\u201d"},"content":{"rendered":"\n<p>Toca el piano y la bater\u00eda a la vez mientras canta sus propias canciones. Todo en Flor Amargo (Oaxaca, 1986) es ritmo, comp\u00e1s y energ\u00eda. Emma Mayte Carballo, su nombre real, dio a conocer su m\u00fasica gracias a las redes sociales, sus actuaciones en las calles y el metro tanto de M\u00e9xico como de medio mundo, por el que viaja difundiendo la cultura mexicana.<\/p>\n\n\n\n<p>Atiende la entrevista con Verne desde Las Vegas donde asiste a un encuentro con productores. No siempre ser artista callejera, como ella se define, es agradable. El calor de la gente llega directo pero tambi\u00e9n, los golpes de la polic\u00eda. El pasado 11 de enero fue detenida en el centro de Guadalajara por \u201calterar el orden p\u00fablico\u201d con sus instrumentos y sus amplificadores.<\/p>\n\n\n\n<p>Gracias a su legi\u00f3n de fans en redes sociales, el altercado con la polic\u00eda lleg\u00f3 a o\u00eddos, entre otras personas, de Beatriz Guti\u00e9rrez M\u00fcller, esposa del presidente L\u00f3pez Obrador, que intercedi\u00f3 por ella. \u201cMe sent\u00ed muy humillada. Agarraron mis instrumentos y se los llevaron\u201d, cuenta la artista.<\/p>\n\n\n\n<p>D\u00edas despu\u00e9s, el ayuntamiento de Guadalajara dijo que analizar\u00e1 crear un d\u00eda para el artista callejero en la ciudad. A Flor Amargo le llena de satisfacci\u00f3n que lo que sucedi\u00f3 haya servido para hablar de la imposibilidad que tienen muchos artistas de trabajar en los espacios p\u00fablicos. \u201cLucho porque el arte callejero sea tratado con dignidad. En la calle surgieron grandes como Charles Chaplin o Edith Piaf, quiero que vuelva a ser un lugar donde se exprese el artista\u201d, explica Amargo.<\/p>\n\n\n\n<p>Llena salas de conciertos, prepara un documental con Sony Music y el pr\u00f3ximo marzo formar\u00e1 parte del Vive Latino, uno de los festivales m\u00e1s importantes de Latinoam\u00e9rica. Eso con un pie. El otro lo mantiene pegado en la banqueta (la acera), el lugar que la convirti\u00f3 en lo que hoy es.<\/p>\n\n\n\n<p>La mexicana particip\u00f3 dos veces en el programa televisivo La Voz. Recuerda con iron\u00eda como varias discogr\u00e1ficas le dijeron que nunca triunfar\u00eda, que su nombre \u00abque era muy feo\u00bb no vender\u00eda discos y eso la sumi\u00f3 en una profunda tristeza. \u201cPerd\u00ed mi trabajo y empec\u00e9 a tocar en las calles, a ser una artista libre y a hacer todo lo que me apasionaba. Al final me asomaba en el sombrero y empec\u00e9 a notar que pod\u00eda pagar toda mi semana, despu\u00e9s empec\u00e9 a vender mis discos y a monetizar mis videos\u201d, cuenta la artista.<\/p>\n\n\n\n<p>Lo mismo se marca una improvisaci\u00f3n en la que agita su cuerpo menudo y sus rizos descontrolados, como toca con maestr\u00eda a Mozart al piano y despu\u00e9s pasa a cantar La Llorona mientras su p\u00fablico rompe en aplausos. Define su arte como \u201cemociones hechas m\u00fasica para curar el alma\u201d, algo que ha bautizado como \u201ckatartic pop\u201d.<\/p>\n\n\n\n<p>Flor Amargo est\u00e1 convencida del poder de la m\u00fasica en las calles, \u201cnuestro escenario es el coraz\u00f3n de cada persona. Hay que ense\u00f1ar a los j\u00f3venes a ser artistas. Con el arte callejero se puede combatir la violencia en M\u00e9xico\u201d. El pr\u00f3ximo 26 de enero inaugurar\u00e1 una escuela en la Ciudad de M\u00e9xico donde dar\u00e1 talleres para formar nuevos artistas. \u201cTerminamos en trabajos que no nos gustan porque no hay puertas para el arte en M\u00e9xico\u201d, se\u00f1ala la cantante. \u201cLos mexicanos necesitamos el arte. No saben que un artista urbano, a veces, salva vidas\u201d, dijo recientemente en un video dirigido a sus seguidores.<\/p>\n\n\n\n<p><strong>Fuente: <\/strong>elpa\u00eds<\/p>\n","protected":false},"excerpt":{"rendered":"<p>Toca el piano y la bater\u00eda a la vez mientras canta sus propias canciones. Todo en Flor Amargo (Oaxaca, 1986) es ritmo, comp\u00e1s y energ\u00eda. Emma Mayte Carballo, su nombre real, dio a conocer su m\u00fasica gracias a las redes sociales, sus actuaciones en las calles y el metro tanto de M\u00e9xico como de medio [&hellip;]<\/p>\n","protected":false},"author":2,"featured_media":76028,"comment_status":"open","ping_status":"open","sticky":false,"template":"","format":"standard","meta":{"footnotes":""},"categories":[11],"tags":[],"class_list":["post-76027","post","type-post","status-publish","format-standard","has-post-thumbnail","hentry","category-espectaculos"],"_links":{"self":[{"href":"http:\/\/elcuartopoder.com.mx\/nw\/wp-json\/wp\/v2\/posts\/76027","targetHints":{"allow":["GET"]}}],"collection":[{"href":"http:\/\/elcuartopoder.com.mx\/nw\/wp-json\/wp\/v2\/posts"}],"about":[{"href":"http:\/\/elcuartopoder.com.mx\/nw\/wp-json\/wp\/v2\/types\/post"}],"author":[{"embeddable":true,"href":"http:\/\/elcuartopoder.com.mx\/nw\/wp-json\/wp\/v2\/users\/2"}],"replies":[{"embeddable":true,"href":"http:\/\/elcuartopoder.com.mx\/nw\/wp-json\/wp\/v2\/comments?post=76027"}],"version-history":[{"count":1,"href":"http:\/\/elcuartopoder.com.mx\/nw\/wp-json\/wp\/v2\/posts\/76027\/revisions"}],"predecessor-version":[{"id":76029,"href":"http:\/\/elcuartopoder.com.mx\/nw\/wp-json\/wp\/v2\/posts\/76027\/revisions\/76029"}],"wp:featuredmedia":[{"embeddable":true,"href":"http:\/\/elcuartopoder.com.mx\/nw\/wp-json\/wp\/v2\/media\/76028"}],"wp:attachment":[{"href":"http:\/\/elcuartopoder.com.mx\/nw\/wp-json\/wp\/v2\/media?parent=76027"}],"wp:term":[{"taxonomy":"category","embeddable":true,"href":"http:\/\/elcuartopoder.com.mx\/nw\/wp-json\/wp\/v2\/categories?post=76027"},{"taxonomy":"post_tag","embeddable":true,"href":"http:\/\/elcuartopoder.com.mx\/nw\/wp-json\/wp\/v2\/tags?post=76027"}],"curies":[{"name":"wp","href":"https:\/\/api.w.org\/{rel}","templated":true}]}}