{"id":76033,"date":"2020-01-23T10:25:35","date_gmt":"2020-01-23T15:25:35","guid":{"rendered":"http:\/\/elcuartopoder.com.mx\/nw\/?p=76033"},"modified":"2020-01-23T10:25:38","modified_gmt":"2020-01-23T15:25:38","slug":"decenas-de-mandatarios-internacionales-rinden-homenaje-en-jerusalen-a-los-ultimos-supervivientes-del-holocausto","status":"publish","type":"post","link":"http:\/\/elcuartopoder.com.mx\/nw\/qtp\/decenas-de-mandatarios-internacionales-rinden-homenaje-en-jerusalen-a-los-ultimos-supervivientes-del-holocausto\/","title":{"rendered":"Decenas de mandatarios internacionales rinden homenaje en Jerusal\u00e9n a los \u00faltimos supervivientes del Holocausto"},"content":{"rendered":"\n<p>En un gran c\u00f3nclave internacional de mandatarios, con escasos precedentes en Israel, el Quinto Foro Mundial del Holocausto, conmemorar\u00e1 este jueves en Jerusal\u00e9n el 75\u00ba aniversario de la liberaci\u00f3n del campo de exterminio de Auschwitz. Los actos, que se desarrollan en Yad Vashem, el Museo y Centro de la Memoria del Holocausto, rinden en esencia homenaje a los \u00faltimos supervivientes de la Soah. Al foro han acudido medio centenar de delegaciones, la mayor\u00eda encabezadas por jefes de Estado y de Gobierno. Entre ellos figuran el rey de Espa\u00f1a, los presidentes de Rusia, Vlad\u00edmir Putin, Francia, Emmanuel Macron, Alemania, Frank-Walter Steinmeier, o Italia, Sergio Mattarella, as\u00ed como el vicepresidente de Estados Unidos, Mike Pence, el pr\u00edncipe Carlos de Inglaterra o los presidentes de la Comisi\u00f3n, el Consejo y el Parlamento Europeo. M\u00e1s de 10.000 agentes de seguridad han sido movilizados para proteger a los participantes.<\/p>\n\n\n\n<p>Aunque el recuerdo del Holocausto y la lucha contra el antisemitismo son los ejes de conmemoraci\u00f3n, el primer ministro israel\u00ed, Benjam\u00edn Netanyahu, ha aprovechado la cita al mantener reuniones bilaterales con los principales dirigentes, con quienes ha analizado la situaci\u00f3n en Oriente Pr\u00f3ximo, y en particular la creciente tensi\u00f3n con Ir\u00e1n. A poco m\u00e1s de un mes de que afronte sus terceras elecciones en menos de un a\u00f1o, el jefe de Gobierno recobra as\u00ed protagonismo p\u00fablico para relanzar su campa\u00f1a, ensombrecida por las acusaciones de corrupci\u00f3n presentadas contra \u00e9l por el fiscal general de Israel.<\/p>\n\n\n\n<p>La mayor\u00eda de los jefes de Estado y de Gobierno permanecer\u00e1n solo unas horas en Jerusal\u00e9n, sin mantener contactos con responsables de la Autoridad Palestina. Tan solo Macron y el pr\u00edncipe de Gales, que representa a la reina Isabel II, se entrevistan en Ramala con el presidente palestino, Mahmud Abbas.<\/p>\n\n\n\n<p>Quien no ha viajado a la Ciudad Santa es Andrzej Duda, presidente de Polonia, donde se sit\u00faan los restos de Auschwitz, quien declin\u00f3 la invitaci\u00f3n en protesta por haber sido denegada su petici\u00f3n de intervenir en el Museo del Holocausto. Solo los representantes de EE UU, Rusia, Reino Unido, Francia, Alemania e Israel pronunciar\u00e1n discursos. Duda \u2013que ha chocado con Putin con interpretaciones hist\u00f3ricas enfrentadas de la Segunda Guerra Mundial\u2013, ser\u00e1 en cambio el anfitri\u00f3n de la ceremonia que el pr\u00f3ximo 27 de enero \u2014D\u00eda Internacional de Conmemoraci\u00f3n en Memoria de las V\u00edctimas del Holocausto\u2014 se celebrar\u00e1 ante la llamada Puerta de La Muerte del campo de exterminio. El presidente de Lituania, Gitanas Nauseda, tambi\u00e9n ha cancelado su viaje a Jerusal\u00e9n en protesta por el creciente revisionismo hist\u00f3rico de Rusia.<\/p>\n\n\n\n<p><strong>Fuente:<\/strong> elpa\u00eds<\/p>\n","protected":false},"excerpt":{"rendered":"<p>En un gran c\u00f3nclave internacional de mandatarios, con escasos precedentes en Israel, el Quinto Foro Mundial del Holocausto, conmemorar\u00e1 este jueves en Jerusal\u00e9n el 75\u00ba aniversario de la liberaci\u00f3n del campo de exterminio de Auschwitz. Los actos, que se desarrollan en Yad Vashem, el Museo y Centro de la Memoria del Holocausto, rinden en esencia [&hellip;]<\/p>\n","protected":false},"author":2,"featured_media":76034,"comment_status":"open","ping_status":"open","sticky":false,"template":"","format":"standard","meta":{"footnotes":""},"categories":[58],"tags":[],"class_list":["post-76033","post","type-post","status-publish","format-standard","has-post-thumbnail","hentry","category-qtp"],"_links":{"self":[{"href":"http:\/\/elcuartopoder.com.mx\/nw\/wp-json\/wp\/v2\/posts\/76033","targetHints":{"allow":["GET"]}}],"collection":[{"href":"http:\/\/elcuartopoder.com.mx\/nw\/wp-json\/wp\/v2\/posts"}],"about":[{"href":"http:\/\/elcuartopoder.com.mx\/nw\/wp-json\/wp\/v2\/types\/post"}],"author":[{"embeddable":true,"href":"http:\/\/elcuartopoder.com.mx\/nw\/wp-json\/wp\/v2\/users\/2"}],"replies":[{"embeddable":true,"href":"http:\/\/elcuartopoder.com.mx\/nw\/wp-json\/wp\/v2\/comments?post=76033"}],"version-history":[{"count":1,"href":"http:\/\/elcuartopoder.com.mx\/nw\/wp-json\/wp\/v2\/posts\/76033\/revisions"}],"predecessor-version":[{"id":76035,"href":"http:\/\/elcuartopoder.com.mx\/nw\/wp-json\/wp\/v2\/posts\/76033\/revisions\/76035"}],"wp:featuredmedia":[{"embeddable":true,"href":"http:\/\/elcuartopoder.com.mx\/nw\/wp-json\/wp\/v2\/media\/76034"}],"wp:attachment":[{"href":"http:\/\/elcuartopoder.com.mx\/nw\/wp-json\/wp\/v2\/media?parent=76033"}],"wp:term":[{"taxonomy":"category","embeddable":true,"href":"http:\/\/elcuartopoder.com.mx\/nw\/wp-json\/wp\/v2\/categories?post=76033"},{"taxonomy":"post_tag","embeddable":true,"href":"http:\/\/elcuartopoder.com.mx\/nw\/wp-json\/wp\/v2\/tags?post=76033"}],"curies":[{"name":"wp","href":"https:\/\/api.w.org\/{rel}","templated":true}]}}