{"id":76038,"date":"2020-01-24T09:31:32","date_gmt":"2020-01-24T14:31:32","guid":{"rendered":"http:\/\/elcuartopoder.com.mx\/nw\/?p=76038"},"modified":"2020-01-24T09:31:34","modified_gmt":"2020-01-24T14:31:34","slug":"chicharito-en-los-angeles-es-el-principio-de-mi-retiro-y-quiero-que-sea-lo-mas-grande-posible","status":"publish","type":"post","link":"http:\/\/elcuartopoder.com.mx\/nw\/entretenimiento\/deportes\/chicharito-en-los-angeles-es-el-principio-de-mi-retiro-y-quiero-que-sea-lo-mas-grande-posible\/","title":{"rendered":"Chicharito en Los \u00c1ngeles: \u201cEs el principio de mi retiro y quiero que sea lo m\u00e1s grande posible\u201d"},"content":{"rendered":"\n<p>Javier Chicharito Hern\u00e1ndez, el m\u00e1ximo goleador de la historia de la selecci\u00f3n de f\u00fatbol de M\u00e9xico, fue presentado este jueves como nuevo delantero del LA Galaxy, en Los \u00c1ngeles, California. La zona vip del estadio donde juega el Galaxy no hab\u00eda visto nada parecido desde la llegada de David Beckham, el hombre que meti\u00f3 en la cabeza al f\u00fatbol mundial que quiz\u00e1 no se estaba tan mal jugando en Estados Unidos. Chicharito es la \u00faltima estrella en seguir el ejemplo. Lo hace dejando el Sevilla a mitad de temporada y probablemente, diciendo adi\u00f3s para siempre a las ligas europeas despu\u00e9s de 10 a\u00f1os entre el Reino Unido y Espa\u00f1a.<\/p>\n\n\n\n<p>Hern\u00e1ndez tiene 31 a\u00f1os y es uno de los jugadores m\u00e1s queridos de M\u00e9xico. Ha firmado por tres a\u00f1os con opci\u00f3n a uno m\u00e1s para jugar en la ciudad con m\u00e1s mexicanos fuera de la capital del pa\u00eds. En la liga MLS se medir\u00e1 con Carlos Vela, el delantero mexicano que ha roto el r\u00e9cord goleador de la liga con el Los Angeles Football Club y ha generado una emoci\u00f3n nueva alrededor del f\u00fatbol en la ciudad californiana. Preguntado por las sensaciones que le produce iniciar una nueva temporada en un ambiente tan mexicano, respondi\u00f3: \u201cQu\u00e9 ching\u00f3n\u201d.<\/p>\n\n\n\n<p>La presentaci\u00f3n se produc\u00eda en un contexto extra\u00f1o, creado por el propio jugador. En una entrada de su videoblog publicada esta semana, se ve\u00eda a Hern\u00e1ndez sentado en su sof\u00e1, visiblemente emocionado, mientras llamaba por tel\u00e9fono a su padre para darle la noticia de que dejaba Sevilla por Los \u00c1ngeles. \u201cEs el principio de empezar a retirarme\u201d, le dec\u00eda Hern\u00e1ndez a su padre. \u201cLe estamos diciendo adi\u00f3s a una carrera por la que trabajamos mucho\u201d, contin\u00faa, \u201cle vamos a ver el lado positivo y va a ser incre\u00edble, pero quieran o no, nos estamos retirando ya del sue\u00f1o europeo\u201d. Su padre le da \u00e1nimos. \u00c9l le dice que no echa de menos Europa, que es la sensaci\u00f3n de decir adi\u00f3s la que le provoca las l\u00e1grimas. \u201cEste es otro sue\u00f1o, es distinto, estaremos m\u00e1s cerca, les voy a ver m\u00e1s\u201d.<\/p>\n\n\n\n<p>Cuando los periodistas les preguntaban a jugadores como Steven Gerrard o Zlatan Ibrahimovic si hab\u00edan venido a la MLS a retirarse y a pasar el d\u00eda en la playa se lo tomaban muy mal. Sol\u00edan trasladar la idea de que les hab\u00eda sorprendido mucho el nivel de la liga norteamericana y que se sent\u00edan en muy buen momento para nuevos retos. En ese sentido, la rueda de prensa de Chicharito tuvo cierta carga de honestidad.<\/p>\n\n\n\n<p>Consciente de que toda la prensa ten\u00eda la palabra \u201cretiro\u201d en la cabeza y de la carga negativa que la esa palabra tiene aplicada a la MLS, Hern\u00e1ndez enfrent\u00f3 la cuesti\u00f3n inmediatamente. En pocas frases, el mexicano dio la exacta medida de lo que debe de sentir una estrella de f\u00fatbol de 31 a\u00f1os en buen estado de forma que toma la decisi\u00f3n de renunciar, con toda probabilidad para siempre, a jugar en las ligas europeas. Al mismo tiempo, prometi\u00f3 ilusi\u00f3n y esfuerzo a la afici\u00f3n.<\/p>\n\n\n\n<p>\u201cEn mi pa\u00eds estamos obsesionados con drama y el exceso\u201d, dijo Hern\u00e1ndez a la primera pregunta sobre el tema. \u201cSe quieren creer que me retiro. No escuchan lo que digo de verdad (en el videoblog). Es el principio de mi retiro, ya veremos cu\u00e1nto dura. Igual me retiro a los 40 a\u00f1os jugando en Australia. Creo que a veces la gente no escucha. \u00bfEs el principio de mi retiro? S\u00ed. Pero quiero crear un retiro lo m\u00e1s grande que pueda\u201d.<\/p>\n\n\n\n<p>Hern\u00e1ndez record\u00f3 que ha jugado muchas veces en Los \u00c1ngeles con la selecci\u00f3n mexicana. En especial, se acordaba de un partido contra el Barcelona de Ronaldinho en el Rose Bowl de Pasadena cuando \u00e9l ten\u00eda 16 a\u00f1os. Agradeci\u00f3 el trato recibido y el esfuerzo que hab\u00eda hecho el club para traerlo. Dijo que en este momento de la temporada no ten\u00eda ninguna opci\u00f3n m\u00e1s si sal\u00eda de Sevilla.<\/p>\n\n\n\n<p>Dennis Te Kloese, m\u00e1nager general del Galaxy, dio las gracias a los directivos del Sevilla por haber dejado marchar a Hern\u00e1ndez en el mercado de invierno. Y reconoci\u00f3 que la idea de traer al delantero mexicano m\u00e1s conocido del mundo a\u00f1ade un morbo especial a una rivalidad que en solo dos a\u00f1os se ha vuelto muy intensa con sus vecinos del LAFC, en una ciudad donde es el p\u00fablico mexicano el que llena los estadios. \u201cNo ha empezado la pretemporada y la gente ya est\u00e1 preguntando por el derby\u201d, dec\u00eda Te Kloese.<\/p>\n\n\n\n<p><strong>Fuente:<\/strong> elpa\u00eds<\/p>\n","protected":false},"excerpt":{"rendered":"<p>Javier Chicharito Hern\u00e1ndez, el m\u00e1ximo goleador de la historia de la selecci\u00f3n de f\u00fatbol de M\u00e9xico, fue presentado este jueves como nuevo delantero del LA Galaxy, en Los \u00c1ngeles, California. La zona vip del estadio donde juega el Galaxy no hab\u00eda visto nada parecido desde la llegada de David Beckham, el hombre que meti\u00f3 en [&hellip;]<\/p>\n","protected":false},"author":2,"featured_media":76039,"comment_status":"open","ping_status":"open","sticky":false,"template":"","format":"standard","meta":{"footnotes":""},"categories":[7],"tags":[],"class_list":["post-76038","post","type-post","status-publish","format-standard","has-post-thumbnail","hentry","category-deportes"],"_links":{"self":[{"href":"http:\/\/elcuartopoder.com.mx\/nw\/wp-json\/wp\/v2\/posts\/76038","targetHints":{"allow":["GET"]}}],"collection":[{"href":"http:\/\/elcuartopoder.com.mx\/nw\/wp-json\/wp\/v2\/posts"}],"about":[{"href":"http:\/\/elcuartopoder.com.mx\/nw\/wp-json\/wp\/v2\/types\/post"}],"author":[{"embeddable":true,"href":"http:\/\/elcuartopoder.com.mx\/nw\/wp-json\/wp\/v2\/users\/2"}],"replies":[{"embeddable":true,"href":"http:\/\/elcuartopoder.com.mx\/nw\/wp-json\/wp\/v2\/comments?post=76038"}],"version-history":[{"count":1,"href":"http:\/\/elcuartopoder.com.mx\/nw\/wp-json\/wp\/v2\/posts\/76038\/revisions"}],"predecessor-version":[{"id":76040,"href":"http:\/\/elcuartopoder.com.mx\/nw\/wp-json\/wp\/v2\/posts\/76038\/revisions\/76040"}],"wp:featuredmedia":[{"embeddable":true,"href":"http:\/\/elcuartopoder.com.mx\/nw\/wp-json\/wp\/v2\/media\/76039"}],"wp:attachment":[{"href":"http:\/\/elcuartopoder.com.mx\/nw\/wp-json\/wp\/v2\/media?parent=76038"}],"wp:term":[{"taxonomy":"category","embeddable":true,"href":"http:\/\/elcuartopoder.com.mx\/nw\/wp-json\/wp\/v2\/categories?post=76038"},{"taxonomy":"post_tag","embeddable":true,"href":"http:\/\/elcuartopoder.com.mx\/nw\/wp-json\/wp\/v2\/tags?post=76038"}],"curies":[{"name":"wp","href":"https:\/\/api.w.org\/{rel}","templated":true}]}}