{"id":76070,"date":"2020-01-25T11:44:49","date_gmt":"2020-01-25T16:44:49","guid":{"rendered":"http:\/\/elcuartopoder.com.mx\/nw\/?p=76070"},"modified":"2020-01-25T11:44:52","modified_gmt":"2020-01-25T16:44:52","slug":"becas-del-programa-jovenes-construyendo-el-futuro-tendran-aumento","status":"publish","type":"post","link":"http:\/\/elcuartopoder.com.mx\/nw\/nacionales\/becas-del-programa-jovenes-construyendo-el-futuro-tendran-aumento\/","title":{"rendered":"Becas del programa J\u00f3venes construyendo el futuro tendr\u00e1n aumento"},"content":{"rendered":"\n<p>COAHUILA.- &nbsp;El presidente&nbsp;<strong>Andr\u00e9s Manuel L\u00f3pez Obrador<\/strong>&nbsp;afirm\u00f3 que la matr\u00edcula de estudiantes a nivel superior creci\u00f3 20 por ciento con respecto al \u00faltimo ciclo escolar en parte -dijo-, gracias a las becas que da su administraci\u00f3n.<\/p>\n\n\n\n<p>Anunci\u00f3 que, conforme a la alza salarial, las personas beneficiarias del programa&nbsp;<strong>J\u00f3venes Construyendo el Futuro<\/strong>&nbsp;tambi\u00e9n tendr\u00e1n un aumento.<\/p>\n\n\n\n<p>Es decir, de los&nbsp;<strong>tres mil 600 pesos ahora ser\u00e1n tres mil 748<\/strong>&nbsp;lo que ganar\u00e1n; los j\u00f3venes en el evento ofrecieron un atronador aplauso tras el anuncio.<\/p>\n\n\n\n<p>El mandatario mexicano subray\u00f3 que el aumento de la matr\u00edcula en el nivel superior, pues en dicho nivel hab\u00eda un alto porcentaje de deserci\u00f3n; lo anterior durante su visita a la planta metal\u00fargica Aleazin de Industrias Pe\u00f1oles, donde dijo que como nunca antes se dan becas para que los j\u00f3venes no abandonen sus estudios.<\/p>\n\n\n\n<p>L\u00f3pez Obrador se\u00f1al\u00f3 que en nivel superior su gobierno ha otorgado 300 mil becas de dos mil 400 pesos mensuales a estudiantes provenientes de familias de escasos recursos.<\/p>\n\n\n\n<h4 class=\"wp-block-heading\">Hay 4 millones de estudiantes con becas en M\u00e9xico<\/h4>\n\n\n\n<p>Detall\u00f3 que hoy en d\u00eda los apoyos educativos llegan a cuatro millones de j\u00f3venes en todos los niveles educativos, y enfatiz\u00f3 que este plan busca que esta poblaci\u00f3n tenga&nbsp;<strong>opciones educativas y labores<\/strong>, pero ante todo que no sean objetivo de las bandas delincuenciales.<\/p>\n\n\n\n<p>\u201c(Estamos) evitando que los j\u00f3venes sean enganchados y se vayan por el camino de las conductas antisociales, queremos que todos los j\u00f3venes de Mexico tengan opciones, garantizado el estudio\u201d, expuso.<\/p>\n\n\n\n<p>\u201cDecidimos llevar este programa para atender a los j\u00f3venes, no darles la espalda porque es un asunto de justicia y humanismo\u201d, coment\u00f3 el jefe del Ejecutivo Federal.<\/p>\n\n\n\n<p><strong>Fuente:<\/strong> SIPSE<\/p>\n","protected":false},"excerpt":{"rendered":"<p>COAHUILA.- &nbsp;El presidente&nbsp;Andr\u00e9s Manuel L\u00f3pez Obrador&nbsp;afirm\u00f3 que la matr\u00edcula de estudiantes a nivel superior creci\u00f3 20 por ciento con respecto al \u00faltimo ciclo escolar en parte -dijo-, gracias a las becas que da su administraci\u00f3n. Anunci\u00f3 que, conforme a la alza salarial, las personas beneficiarias del programa&nbsp;J\u00f3venes Construyendo el Futuro&nbsp;tambi\u00e9n tendr\u00e1n un aumento. Es decir, [&hellip;]<\/p>\n","protected":false},"author":2,"featured_media":76071,"comment_status":"open","ping_status":"open","sticky":false,"template":"","format":"standard","meta":{"footnotes":""},"categories":[55],"tags":[],"class_list":["post-76070","post","type-post","status-publish","format-standard","has-post-thumbnail","hentry","category-nacionales"],"_links":{"self":[{"href":"http:\/\/elcuartopoder.com.mx\/nw\/wp-json\/wp\/v2\/posts\/76070","targetHints":{"allow":["GET"]}}],"collection":[{"href":"http:\/\/elcuartopoder.com.mx\/nw\/wp-json\/wp\/v2\/posts"}],"about":[{"href":"http:\/\/elcuartopoder.com.mx\/nw\/wp-json\/wp\/v2\/types\/post"}],"author":[{"embeddable":true,"href":"http:\/\/elcuartopoder.com.mx\/nw\/wp-json\/wp\/v2\/users\/2"}],"replies":[{"embeddable":true,"href":"http:\/\/elcuartopoder.com.mx\/nw\/wp-json\/wp\/v2\/comments?post=76070"}],"version-history":[{"count":1,"href":"http:\/\/elcuartopoder.com.mx\/nw\/wp-json\/wp\/v2\/posts\/76070\/revisions"}],"predecessor-version":[{"id":76072,"href":"http:\/\/elcuartopoder.com.mx\/nw\/wp-json\/wp\/v2\/posts\/76070\/revisions\/76072"}],"wp:featuredmedia":[{"embeddable":true,"href":"http:\/\/elcuartopoder.com.mx\/nw\/wp-json\/wp\/v2\/media\/76071"}],"wp:attachment":[{"href":"http:\/\/elcuartopoder.com.mx\/nw\/wp-json\/wp\/v2\/media?parent=76070"}],"wp:term":[{"taxonomy":"category","embeddable":true,"href":"http:\/\/elcuartopoder.com.mx\/nw\/wp-json\/wp\/v2\/categories?post=76070"},{"taxonomy":"post_tag","embeddable":true,"href":"http:\/\/elcuartopoder.com.mx\/nw\/wp-json\/wp\/v2\/tags?post=76070"}],"curies":[{"name":"wp","href":"https:\/\/api.w.org\/{rel}","templated":true}]}}