{"id":76204,"date":"2020-01-28T16:39:44","date_gmt":"2020-01-28T21:39:44","guid":{"rendered":"http:\/\/elcuartopoder.com.mx\/nw\/?p=76204"},"modified":"2020-01-28T16:39:47","modified_gmt":"2020-01-28T21:39:47","slug":"sin-reporte-de-danos-en-quintana-roo-por-sismo-de-7-3-grados-frente-a-las-costas-de-cuba-y-jamaica","status":"publish","type":"post","link":"http:\/\/elcuartopoder.com.mx\/nw\/destacadas\/sin-reporte-de-danos-en-quintana-roo-por-sismo-de-7-3-grados-frente-a-las-costas-de-cuba-y-jamaica\/","title":{"rendered":"Sin reporte de da\u00f1os en Quintana Roo por sismo de 7.3 grados frente a las costas de Cuba y Jamaica"},"content":{"rendered":"\n<p><strong>*Temblor de 7.3 frente a las costas de Cuba y Jamaica<br>*Vibraciones se sienten en Quintana ROo<br>*Se activan protocolos de protecci\u00f3n Civil en Quintana ROo. No hay reporte de da\u00f1os materiales<\/strong><\/p>\n\n\n\n<p>Canc\u00fan, Q. Roo.- En Isla Mujeres, Canc\u00fan, Puerto Morelos y Playa del Carmen, principalmente, se sintieron esta tarde las vibraciones por el temblor de 7.5 grados con epicentro frente a las costas de Cuba y Jamaica.<\/p>\n\n\n\n<p>Aunque leve, hubo reportes de percepci\u00f3n del temblor en Quintana ROo, inform\u00f3 la Coordinaci\u00f3n estatal de Protecci\u00f3n Civil, que a trav\u00e9s de sus cuentas de facebook y twitter asever\u00f3 que no hubo da\u00f1os por las vibraciones s\u00edsmicas.<\/p>\n\n\n\n<p>A trav\u00e9s de un video mensaje, el director de la COEPROC, Adri\u00e1n MART\u00cdNEZ, se\u00f1al\u00f3 que aunque el temblor ocurri\u00f3 lejos de las costas de nuestro estado, s\u00ed se sinti\u00f3 en algunas zonas, sobre todo en zonas bajas y costera.<\/p>\n\n\n\n<p>\u201cHasta el momento no tenemos reporte de da\u00f1os de ning\u00fan tipo en infraestructura en Quintana ROo\u201d, sin embargo se activaron los protocolos de protecci\u00f3n civil, y los Ayuntamientos hacen verificaci\u00f3n de da\u00f1os pero hasta el momento no se tienen ning\u00fan reporte de da\u00f1os.<\/p>\n\n\n\n<p>Habitantes de municipios del sur de QROo, como IM, Canc\u00fan, Puerto Morelos y Plata, reportaron en redes sociales y por Watshapp que sintieron el temblor fuerte, muy leve o nada, y como siempre comenzaron las bromas que siempre se hace cuando tiembla, aunque en Canc\u00fan no es frecuente que la tierra se mueva debido al tipo de suelo y el subsuelo acuoso.<\/p>\n\n\n\n<p><strong>Fuente:<\/strong> marcrixnoticias<\/p>\n","protected":false},"excerpt":{"rendered":"<p>*Temblor de 7.3 frente a las costas de Cuba y Jamaica*Vibraciones se sienten en Quintana ROo*Se activan protocolos de protecci\u00f3n Civil en Quintana ROo. No hay reporte de da\u00f1os materiales Canc\u00fan, Q. Roo.- En Isla Mujeres, Canc\u00fan, Puerto Morelos y Playa del Carmen, principalmente, se sintieron esta tarde las vibraciones por el temblor de 7.5 [&hellip;]<\/p>\n","protected":false},"author":2,"featured_media":76205,"comment_status":"open","ping_status":"open","sticky":false,"template":"","format":"standard","meta":{"footnotes":""},"categories":[59,60],"tags":[],"class_list":["post-76204","post","type-post","status-publish","format-standard","has-post-thumbnail","hentry","category-destacadas","category-estatales"],"_links":{"self":[{"href":"http:\/\/elcuartopoder.com.mx\/nw\/wp-json\/wp\/v2\/posts\/76204","targetHints":{"allow":["GET"]}}],"collection":[{"href":"http:\/\/elcuartopoder.com.mx\/nw\/wp-json\/wp\/v2\/posts"}],"about":[{"href":"http:\/\/elcuartopoder.com.mx\/nw\/wp-json\/wp\/v2\/types\/post"}],"author":[{"embeddable":true,"href":"http:\/\/elcuartopoder.com.mx\/nw\/wp-json\/wp\/v2\/users\/2"}],"replies":[{"embeddable":true,"href":"http:\/\/elcuartopoder.com.mx\/nw\/wp-json\/wp\/v2\/comments?post=76204"}],"version-history":[{"count":1,"href":"http:\/\/elcuartopoder.com.mx\/nw\/wp-json\/wp\/v2\/posts\/76204\/revisions"}],"predecessor-version":[{"id":76206,"href":"http:\/\/elcuartopoder.com.mx\/nw\/wp-json\/wp\/v2\/posts\/76204\/revisions\/76206"}],"wp:featuredmedia":[{"embeddable":true,"href":"http:\/\/elcuartopoder.com.mx\/nw\/wp-json\/wp\/v2\/media\/76205"}],"wp:attachment":[{"href":"http:\/\/elcuartopoder.com.mx\/nw\/wp-json\/wp\/v2\/media?parent=76204"}],"wp:term":[{"taxonomy":"category","embeddable":true,"href":"http:\/\/elcuartopoder.com.mx\/nw\/wp-json\/wp\/v2\/categories?post=76204"},{"taxonomy":"post_tag","embeddable":true,"href":"http:\/\/elcuartopoder.com.mx\/nw\/wp-json\/wp\/v2\/tags?post=76204"}],"curies":[{"name":"wp","href":"https:\/\/api.w.org\/{rel}","templated":true}]}}